{"id":507267,"date":"2025-11-02T18:40:16","date_gmt":"2025-11-02T18:40:16","guid":{"rendered":"https:\/\/www.europesays.com\/fr\/507267\/"},"modified":"2025-11-02T18:40:16","modified_gmt":"2025-11-02T18:40:16","slug":"ligue-1-defense-aux-abois-strasbourgeois-ratiboises-les-notes-de-rennes","status":"publish","type":"post","link":"https:\/\/www.europesays.com\/fr\/507267\/","title":{"rendered":"Ligue 1. D\u00e9fense aux abois, Strasbourgeois ratibois\u00e9s\u00a0: les notes de Rennes"},"content":{"rendered":"<p>Le Racing voulait capitaliser au Roazhon Park sur <a href=\"https:\/\/www.dna.fr\/sport\/2025\/10\/29\/le-mercredi-tout-est-permis\" target=\"_blank\" rel=\"noopener\">la victoire acquise sans heurt ni douleur en milieu de semaine contre Auxerre (3-0)<\/a> ?<\/p>\n<p>Il a au contraire pris une vol\u00e9e de bois vert, la plus grosse correction depuis que BlueCo  a pris le contr\u00f4le du club \u00e0 l\u2019\u00e9t\u00e9 2023.<\/p>\n<p>Entre une d\u00e9fense en carton-p\u00e2te, un milieu \u00e9touff\u00e9 et une attaque mal inspir\u00e9e, rien n\u2019a fonctionn\u00e9. C\u2019est presque trop gros pour \u00eatre vrai.<\/p>\n<p>Penders 3<\/p>\n<p>Le jeune international belge ne pensait pas venir de Chelsea pour se faire trouer de la sorte.<\/p>\n<p>Abandonn\u00e9 par sa d\u00e9fense, il est battu \u00e0 bout portant par Lepaul (9e ) puis Me\u00eft\u00e9 (35e ) en premi\u00e8re p\u00e9riode, avant de voir l\u2019auteur de l\u2019ouverture du score signer un tripl\u00e9 au retour des vestiaires (48e , 60e ).<\/p>\n<p>\u00c0 chaque fois livr\u00e9 \u00e0 lui-m\u00eame, il est juste parvenu \u00e0 sortir de sa lucarne une t\u00eate de l\u2019intenable h\u00e9ros rennais (37e ). On doute qu\u2019il s\u2019en satisfasse.<\/p>\n<p>Do&#8230;                        <\/p>\n","protected":false},"excerpt":{"rendered":"Le Racing voulait capitaliser au Roazhon Park sur la victoire acquise sans heurt ni douleur en milieu de&hellip;\n","protected":false},"author":2,"featured_media":507268,"comment_status":"","ping_status":"","sticky":false,"template":"","format":"standard","meta":{"footnotes":""},"categories":[2821],"tags":[1111,11,829,2880,1777,674,107,63,1011,27,12,41281,584,25,517,640,2879],"class_list":{"0":"post-507267","1":"post","2":"type-post","3":"status-publish","4":"format-standard","5":"has-post-thumbnail","7":"category-rennes","8":"tag-actu","9":"tag-actualites","10":"tag-bretagne","11":"tag-edition-strasbourg","12":"tag-eu","13":"tag-europe","14":"tag-fil-info","15":"tag-football","16":"tag-fr","17":"tag-france","18":"tag-news","19":"tag-racing-club-strasbourg-masculin","20":"tag-rennes","21":"tag-republique-francaise","22":"tag-sport","23":"tag-strasbourg","24":"tag-strasbourg-ville"},"share_on_mastodon":{"url":"https:\/\/pubeurope.com\/@fr\/115481570651645571","error":""},"_links":{"self":[{"href":"https:\/\/www.europesays.com\/fr\/wp-json\/wp\/v2\/posts\/507267","targetHints":{"allow":["GET"]}}],"collection":[{"href":"https:\/\/www.europesays.com\/fr\/wp-json\/wp\/v2\/posts"}],"about":[{"href":"https:\/\/www.europesays.com\/fr\/wp-json\/wp\/v2\/types\/post"}],"author":[{"embeddable":true,"href":"https:\/\/www.europesays.com\/fr\/wp-json\/wp\/v2\/users\/2"}],"replies":[{"embeddable":true,"href":"https:\/\/www.europesays.com\/fr\/wp-json\/wp\/v2\/comments?post=507267"}],"version-history":[{"count":0,"href":"https:\/\/www.europesays.com\/fr\/wp-json\/wp\/v2\/posts\/507267\/revisions"}],"wp:featuredmedia":[{"embeddable":true,"href":"https:\/\/www.europesays.com\/fr\/wp-json\/wp\/v2\/media\/507268"}],"wp:attachment":[{"href":"https:\/\/www.europesays.com\/fr\/wp-json\/wp\/v2\/media?parent=507267"}],"wp:term":[{"taxonomy":"category","embeddable":true,"href":"https:\/\/www.europesays.com\/fr\/wp-json\/wp\/v2\/categories?post=507267"},{"taxonomy":"post_tag","embeddable":true,"href":"https:\/\/www.europesays.com\/fr\/wp-json\/wp\/v2\/tags?post=507267"}],"curies":[{"name":"wp","href":"https:\/\/api.w.org\/{rel}","templated":true}]}}