{"id":507269,"date":"2025-11-02T18:41:18","date_gmt":"2025-11-02T18:41:18","guid":{"rendered":"https:\/\/www.europesays.com\/fr\/507269\/"},"modified":"2025-11-02T18:41:18","modified_gmt":"2025-11-02T18:41:18","slug":"strasbourg-la-40e-edition-de-jazzdor-un-festival-toujours-sur-la-crete","status":"publish","type":"post","link":"https:\/\/www.europesays.com\/fr\/507269\/","title":{"rendered":"Strasbourg. La 40e \u00e9dition de\u00a0Jazzdor, un festival toujours sur la\u00a0cr\u00eate"},"content":{"rendered":"<p>Une bi\u00e8re Bendorf sp\u00e9cialement brass\u00e9e pour trinquer aux 40\u00a0ans de Jazzdor, un tote bag, une bo\u00eete de pastilles \u00e0 la r\u00e9sine des Vosges\u2026 Les produits d\u00e9riv\u00e9s \u00e0 l\u2019enseigne de la Sc\u00e8ne de musiques actuelles jazz (SMAC) de Strasbourg s\u2019invitent dans notre quotidien.<\/p>\n<p>  120 artistes pour 29\u00a0concerts<\/p>\n<p>Derni\u00e8re programmation con\u00e7ue par <a href=\"https:\/\/www.dna.fr\/culture-loisirs\/2025\/06\/01\/philippe-ochem-l-esprit-de-jazzdor-en-images-et-musiques\" target=\"_blank\" rel=\"nofollow noopener\">Philippe Ochem<\/a> , cette 40e  \u00e9dition est d\u00e9fendue par <a href=\"https:\/\/www.dna.fr\/culture-loisirs\/2025\/06\/07\/vincent-bessieres-renforcer-l-attractivite-de-jazzdor\" target=\"_blank\" rel=\"nofollow noopener\">le nouveau patron de Jazzdor, Vincent Bessi\u00e8res<\/a>. Quand pour certains festivals, on peut s\u2019interroger sur la place de plus en grande laiss\u00e9e \u00e0 la pop voire \u00e0 la vari\u00e9t\u00e9, Jazzdor demeure sur la cr\u00eate d\u2019un jazz \u00e9voluant avec son temps. Si le mot semble tellement galvaud\u00e9, il reste ici plein de sens entre h\u00e9ritages et cr\u00e9ations d\u2019aujourd\u2019hui.<\/p>\n<p>Avec 120 artistes issus de 23 pays, pour 29 concerts, Jazzdor se veut plus que jamais un festival foisonnant essaimant dans l\u2019Eurom\u00e9tropole de Strasbourg jusqu\u2019\u00e0 Offenbourg. Impossible d\u2019\u00eatre exhaustif mais tra\u00e7ons quelques pistes afin de susciter d\u00e9sirs et envies.<\/p>\n<p>En ouverture festivali\u00e8re\u00a0: le trio panam\u00e9o-am\u00e9ricain de Danilo Perez, adoub\u00e9 tr\u00e8s jeune par Dizzy Gillespie, John Patitucci et Adam Cruz. Suivi, le lendemain par le saxophoniste am\u00e9ricain David Murray qui revient \u00e0 Strasbourg avec un quartet in\u00e9dit.<\/p>\n<p>On retrouve aussi un familier de Jazzdor, le contrebassiste Henri Texier (80 ans) avec son nouveau quintet Blue Roots \u00e0 la MAC de Bischwiller. Sous le signe des \u00c9gar\u00e9s\u00a0: de grands solistes qu\u2019on adore\u00a0! Le joueur de kora malien Ballak\u00e9 Sissoko, le violoncelliste Vincent Segal, le saxophoniste \u00c9mile Parisien et l\u2019accord\u00e9oniste Vincent Peirani c\u00e9l\u00e8brent  Sou Kora \u00ab\u00a0la nuit qui tombe\u00a0\u00bb, en bambara.<\/p>\n<p>En cl\u00f4ture, l\u2019immense pianiste cubain Omar Sosa propose un croisement musical et culturel audacieux avec la chanteuse alg\u00e9rienne Souad Asla, h\u00e9riti\u00e8re de la tradition des Gnawas. Percussions de la Cara\u00efbe et d\u2019Afrique du nord s\u2019entrem\u00ealent au sein du projet in\u00e9dit,  Sahravane.  \u00ab\u00a0Dans ce monde o\u00f9 les cultures sont dress\u00e9es les unes contre les autres, Sahravane est un bel exemple de collaborations spectaculaires et chaleureuses\u00a0\u00bb, souligne Vincent Bessi\u00e8res.<\/p>\n<p>  Des artistes femmes remarquables<\/p>\n<p>La parit\u00e9 est presque atteinte dans le nombre programm\u00e9 de groupes men\u00e9s par une femme. \u00c0 ne pas rater le concert de <a href=\"https:\/\/www.dna.fr\/culture-loisirs\/2024\/11\/16\/sylvaine-helary-de-jazzdor-a-l-onj\" target=\"_blank\" rel=\"nofollow noopener\">l\u2019Orchestre national de jazz dirig\u00e9 par Sylvaine H\u00e9lary<\/a> qui rend un hommage joyeux, g\u00e9n\u00e9reux \u00e0 la compositrice exceptionnelle am\u00e9ricaine, la regrett\u00e9e Carla Bley.<\/p>\n<p>\u00c0 d\u00e9couvrir, le trio de la pianiste canadienne Kris Davis \u2013 une complice de Sylvaine H\u00e9lary. La voix inimitable de la chanteuse Norma Winstone fait \u00e9cho au piano de Kit Downes. La trompettiste et compositrice fran\u00e7aise Airelle Besson embarque son trio \u00e0 la Reithalle d\u2019Offenbourg. Quand la saxophoniste Alexandra Grimal d\u00e9roule en trio, sa Fly Line, sous les \u00e9toiles du Plan\u00e9tarium du Jardin des Sciences.<\/p>\n<p>  Des projets europ\u00e9ens<\/p>\n<p>Apr\u00e8s <a href=\"https:\/\/www.dna.fr\/culture-loisirs\/2025\/06\/08\/de-jazzdor-berlin-au-prochain-festival-a-strasbourg\" target=\"_blank\" rel=\"nofollow noopener\"> Berlin, l\u2019\u00e9dition strasbourgeoise<\/a> redonne un coup de projecteur aux collaborations franco-polonaises co-construites avec la plateforme polonaise ITL. Dont la conversation chaleureuse entre le pianiste Dominik Wania et le saxophoniste Christophe Monniot.<\/p>\n<p>Un coup de c\u0153ur\u00a0: le projet de Pascal Niggenkemper issu d\u2019une r\u00e9sidence franco-allemande de territoire sur l\u2019Eurodistrict Strasbourg-Ortenau port\u00e9 par la SMAC en\u00a02024 et\u00a02025. Au c\u00f4t\u00e9 du contrebassiste, les formidables Gerald Cleaver \u00e0 la batterie et voix, Sakina Abdou au saxophone et Liz Kosack aux claviers au visage masqu\u00e9. Autant d\u2019artistes \u00e9tonnants par leur diversit\u00e9 de tons, de formes et de remises en jeu permanente de la musique.<\/p>\n<p class=\"note\">Du 7 au 21\u00a0novembre \u00e0 Strasbourg et environs. Tout le programme sur jazzdor.com\u00a0; tarifs de 6 \u00e0 30\u00a0\u20ac. Exposition Jazzdorama, collaboration entre Jazzdor et l\u2019atelier de graphisme Helmo \u00e0 voir jusqu\u2019au 23\/11 \u00e0 la Chaufferie, galerie de la Hear \u00e0 Strasbourg. Sur notre site, le teaser et d\u2019autres images d\u2019artistes.<\/p>\n","protected":false},"excerpt":{"rendered":"Une bi\u00e8re Bendorf sp\u00e9cialement brass\u00e9e pour trinquer aux 40\u00a0ans de Jazzdor, un tote bag, une bo\u00eete de pastilles&hellip;\n","protected":false},"author":2,"featured_media":507270,"comment_status":"","ping_status":"","sticky":false,"template":"","format":"standard","meta":{"footnotes":""},"categories":[2820],"tags":[1111,11,2389,1687,2880,1777,674,107,1011,27,775,873,12,25,640,2879],"class_list":{"0":"post-507269","1":"post","2":"type-post","3":"status-publish","4":"format-standard","5":"has-post-thumbnail","7":"category-strasbourg","8":"tag-actu","9":"tag-actualites","10":"tag-alsace","11":"tag-culture-loisirs","12":"tag-edition-strasbourg","13":"tag-eu","14":"tag-europe","15":"tag-fil-info","16":"tag-fr","17":"tag-france","18":"tag-grand-est","19":"tag-musique","20":"tag-news","21":"tag-republique-francaise","22":"tag-strasbourg","23":"tag-strasbourg-ville"},"share_on_mastodon":{"url":"https:\/\/pubeurope.com\/@fr\/115481574430606139","error":""},"_links":{"self":[{"href":"https:\/\/www.europesays.com\/fr\/wp-json\/wp\/v2\/posts\/507269","targetHints":{"allow":["GET"]}}],"collection":[{"href":"https:\/\/www.europesays.com\/fr\/wp-json\/wp\/v2\/posts"}],"about":[{"href":"https:\/\/www.europesays.com\/fr\/wp-json\/wp\/v2\/types\/post"}],"author":[{"embeddable":true,"href":"https:\/\/www.europesays.com\/fr\/wp-json\/wp\/v2\/users\/2"}],"replies":[{"embeddable":true,"href":"https:\/\/www.europesays.com\/fr\/wp-json\/wp\/v2\/comments?post=507269"}],"version-history":[{"count":0,"href":"https:\/\/www.europesays.com\/fr\/wp-json\/wp\/v2\/posts\/507269\/revisions"}],"wp:featuredmedia":[{"embeddable":true,"href":"https:\/\/www.europesays.com\/fr\/wp-json\/wp\/v2\/media\/507270"}],"wp:attachment":[{"href":"https:\/\/www.europesays.com\/fr\/wp-json\/wp\/v2\/media?parent=507269"}],"wp:term":[{"taxonomy":"category","embeddable":true,"href":"https:\/\/www.europesays.com\/fr\/wp-json\/wp\/v2\/categories?post=507269"},{"taxonomy":"post_tag","embeddable":true,"href":"https:\/\/www.europesays.com\/fr\/wp-json\/wp\/v2\/tags?post=507269"}],"curies":[{"name":"wp","href":"https:\/\/api.w.org\/{rel}","templated":true}]}}