{"id":507277,"date":"2025-11-02T18:45:48","date_gmt":"2025-11-02T18:45:48","guid":{"rendered":"https:\/\/www.europesays.com\/fr\/507277\/"},"modified":"2025-11-02T18:45:48","modified_gmt":"2025-11-02T18:45:48","slug":"un-jeune-homme-gravement-blesse-dans-un-nouvel-accident-de-la-route-en-loire-atlantique-ce-samedi-2","status":"publish","type":"post","link":"https:\/\/www.europesays.com\/fr\/507277\/","title":{"rendered":"Un jeune homme gravement bless\u00e9 dans un nouvel accident de la route en Loire-Atlantique ce samedi"},"content":{"rendered":"<p>Un nouvel accident grave est survenu sur les routes de Loire-Atlantique, ce samedi soir.<\/p>\n<p>Un jeune homme a \u00e9t\u00e9 gri\u00e8vement bless\u00e9 dans une sortie de route, \u00e0 Guenrou\u00ebt, au nord de la Loire-Atlantique.<\/p>\n<p>Rue du Moulin de la justice, \u00e0 19h30, la voiture \u00e0 bord de laquelle il se trouvait a \u00e9t\u00e9 retrouv\u00e9e \u00a0sur le toit, dans un foss\u00e9\u00a0, selon le Service d\u00e9partemental d\u2019incendie et de secours de Loire-Atlantique (SDIS 44).<\/p>\n<p>Transport\u00e9 au CHU de Nantes<\/p>\n<p>Le jeune homme a \u00e9t\u00e9 pris en charge par le SMUR de Redon (Ille-et-Vilaine) et transport\u00e9 aux urgences du CHU de Nantes. Il est \u00e2g\u00e9 de 21\u00a0ans, pr\u00e9cise la m\u00eame source.<\/p>\n<p>Les gendarmes, qui se sont \u00e9galement d\u00e9plac\u00e9s sur les lieux, vont chercher \u00e0 expliquer cette violente perte de contr\u00f4le.<\/p>\n<p><a href=\"https:\/\/nantes.maville.com\/actu\/actudet_-un-jeune-homme-est-decede-apres-une-sortie-de-route-tot-ce-samedi-au-nord-de-la-loire-atlantique-_52716-7045738_actu.Htm\" target=\"_blank\" rel=\"noopener\">Quelques heures plus t\u00f4t, \u00e0 5h30 ce samedi, un jeune homme \u00e2g\u00e9 de 20\u00a0ans a perdu la vie dans une autre sortie de route \u00e0 Moisdon-la-Rivi\u00e8re. Son passager de 19\u00a0ans, bless\u00e9, a \u00e9t\u00e9 pris en charge par les pompiers et hospitalis\u00e9.<\/a><\/p>\n<p>\u00a0<\/p>\n","protected":false},"excerpt":{"rendered":"Un nouvel accident grave est survenu sur les routes de Loire-Atlantique, ce samedi soir. Un jeune homme a&hellip;\n","protected":false},"author":2,"featured_media":506396,"comment_status":"","ping_status":"","sticky":false,"template":"","format":"standard","meta":{"footnotes":""},"categories":[2818],"tags":[119,1111,11,3916,1777,674,1011,27,16508,4933,3913,3047,766,12,10542,2636,25,209,3982],"class_list":{"0":"post-507277","1":"post","2":"type-post","3":"status-publish","4":"format-standard","5":"has-post-thumbnail","7":"category-nantes","8":"tag-accident","9":"tag-actu","10":"tag-actualites","11":"tag-blesse","12":"tag-eu","13":"tag-europe","14":"tag-fr","15":"tag-france","16":"tag-gravement","17":"tag-homme","18":"tag-jeune","19":"tag-loire-atlantique","20":"tag-nantes","21":"tag-news","22":"tag-nouvel","23":"tag-pays-de-la-loire","24":"tag-republique-francaise","25":"tag-route","26":"tag-samedi"},"share_on_mastodon":{"url":"https:\/\/pubeurope.com\/@fr\/115481593946913635","error":""},"_links":{"self":[{"href":"https:\/\/www.europesays.com\/fr\/wp-json\/wp\/v2\/posts\/507277","targetHints":{"allow":["GET"]}}],"collection":[{"href":"https:\/\/www.europesays.com\/fr\/wp-json\/wp\/v2\/posts"}],"about":[{"href":"https:\/\/www.europesays.com\/fr\/wp-json\/wp\/v2\/types\/post"}],"author":[{"embeddable":true,"href":"https:\/\/www.europesays.com\/fr\/wp-json\/wp\/v2\/users\/2"}],"replies":[{"embeddable":true,"href":"https:\/\/www.europesays.com\/fr\/wp-json\/wp\/v2\/comments?post=507277"}],"version-history":[{"count":0,"href":"https:\/\/www.europesays.com\/fr\/wp-json\/wp\/v2\/posts\/507277\/revisions"}],"wp:featuredmedia":[{"embeddable":true,"href":"https:\/\/www.europesays.com\/fr\/wp-json\/wp\/v2\/media\/506396"}],"wp:attachment":[{"href":"https:\/\/www.europesays.com\/fr\/wp-json\/wp\/v2\/media?parent=507277"}],"wp:term":[{"taxonomy":"category","embeddable":true,"href":"https:\/\/www.europesays.com\/fr\/wp-json\/wp\/v2\/categories?post=507277"},{"taxonomy":"post_tag","embeddable":true,"href":"https:\/\/www.europesays.com\/fr\/wp-json\/wp\/v2\/tags?post=507277"}],"curies":[{"name":"wp","href":"https:\/\/api.w.org\/{rel}","templated":true}]}}