{"id":507287,"date":"2025-11-02T18:52:17","date_gmt":"2025-11-02T18:52:17","guid":{"rendered":"https:\/\/www.europesays.com\/fr\/507287\/"},"modified":"2025-11-02T18:52:17","modified_gmt":"2025-11-02T18:52:17","slug":"ce-labyrinthe-de-la-terreur-organise-pres-de-lille-prend-de-lampleur-2-000-participants-attendus","status":"publish","type":"post","link":"https:\/\/www.europesays.com\/fr\/507287\/","title":{"rendered":"Ce labyrinthe de la terreur organis\u00e9 pr\u00e8s de Lille prend de l\u2019ampleur : 2 000 participants attendus"},"content":{"rendered":"<p>            Par<br \/>\n        <strong><br \/>\n            <a href=\"https:\/\/actu.fr\/auteur\/raphael-mahlmann\" title=\"Consulter tous les articles de Rapha\u00ebl Mahlmann\" rel=\"nofollow noopener\" target=\"_blank\">Rapha\u00ebl Mahlmann<\/a><br \/>\n        <\/strong><\/p>\n<p>        Publi\u00e9 le<\/p>\n<p>            2 nov. 2025 \u00e0 17h36        <\/p>\n<p>Un \u00e9v\u00e9nement pour les amateurs de frissons \u00e0 ne pas manquer\u2009! Le <b>Labyrinthe de la terreur <\/b>de <b>Bourghelles<\/b>, pr\u00e8s de <a href=\"https:\/\/actu.fr\/lille\/\" rel=\"nofollow noopener\" target=\"_blank\">Lille<\/a> (Nord), aura lieu les <b>7 et 8\u00a0novembre 2025<\/b>, de 18h \u00e0 minuit. Apr\u00e8s deux premi\u00e8res \u00e9ditions r\u00e9ussies, cette troisi\u00e8me pourrait attirer encore plus de monde. Mais pas de panique, il y aura de la place pour tout le monde, promettent les organisateurs. Au programme, des salles \u00e0 l\u2019ambiance lugubres et inspir\u00e9es des films d\u2019horreur, mais aussi des rencontres que l\u2019on pr\u00e9f\u00e8rerait \u00e9viter\u2026<\/p>\n<p>Un labyrinthe de la terreur pr\u00e8s de Lille<\/p>\n<p class=\" wall-content\">Tout commence chez Dylan Dubus, \u00e0 Baisieux. D\u2019abord passionn\u00e9 par l\u2019univers de No\u00ebl, il commence \u00e0 s\u2019int\u00e9resser \u00e0 <b>Halloween <\/b>et \u00e0 d\u00e9corer sa maison. C\u2019est \u00e0 ce moment qu\u2019il d\u00e9cide de cr\u00e9er son premier labyrinthe en 2023. \u00ab\u2009On a commenc\u00e9 devant la maison, sous une tonnelle, explique-t-il. On a eu 500\u00a0personnes en une soir\u00e9e le 31\u00a0octobre. Alors on s\u2019est dit pourquoi pas le faire dans une salle.\u2009\u00bb<\/p>\n<p class=\" wall-content\">Une association est cr\u00e9\u00e9e avec des membres de la famille et l\u2019ann\u00e9e suivante, le labyrinthe trouve sa place dans la salle communale de Bourghelles. Et cette fois, le succ\u00e8s est double puisque 1\u2009000\u00a0visiteurs font le d\u00e9placement pour se faire une petite frayeur. \u00ab\u2009Ils sont venus du coin, mais aussi d\u2019un peu plus loin, comme du Pas-de-Calais et de la Belgique. Certains ont fait une heure et demie de route\u2009\u00bb, raconte Dylan. Pour cette troisi\u00e8me \u00e9dition, il esp\u00e8re attirer entre\u00a0<b>1 500 et 2 000 visiteurs <\/b>sur les deux jours.<\/p>\n<p>    <a href=\"https:\/\/www.facebook.com\/plugins\/video.php?height=476&amp;href=https%3A%2F%2Fwww.facebook.com%2Freel%2F1177122207819073%2F&amp;show_text=false&amp;width=350&amp;t=0\" title=\"Ouvrie le lien\" rel=\"nofollow noopener\" target=\"_blank\">Cliquez ici pour visualiser le contenu<\/a><\/p>\n<p class=\" wall-content\">Une fois \u00e0 l\u2019int\u00e9rieur, les participants pourront d\u00e9couvrir un parcours d\u00e9coup\u00e9 en plusieurs<b> salles th\u00e9matiques <\/b>aux ambiances macabres comme \u00ab\u2009l\u2019h\u00f4pital abandonn\u00e9\u2009\u00bb, la \u00ab\u2009prison hant\u00e9e\u2009\u00bb ou encore le \u00ab\u2009pensionnat maudit\u2009\u00bb. Mais attention, des<b> personnages effrayants <\/b>seront sur le passage\u2009!<\/p>\n<p class=\" wall-content\">Pour les gourmands, des stands sucr\u00e9s et sal\u00e9s seront install\u00e9s pour l\u2019occasion. En parall\u00e8le, une tombola sera organis\u00e9e avec des lots \u00e0 gagner comme un air fryer, aspirateur, plancha, cafeti\u00e8re\u2026<\/p>\n<p class=\" wall-content\">\u00c2mes sensibles s\u2019abstenir\u2009!<\/p>\n<p>Votre r\u00e9gion, votre actu !<\/p>\n<p>Recevez chaque jour les infos qui comptent pour vous.<\/p>\n<p>\t<a href=\"https:\/\/actu.fr\/newsletter\" class=\"ac-btn ac-btn--corner ac-btn--medium ac-btn--blue800\" rel=\"nofollow noopener\" target=\"_blank\">S&rsquo;incrire<\/a><\/p>\n<p>Prix d\u2019entr\u00e9e\u2009: 4\u00a0euros<\/p>\n<p class=\" wall-content\">Personnalisez votre actualit\u00e9 en ajoutant vos villes et m\u00e9dias en favori avec <a href=\"https:\/\/moncompte.actu.fr\" title=\"D\u00e9couvez Mon Actu\" rel=\"nofollow noopener\" data-trk=\"{&quot;cta&quot;:{&quot;action&quot;:&quot;https:\\\/\\\/moncompte.actu.fr&quot;,&quot;category&quot;:&quot;mon compte&quot;,&quot;from&quot;:&quot;article footer&quot;,&quot;name&quot;:&quot;Mon actu&quot;,&quot;type&quot;:&quot;cta&quot;}}\" target=\"_blank\">Mon Actu<\/a>.<\/p>\n","protected":false},"excerpt":{"rendered":"Par Rapha\u00ebl Mahlmann Publi\u00e9 le 2 nov. 2025 \u00e0 17h36 Un \u00e9v\u00e9nement pour les amateurs de frissons \u00e0&hellip;\n","protected":false},"author":2,"featured_media":507288,"comment_status":"","ping_status":"","sticky":false,"template":"","format":"standard","meta":{"footnotes":""},"categories":[2815],"tags":[1111,11,1777,674,1011,27,20815,811,1307,1652,12,25],"class_list":{"0":"post-507287","1":"post","2":"type-post","3":"status-publish","4":"format-standard","5":"has-post-thumbnail","7":"category-lille","8":"tag-actu","9":"tag-actualites","10":"tag-eu","11":"tag-europe","12":"tag-fr","13":"tag-france","14":"tag-halloween","15":"tag-hauts-de-france","16":"tag-lille","17":"tag-loisirs-culture","18":"tag-news","19":"tag-republique-francaise"},"share_on_mastodon":{"url":"https:\/\/pubeurope.com\/@fr\/115481617646733283","error":""},"_links":{"self":[{"href":"https:\/\/www.europesays.com\/fr\/wp-json\/wp\/v2\/posts\/507287","targetHints":{"allow":["GET"]}}],"collection":[{"href":"https:\/\/www.europesays.com\/fr\/wp-json\/wp\/v2\/posts"}],"about":[{"href":"https:\/\/www.europesays.com\/fr\/wp-json\/wp\/v2\/types\/post"}],"author":[{"embeddable":true,"href":"https:\/\/www.europesays.com\/fr\/wp-json\/wp\/v2\/users\/2"}],"replies":[{"embeddable":true,"href":"https:\/\/www.europesays.com\/fr\/wp-json\/wp\/v2\/comments?post=507287"}],"version-history":[{"count":0,"href":"https:\/\/www.europesays.com\/fr\/wp-json\/wp\/v2\/posts\/507287\/revisions"}],"wp:featuredmedia":[{"embeddable":true,"href":"https:\/\/www.europesays.com\/fr\/wp-json\/wp\/v2\/media\/507288"}],"wp:attachment":[{"href":"https:\/\/www.europesays.com\/fr\/wp-json\/wp\/v2\/media?parent=507287"}],"wp:term":[{"taxonomy":"category","embeddable":true,"href":"https:\/\/www.europesays.com\/fr\/wp-json\/wp\/v2\/categories?post=507287"},{"taxonomy":"post_tag","embeddable":true,"href":"https:\/\/www.europesays.com\/fr\/wp-json\/wp\/v2\/tags?post=507287"}],"curies":[{"name":"wp","href":"https:\/\/api.w.org\/{rel}","templated":true}]}}