{"id":507291,"date":"2025-11-02T18:54:11","date_gmt":"2025-11-02T18:54:11","guid":{"rendered":"https:\/\/www.europesays.com\/fr\/507291\/"},"modified":"2025-11-02T18:54:11","modified_gmt":"2025-11-02T18:54:11","slug":"les-forains-de-la-plaine-a-marseille-suspendent-leur-mobilisation-prevue-ce-mardi-4-novembre","status":"publish","type":"post","link":"https:\/\/www.europesays.com\/fr\/507291\/","title":{"rendered":"Les forains de la Plaine \u00e0 Marseille suspendent leur mobilisation pr\u00e9vue ce mardi 4 novembre"},"content":{"rendered":"<p>Le 16\u00a0octobre dernier, <a href=\"https:\/\/www.laprovence.com\/article\/faits-divers-justice\/1352553969081514\/une-trentaine-de-forains-bloquent-le-rond-point-du-prado-des-embouteillages-monstres-dans-le-sud-de-marseille\" target=\"_blank\" rel=\"noopener\">leur action avait surpris nombre de Marseillais<\/a> qui s\u2019\u00e9taient retrouv\u00e9s coinc\u00e9s en heure de pointe aux abords du rond-point du Prado. \u00c0 l\u2019issue de leur mobilisation, les forains de la Plaine avaient annonc\u00e9 une nouvelle manifestation ce mardi 4\u00a0novembre, apr\u00e8s-midi, de la place Jean-Jaur\u00e8s au rond-point du Prado. Ils avaient m\u00eame averti qu\u2019ils seraient sans doute plus nombreux encore que les 90 camions qui avaient paralys\u00e9 le secteur mi-octobre.<\/p>\n<p>Finalement, ce vendredi 31\u00a0octobre, les syndicats ont d\u00e9clar\u00e9 suspendre leur action. \u00ab\u00a0Dans un esprit d\u2019apaisement et de dialogue, nous avons d\u00e9cid\u00e9 de reporter la manifestation pr\u00e9vue le 4\u00a0novembre dans l\u2019attente d\u2019un rendez-vous fix\u00e9 par la mairie le 7\u00a0novembre, \u00e9crivent les repr\u00e9sentants du syndicat March\u00e9s de France et du syndicat g\u00e9n\u00e9ral des commer\u00e7ants non s\u00e9dentaires de Marseille et des Bouches-du-Rh\u00f4ne dans un communiqu\u00e9. Notre objectif n\u2019est pas de perturber, mais de faire entendre la voix des commer\u00e7ants passionn\u00e9s, qui demandent simplement des conditions de travail dignes et une meilleure consid\u00e9ration pour leur profession.\u00a0\u00bb<\/p>\n<p>Au c\u0153ur de leurs revendications, les arr\u00eat\u00e9s municipaux d\u2019occupation qui leur permettent de travailler. \u00ab\u00a0Contrairement \u00e0 nos coll\u00e8gues de Noailles, de la Belle-de-Mai, de la Joliette ou de la place S\u00e9bastopol, lorsque nous avons pu <a href=\"https:\/\/www.laprovence.com\/actu\/en-direct\/6750962\/video-marseille-le-marche-de-la-plaine-a-fait-son-grand-retour.html\" target=\"_blank\" rel=\"noopener\">retrouver la place le 3\u00a0mai\u00a02022<\/a>, apr\u00e8s quatre ans de travaux, la Ville n\u2019a pas repris nos anciens arr\u00eat\u00e9s mais en a sign\u00e9 de nouveaux, de trois ans, renouvelables une fois\u00a0\u00bb, explique Nahema Zemour, pr\u00e9sidente du syndicat g\u00e9n\u00e9ral des commer\u00e7ants non s\u00e9dentaires de Marseille et des Bouches-du-Rh\u00f4ne.<\/p>\n<p>Appel \u00e0 davantage de reconnaissance<\/p>\n<p>Depuis le 3\u00a0mai dernier, seuls 18 forains &#8211; ils sont aujourd\u2019hui 268 \u00e0 la Plaine &#8211; ont re\u00e7u leur arr\u00eat\u00e9, cette fois non renouvelables. \u00ab\u00a0C\u2019est ce qui nous a fait monter au cr\u00e9neau, parce que ce n\u2019est pas du tout ce qui avait \u00e9t\u00e9 convenu avec <a href=\"https:\/\/www.laprovence.com\/article\/faits-divers-justice\/30129457407007\/procurations-frauduleuses-dans-le-camp-ghali-roland-cazzola-et-marguerite-pasquini-condamnes\" target=\"_blank\" rel=\"noopener\">Roland Cazzola, l\u2019ancien \u00e9lu en charge des emplacements<\/a>, temp\u00eate Nahema Zemour. Il y a des forains qui travaillent ici depuis trois g\u00e9n\u00e9rations, comment fera celui qui, \u00e0 plus de 60\u00a0ans, devra retrouver un emplacement quelque part s\u2019il n\u2019est pas renouvel\u00e9\u00a0? Et comment feront ceux qui ont attendu quinze ans pour d\u00e9crocher un arr\u00eat\u00e9\u00a0?\u00a0\u00bb<\/p>\n<p>Ce qui fait bondir les forains de la Plaine, c\u2019est que si leurs arr\u00eat\u00e9s ont \u00e9t\u00e9 modifi\u00e9s, le r\u00e8glement, lui, est rest\u00e9 le m\u00eame depuis\u00a02017, faisant fi de toutes les \u00e9volutions. Pour les syndicats, les importantes difficult\u00e9s de fonctionnement relev\u00e9es depuis plusieurs mois au sein du service des emplacements sont notamment \u00ab\u00a0li\u00e9es \u00e0 un manque de personnel\u00a0\u00bb. Avec pour cons\u00e9quences \u00ab\u00a0l\u2019impossibilit\u00e9 d\u2019assurer un suivi efficace, des retards dans la gestion administrative, une mauvaise coordination sur le terrain et une incompr\u00e9hension g\u00e9n\u00e9rale quant aux retours et aux d\u00e9cisions prises.\u00a0\u00bb<\/p>\n<p>Ils ajoutent que \u00ab\u00a0les engagements concernant le renforcement des effectifs n\u2019ont pas \u00e9t\u00e9 concr\u00e9tis\u00e9s\u00a0\u00bb, entra\u00eenant pour les forains \u00ab\u00a0perte de client\u00e8le, tensions entre commer\u00e7ants, d\u00e9sorganisation sur les sites et d\u00e9s\u00e9quilibre dans la r\u00e9partition des types de vente\u00a0\u00bb.<\/p>\n<p>En outre, le fait de devoir passer par All\u00f4 Mairie pour obtenir un rendez-vous avec un agent du service des emplacements passe mal\u00a0: \u00ab\u00a0Les commer\u00e7ants ne sont ni des r\u00e9clamations de voirie ni des objets urbains, ils repr\u00e9sentent un pan entier de l\u2019\u00e9conomie locale et m\u00e9ritent un interlocuteur d\u00e9di\u00e9 et comp\u00e9tent\u00a0\u00bb, pointent les repr\u00e9sentants des syndicats dans le communiqu\u00e9. \u00ab\u00a0On ne demande rien d\u2019extraordinaire, juste que l\u2019anciennet\u00e9, l\u2019investissement et le travail des commer\u00e7ants non-s\u00e9dentaires soient respect\u00e9s\u00a0\u00bb, conclut Nahema Zemour.<\/p>\n","protected":false},"excerpt":{"rendered":"Le 16\u00a0octobre dernier, leur action avait surpris nombre de Marseillais qui s\u2019\u00e9taient retrouv\u00e9s coinc\u00e9s en heure de pointe&hellip;\n","protected":false},"author":2,"featured_media":507292,"comment_status":"","ping_status":"","sticky":false,"template":"","format":"standard","meta":{"footnotes":""},"categories":[2814],"tags":[17,1111,11,1777,674,18922,1011,27,151,3289,884,10234,12,6775,882,16,25,62898],"class_list":{"0":"post-507291","1":"post","2":"type-post","3":"status-publish","4":"format-standard","5":"has-post-thumbnail","7":"category-marseille","8":"tag-17","9":"tag-actu","10":"tag-actualites","11":"tag-eu","12":"tag-europe","13":"tag-forains","14":"tag-fr","15":"tag-france","16":"tag-les","17":"tag-leur","18":"tag-marseille","19":"tag-mobilisation","20":"tag-news","21":"tag-plaine","22":"tag-provence-alpes-cote-dazur","23":"tag-region","24":"tag-republique-francaise","25":"tag-suspendent"},"share_on_mastodon":{"url":"https:\/\/pubeurope.com\/@fr\/115481625621788595","error":""},"_links":{"self":[{"href":"https:\/\/www.europesays.com\/fr\/wp-json\/wp\/v2\/posts\/507291","targetHints":{"allow":["GET"]}}],"collection":[{"href":"https:\/\/www.europesays.com\/fr\/wp-json\/wp\/v2\/posts"}],"about":[{"href":"https:\/\/www.europesays.com\/fr\/wp-json\/wp\/v2\/types\/post"}],"author":[{"embeddable":true,"href":"https:\/\/www.europesays.com\/fr\/wp-json\/wp\/v2\/users\/2"}],"replies":[{"embeddable":true,"href":"https:\/\/www.europesays.com\/fr\/wp-json\/wp\/v2\/comments?post=507291"}],"version-history":[{"count":0,"href":"https:\/\/www.europesays.com\/fr\/wp-json\/wp\/v2\/posts\/507291\/revisions"}],"wp:featuredmedia":[{"embeddable":true,"href":"https:\/\/www.europesays.com\/fr\/wp-json\/wp\/v2\/media\/507292"}],"wp:attachment":[{"href":"https:\/\/www.europesays.com\/fr\/wp-json\/wp\/v2\/media?parent=507291"}],"wp:term":[{"taxonomy":"category","embeddable":true,"href":"https:\/\/www.europesays.com\/fr\/wp-json\/wp\/v2\/categories?post=507291"},{"taxonomy":"post_tag","embeddable":true,"href":"https:\/\/www.europesays.com\/fr\/wp-json\/wp\/v2\/tags?post=507291"}],"curies":[{"name":"wp","href":"https:\/\/api.w.org\/{rel}","templated":true}]}}