{"id":507297,"date":"2025-11-02T18:57:28","date_gmt":"2025-11-02T18:57:28","guid":{"rendered":"https:\/\/www.europesays.com\/fr\/507297\/"},"modified":"2025-11-02T18:57:28","modified_gmt":"2025-11-02T18:57:28","slug":"elle-na-ete-ni-protegee-ni-entendue","status":"publish","type":"post","link":"https:\/\/www.europesays.com\/fr\/507297\/","title":{"rendered":"\u00ab\u00a0elle n\u2019a \u00e9t\u00e9 ni prot\u00e9g\u00e9e, ni entendue\u00a0\u00bb"},"content":{"rendered":"<p>Il est 14 heures \u00e0 Saint-Priest. Au pied de l\u2019immeuble o\u00f9 vivait Claudine, quelques rayons de soleil percent le ciel maussade de novembre. Dans la foule, on entend certains y voir un signe avant le d\u00e9but de la marche blanche en hommage \u00e0 cette m\u00e8re de famille du quartier.<\/p>\n<p>\u00c2g\u00e9e de 38 ans, elle a \u00e9t\u00e9 <a href=\"https:\/\/www.leprogres.fr\/faits-divers-justice\/2025\/10\/29\/feminicide-a-saint-priest-le-conjoint-a-ete-incarcere\" target=\"_blank\" rel=\"noopener\">poignard\u00e9e \u00e0 mort par son conjoint dimanche 26\u00a0octobre<\/a>. C\u2019est lui qui a pr\u00e9venu la police apr\u00e8s son passage \u00e0 l\u2019acte, pendant que leurs enfants dormaient dans leur chambre.<\/p>\n<p>Une semaine plus tard, le chagrin est partout. Dans les yeux perdus de la petite s\u0153ur de Claudine, d\u2019un peu plus de dix ans sa cadette, arriv\u00e9e de Mayotte il y a \u00e0 peine un an. Dans les mains de la ni\u00e8ce de la victime, tenant fermement son portrait \u00e0 l\u2019avant du cort\u00e8ge. Dans les silences des voisins venus partager leur peine, et celle des enfants de&#8230;<\/p>\n","protected":false},"excerpt":{"rendered":"Il est 14 heures \u00e0 Saint-Priest. Au pied de l\u2019immeuble o\u00f9 vivait Claudine, quelques rayons de soleil percent&hellip;\n","protected":false},"author":2,"featured_media":507298,"comment_status":"","ping_status":"","sticky":false,"template":"","format":"standard","meta":{"footnotes":""},"categories":[1889],"tags":[1111,11,2430,271,272,3152,1777,674,274,6757,107,1011,27,2428,12,25,2429,4605,4606,104],"class_list":{"0":"post-507297","1":"post","2":"type-post","3":"status-publish","4":"format-standard","5":"has-post-thumbnail","7":"category-lyon","8":"tag-actu","9":"tag-actualites","10":"tag-auvergne-rhone-alpes","11":"tag-crime","12":"tag-delit-et-contravention","13":"tag-edition-est-lyonnais","14":"tag-eu","15":"tag-europe","16":"tag-faits-divers-justice","17":"tag-feminisme","18":"tag-fil-info","19":"tag-fr","20":"tag-france","21":"tag-lyon","22":"tag-news","23":"tag-republique-francaise","24":"tag-rhone","25":"tag-saint-priest","26":"tag-saint-priest-ville","27":"tag-societe"},"share_on_mastodon":{"url":"https:\/\/pubeurope.com\/@fr\/115481637264946556","error":""},"_links":{"self":[{"href":"https:\/\/www.europesays.com\/fr\/wp-json\/wp\/v2\/posts\/507297","targetHints":{"allow":["GET"]}}],"collection":[{"href":"https:\/\/www.europesays.com\/fr\/wp-json\/wp\/v2\/posts"}],"about":[{"href":"https:\/\/www.europesays.com\/fr\/wp-json\/wp\/v2\/types\/post"}],"author":[{"embeddable":true,"href":"https:\/\/www.europesays.com\/fr\/wp-json\/wp\/v2\/users\/2"}],"replies":[{"embeddable":true,"href":"https:\/\/www.europesays.com\/fr\/wp-json\/wp\/v2\/comments?post=507297"}],"version-history":[{"count":0,"href":"https:\/\/www.europesays.com\/fr\/wp-json\/wp\/v2\/posts\/507297\/revisions"}],"wp:featuredmedia":[{"embeddable":true,"href":"https:\/\/www.europesays.com\/fr\/wp-json\/wp\/v2\/media\/507298"}],"wp:attachment":[{"href":"https:\/\/www.europesays.com\/fr\/wp-json\/wp\/v2\/media?parent=507297"}],"wp:term":[{"taxonomy":"category","embeddable":true,"href":"https:\/\/www.europesays.com\/fr\/wp-json\/wp\/v2\/categories?post=507297"},{"taxonomy":"post_tag","embeddable":true,"href":"https:\/\/www.europesays.com\/fr\/wp-json\/wp\/v2\/tags?post=507297"}],"curies":[{"name":"wp","href":"https:\/\/api.w.org\/{rel}","templated":true}]}}