{"id":507299,"date":"2025-11-02T18:59:13","date_gmt":"2025-11-02T18:59:13","guid":{"rendered":"https:\/\/www.europesays.com\/fr\/507299\/"},"modified":"2025-11-02T18:59:13","modified_gmt":"2025-11-02T18:59:13","slug":"soupcons-de-viol-tombe-de-pierre-laval-jean-luc-melenchon-les-infos-du-week-end-en-ile-de-france","status":"publish","type":"post","link":"https:\/\/www.europesays.com\/fr\/507299\/","title":{"rendered":"Soup\u00e7ons de viol, tombe de Pierre Laval, Jean-Luc M\u00e9lenchon&#8230; Les infos du week-end en \u00cele-de-France"},"content":{"rendered":"<p>            Par<br \/>\n        <strong><br \/>\n            <a href=\"https:\/\/actu.fr\/auteur\/antoine-grotteria02\" title=\"Consulter tous les articles de Antoine Grotteria\" target=\"_blank\" rel=\"noopener\">Antoine Grotteria<\/a><br \/>\n        <\/strong><\/p>\n<p>        Publi\u00e9 le<\/p>\n<p>            2 nov. 2025 \u00e0 18h06        <\/p>\n<p>Une <strong>enqu\u00eate<\/strong> qui avance. Samedi 1er novembre, un deux deux policiers <a href=\"https:\/\/actu.fr\/ile-de-france\/bobigny_93008\/policiers-accuses-de-viol-sur-une-femme-au-depot-du-tribunal-de-bobigny-ce-que-l-on-sait_63376589.html\" target=\"_blank\" rel=\"noopener\">soup\u00e7onn\u00e9s de viol sur une femme de 26 ans<\/a> au d\u00e9p\u00f4t du <a href=\"https:\/\/actu.fr\/tag\/tribunal-de-bobigny\" target=\"_blank\" rel=\"noopener\">tribunal de Bobigny<\/a> a \u00e9t\u00e9<strong> mis en examen<\/strong>. Le parquet a requis son placement en d\u00e9tention provisoire, selon une information donn\u00e9e par l\u2019avocat Xavier Nogueras \u00e0 l\u2019AFP.\u00a0<\/p>\n<p class=\" wall-content\">Il s\u2019agit de la <strong>principale information<\/strong> de ce week-end du samedi 1er et du dimanche 2 novembre 2025 \u00e0 Paris et en \u00cele-de-France.\u00a0<\/p>\n<p class=\" wall-content\"><strong>Les infos marquantes du week-end \u00e0 Paris et en \u00cele-de-France<\/strong><\/p>\n<p class=\" wall-content\"><strong>Seine-Saint-Denis. <\/strong><a title=\"Lire l&#039;article\" href=\"https:\/\/actu.fr\/ile-de-france\/bobigny_93008\/soupcons-de-viol-au-depot-du-tribunal-de-bobigny-un-des-policiers-interpelles-mis-en-examen_63382415.html\" target=\"_blank\" rel=\"noopener\"><strong>Soup\u00e7ons de viol au d\u00e9p\u00f4t du tribunal de Bobigny : un des policiers interpell\u00e9s mis en examen<\/strong><\/a><br \/>Le parquet de Bobigny a requis le placement d\u2019un des policiers en d\u00e9tention provisoire ce samedi 1er novembre.<\/p>\n<p class=\" wall-content\"><strong>Paris. <\/strong><a title=\"Lire l&#039;article\" href=\"https:\/\/actu.fr\/ile-de-france\/paris_75056\/au-cimetiere-montparnasse-a-paris-la-discrete-tombe-d-un-des-hommes-les-plus-detestes-de-l-histoire-de-france_61809633.html\" target=\"_blank\" rel=\"noopener\"><strong>Au cimeti\u00e8re Montparnasse \u00e0 Paris, la discr\u00e8te tombe d\u2019un des hommes les plus d\u00e9test\u00e9s de l\u2019Histoire de France<\/strong><\/a><br \/>Pierre Laval repose au cimeti\u00e8re du Montparnasse. Sa famille s\u2019\u00e9tait battue, en vain, pour qu\u2019il soit inhum\u00e9 dans son ch\u00e2teau de Chateldon en Auvergne.<\/p>\n<p class=\" wall-content\"><strong>Hauts-de-Seine. <\/strong><a title=\"Lire l&#039;article\" href=\"https:\/\/actu.fr\/ile-de-france\/clamart_92023\/hauts-de-seine-le-controle-crit-air-prend-une-tournure-inattendue-l-automobiliste-finit-en-garde-a-vue_63367218.html\" target=\"_blank\" rel=\"noopener\"><strong>Hauts-de-Seine : le contr\u00f4le Crit\u2019Air prend une tournure inattendue, l\u2019automobiliste finit en garde \u00e0 vue<\/strong><\/a><br \/>Un simple contr\u00f4le routier \u00e0 Clamart a fini en garde \u00e0 vue.<\/p>\n<p class=\" wall-content\"><strong>Val-de-Marne. <\/strong><a title=\"Lire l&#039;article\" href=\"https:\/\/actu.fr\/ile-de-france\/choisy-le-roi_94022\/dans-le-val-de-marne-jean-luc-melenchon-vient-rappeler-sa-bonne-cote-dans-les-quartiers-populaires_63383824.html\" target=\"_blank\" rel=\"noopener\"><strong>Dans le Val-de-Marne, Jean-Luc M\u00e9lenchon vient rappeler sa bonne cote dans les quartiers populaires<\/strong><\/a><br \/>Le leader insoumis a tract\u00e9 ce dimanche au march\u00e9 de Choisy-le-Roi, une commune qui lui est acquise et o\u00f9 il a fait \u00e9talage de sa popularit\u00e9 \u00e0 un an et demi de la pr\u00e9sidentielle.<\/p>\n<p class=\" wall-content\"><strong>Essonne. <\/strong><a title=\"Lire l&#039;article\" href=\"https:\/\/actu.fr\/ile-de-france\/saint-maurice-montcouronne_91568\/essonne-un-nouveau-club-de-cyclisme-vient-de-voir-le-jour-dans-le-departement-tout-ce-qu-il-faut-savoir_63376228.html\" target=\"_blank\" rel=\"noopener\"><strong>Essonne : un nouveau club de cyclisme vient de voir le jour dans le d\u00e9partement, tout ce qu\u2019il faut savoir<\/strong><\/a><br \/>L\u2019ASC Mauricienne, situ\u00e9 \u00e0 Saint-Maurice-Montcouronne, fait partie des nouveaux clubs de v\u00e9lo dans le d\u00e9partement en 2025.<\/p>\n<p>Votre r\u00e9gion, votre actu !<\/p>\n<p>Recevez chaque jour les infos qui comptent pour vous.<\/p>\n<p>\t<a href=\"https:\/\/actu.fr\/newsletter\" class=\"ac-btn ac-btn--corner ac-btn--medium ac-btn--blue800\" target=\"_blank\" rel=\"noopener\">S&rsquo;incrire<\/a><\/p>\n<p class=\" wall-content\"><strong>Val-d\u2019Oise. <\/strong><a title=\"Lire l&#039;article\" href=\"https:\/\/actu.fr\/ile-de-france\/franconville_95252\/val-doise-un-accident-sur-la15-fait-trois-blesses_63383409.html\" target=\"_blank\" rel=\"noopener\"><strong>Val-d\u2019Oise : un accident sur l\u2019A15 fait trois bless\u00e9s<\/strong><\/a><br \/>Une collision impliquant quatre v\u00e9hicules s\u2019est produite sur l\u2019A15, \u00e0 Franconville (Val-d\u2019Oise).<\/p>\n<p class=\" wall-content\"><strong>Seine-et-Marne. <\/strong><a title=\"Lire l&#039;article\" href=\"https:\/\/actu.fr\/ile-de-france\/melun_77288\/il-ny-a-jamais-assez-de-prevention-a-melun-des-champions-olympiques-apprennent-a-nager-aux-enfants_63383205.html\" target=\"_blank\" rel=\"noopener\"><strong>\u00ab Il n\u2019y a jamais assez de pr\u00e9vention \u00bb : \u00e0 Melun, des champions olympiques apprennent \u00e0 nager aux enfants<\/strong><\/a><br \/>Le 28 octobre \u00e0 la piscine de Melun, quatre champions de natation sont venus apprendre \u00e0 nager aux enfants, dans le cadre du programme Nageur et citoyen. Explications.<\/p>\n<p class=\" wall-content\"><strong>Yvelines. <\/strong><a title=\"Lire l&#039;article\" href=\"https:\/\/actu.fr\/ile-de-france\/saint-hilarion_78557\/apercue-dans-un-celebre-clip-de-diams-cette-comedienne-des-yvelines-est-a-laffiche-dun-telefilm-sur-tf1_63379041.html\" target=\"_blank\" rel=\"noopener\"><strong>Aper\u00e7ue dans un c\u00e9l\u00e8bre clip de Diam\u2019s, cette com\u00e9dienne des Yvelines est \u00e0 l\u2019affiche d\u2019un t\u00e9l\u00e9film sur TF1<\/strong><\/a><br \/>Habitante de Rambouillet (Yvelines), Cl\u00e9mence Lassalas revient sur TF1 le lundi 3 novembre 2025 dans Un Meurtre (presque) parfait. Rencontre avec la com\u00e9dienne \u00e2g\u00e9e de 30 ans.<\/p>\n<p class=\" wall-content\"><strong>Suivez-nous pour en savoir plus !<\/strong><\/p>\n<p class=\" wall-content\">Paris : retrouvez\u00a0actu Paris\u00a0sur\u00a0<a href=\"https:\/\/www.facebook.com\/actufr.paris\/\" target=\"_blank\" rel=\"noopener\">Facebook\u00a0<\/a>et\u00a0<a href=\"https:\/\/x.com\/actufrparis\">Twitter\u00a0<\/a>;<br \/>Seine-et-Marne : retrouvez\u00a0La R\u00e9publique de Seine-et-Marne\u00a0(sud) sur\u00a0<a href=\"https:\/\/www.facebook.com\/RepubliqueSeineMarne\/\" target=\"_blank\" rel=\"noopener\">Facebook\u00a0<\/a>et\u00a0<a href=\"https:\/\/x.com\/JournalLaMarne\">Twitter\u00a0<\/a>;\u00a0La Marne\u00a0(nord) sur\u00a0<a href=\"https:\/\/www.facebook.com\/RepubliqueSeineMarne\/\" target=\"_blank\" rel=\"noopener\">Facebook\u00a0<\/a>et\u00a0<a href=\"https:\/\/x.com\/JournalLaMarne\">Twitter\u00a0<\/a>; et\u00a0Le Pays Briard\u00a0sur\u00a0<a href=\"https:\/\/www.facebook.com\/LePaysBriard\/?ref=bookmarks\" target=\"_blank\" rel=\"noopener\">Facebook\u00a0<\/a>et\u00a0<a href=\"https:\/\/x.com\/LePaysBriard\">Twitter\u00a0<\/a>;<br \/>Yvelines : retrouvez\u00a078actu\u00a0sur\u00a0<a href=\"https:\/\/www.facebook.com\/78actu?locale=fr_FR\" target=\"_blank\" rel=\"noopener\">Facebook\u00a0<\/a>et\u00a0<a href=\"https:\/\/x.com\/78actu\">Twitter\u00a0<\/a>;<br \/>Essonne : retrouvez\u00a0actu Essonne\u00a0sur\u00a0<a href=\"https:\/\/www.facebook.com\/actuessonne\/?ref=br_rs\" target=\"_blank\" rel=\"noopener\">Facebook\u00a0<\/a>et\u00a0<a href=\"https:\/\/x.com\/ActuEssonne\">Twitter\u00a0<\/a>;<br \/>Hauts-de-Seine : retrouvez\u00a0actu Hauts-de-Seine\u00a0sur\u00a0<a href=\"https:\/\/www.facebook.com\/actufr.hautsdeseine\/\" target=\"_blank\" rel=\"noopener\">Facebook\u00a0<\/a>et\u00a0<a href=\"https:\/\/x.com\/actufr92\">Twitter\u00a0<\/a>;<br \/>Seine-Saint-Denis : retrouvez\u00a0actu Seine-Saint-Denis\u00a0sur\u00a0<a href=\"https:\/\/www.facebook.com\/actu94.valdemarne\/\" target=\"_blank\" rel=\"noopener\">Facebook\u00a0<\/a>et\u00a0<a href=\"https:\/\/x.com\/actufr94\">Twitter\u00a0<\/a>;<br \/>Val-de-Marne : retrouvez\u00a0actu Val-de-Marne\u00a0sur\u00a0<a href=\"https:\/\/www.facebook.com\/actu94.valdemarne\/\" target=\"_blank\" rel=\"noopener\">Facebook\u00a0<\/a>et\u00a0<a href=\"https:\/\/x.com\/actufr93\">Twitter\u00a0<\/a>;<br \/>Val-d\u2019Oise : retrouvez\u00a0La Gazette du Val-d\u2019Oise\u00a0sur\u00a0Facebook.<\/p>\n<p class=\" wall-content\">Personnalisez votre actualit\u00e9 en ajoutant vos villes et m\u00e9dias en favori avec <a href=\"https:\/\/moncompte.actu.fr\" title=\"D\u00e9couvez Mon Actu\" rel=\"nofollow noopener\" data-trk=\"{&quot;cta&quot;:{&quot;action&quot;:&quot;https:\\\/\\\/moncompte.actu.fr&quot;,&quot;category&quot;:&quot;mon compte&quot;,&quot;from&quot;:&quot;article footer&quot;,&quot;name&quot;:&quot;Mon actu&quot;,&quot;type&quot;:&quot;cta&quot;}}\" target=\"_blank\">Mon Actu<\/a>.<\/p>\n","protected":false},"excerpt":{"rendered":"Par Antoine Grotteria Publi\u00e9 le 2 nov. 2025 \u00e0 18h06 Une enqu\u00eate qui avance. Samedi 1er novembre, un&hellip;\n","protected":false},"author":2,"featured_media":507300,"comment_status":"","ping_status":"","sticky":false,"template":"","format":"standard","meta":{"footnotes":""},"categories":[1592],"tags":[1111,11,1777,674,1011,27,937,662,3081,12,626,25,104,799],"class_list":{"0":"post-507299","1":"post","2":"type-post","3":"status-publish","4":"format-standard","5":"has-post-thumbnail","7":"category-ile-de-france","8":"tag-actu","9":"tag-actualites","10":"tag-eu","11":"tag-europe","12":"tag-fr","13":"tag-france","14":"tag-histoire","15":"tag-ile-de-france","16":"tag-jean-luc-melenchon","17":"tag-news","18":"tag-paris","19":"tag-republique-francaise","20":"tag-societe","21":"tag-violences-sexuelles"},"share_on_mastodon":{"url":"https:\/\/pubeurope.com\/@fr\/115481645169092871","error":""},"_links":{"self":[{"href":"https:\/\/www.europesays.com\/fr\/wp-json\/wp\/v2\/posts\/507299","targetHints":{"allow":["GET"]}}],"collection":[{"href":"https:\/\/www.europesays.com\/fr\/wp-json\/wp\/v2\/posts"}],"about":[{"href":"https:\/\/www.europesays.com\/fr\/wp-json\/wp\/v2\/types\/post"}],"author":[{"embeddable":true,"href":"https:\/\/www.europesays.com\/fr\/wp-json\/wp\/v2\/users\/2"}],"replies":[{"embeddable":true,"href":"https:\/\/www.europesays.com\/fr\/wp-json\/wp\/v2\/comments?post=507299"}],"version-history":[{"count":0,"href":"https:\/\/www.europesays.com\/fr\/wp-json\/wp\/v2\/posts\/507299\/revisions"}],"wp:featuredmedia":[{"embeddable":true,"href":"https:\/\/www.europesays.com\/fr\/wp-json\/wp\/v2\/media\/507300"}],"wp:attachment":[{"href":"https:\/\/www.europesays.com\/fr\/wp-json\/wp\/v2\/media?parent=507299"}],"wp:term":[{"taxonomy":"category","embeddable":true,"href":"https:\/\/www.europesays.com\/fr\/wp-json\/wp\/v2\/categories?post=507299"},{"taxonomy":"post_tag","embeddable":true,"href":"https:\/\/www.europesays.com\/fr\/wp-json\/wp\/v2\/tags?post=507299"}],"curies":[{"name":"wp","href":"https:\/\/api.w.org\/{rel}","templated":true}]}}