{"id":50730,"date":"2025-04-25T03:03:19","date_gmt":"2025-04-25T03:03:19","guid":{"rendered":"https:\/\/www.europesays.com\/fr\/50730\/"},"modified":"2025-04-25T03:03:19","modified_gmt":"2025-04-25T03:03:19","slug":"ferreol-dauroure-saint-ferreol-dauroure-du-cirque-avec-le-spectacle-kip-un-grand-voyageur-itinerant","status":"publish","type":"post","link":"https:\/\/www.europesays.com\/fr\/50730\/","title":{"rendered":"Ferr\u00e9ol-d&rsquo;Auroure | Saint-Ferr\u00e9ol-d\u2019Auroure. Du cirque avec le spectacle Kip, un grand voyageur itin\u00e9rant"},"content":{"rendered":"<p>L\u2019id\u00e9e d\u2019un spectacle en solo trottait depuis quelque temps d\u00e9j\u00e0 dans la t\u00eate de Gilles Thomann, fondateur de la compagnie \u00e9cole de cirque Les Kipouni\u2019s. Avec l\u2019itin\u00e9rance inscrite dans son ADN, c\u2019est tout naturellement que ce circassien a eu envie de raconter son parcours, jalonn\u00e9 de rencontres et de d\u00e9couvertes. Un spectacle intimiste m\u00ealant clown, th\u00e9\u00e2tre et cirque. D\u00e8s 6 ans.<\/p>\n<p class=\"note\">Samedi\u00a026 \u00e0 17\u00a0h et dimanche 27\u00a0avril \u00e0 15\u00a0h. Terrain en stabilis\u00e9 du Mont. Tarif unique\u00a0: 5\u00a0\u20ac. Rens. et r\u00e9sa obligatoires\u00a0: 07.84.09.08.46<\/p>\n","protected":false},"excerpt":{"rendered":"L\u2019id\u00e9e d\u2019un spectacle en solo trottait depuis quelque temps d\u00e9j\u00e0 dans la t\u00eate de Gilles Thomann, fondateur de&hellip;\n","protected":false},"author":2,"featured_media":50731,"comment_status":"","ping_status":"","sticky":false,"template":"","format":"standard","meta":{"footnotes":""},"categories":[9653],"tags":[1111,11,13266,2430,1687,10446,1777,674,1011,27,12,25,4001,14358,3140],"class_list":{"0":"post-50730","1":"post","2":"type-post","3":"status-publish","4":"format-standard","5":"has-post-thumbnail","7":"category-saint-etienne","8":"tag-actu","9":"tag-actualites","10":"tag-aurec-sur-loire-bassin","11":"tag-auvergne-rhone-alpes","12":"tag-culture-loisirs","13":"tag-edition-haute-loire","14":"tag-eu","15":"tag-europe","16":"tag-fr","17":"tag-france","18":"tag-news","19":"tag-republique-francaise","20":"tag-saint-etienne","21":"tag-saint-ferreol-dauroure","22":"tag-spectacle"},"share_on_mastodon":{"url":"https:\/\/pubeurope.com\/@fr\/114396384660156291","error":""},"_links":{"self":[{"href":"https:\/\/www.europesays.com\/fr\/wp-json\/wp\/v2\/posts\/50730","targetHints":{"allow":["GET"]}}],"collection":[{"href":"https:\/\/www.europesays.com\/fr\/wp-json\/wp\/v2\/posts"}],"about":[{"href":"https:\/\/www.europesays.com\/fr\/wp-json\/wp\/v2\/types\/post"}],"author":[{"embeddable":true,"href":"https:\/\/www.europesays.com\/fr\/wp-json\/wp\/v2\/users\/2"}],"replies":[{"embeddable":true,"href":"https:\/\/www.europesays.com\/fr\/wp-json\/wp\/v2\/comments?post=50730"}],"version-history":[{"count":0,"href":"https:\/\/www.europesays.com\/fr\/wp-json\/wp\/v2\/posts\/50730\/revisions"}],"wp:featuredmedia":[{"embeddable":true,"href":"https:\/\/www.europesays.com\/fr\/wp-json\/wp\/v2\/media\/50731"}],"wp:attachment":[{"href":"https:\/\/www.europesays.com\/fr\/wp-json\/wp\/v2\/media?parent=50730"}],"wp:term":[{"taxonomy":"category","embeddable":true,"href":"https:\/\/www.europesays.com\/fr\/wp-json\/wp\/v2\/categories?post=50730"},{"taxonomy":"post_tag","embeddable":true,"href":"https:\/\/www.europesays.com\/fr\/wp-json\/wp\/v2\/tags?post=50730"}],"curies":[{"name":"wp","href":"https:\/\/api.w.org\/{rel}","templated":true}]}}