{"id":507305,"date":"2025-11-02T19:02:18","date_gmt":"2025-11-02T19:02:18","guid":{"rendered":"https:\/\/www.europesays.com\/fr\/507305\/"},"modified":"2025-11-02T19:02:18","modified_gmt":"2025-11-02T19:02:18","slug":"il-nous-a-fait-voter-pour-savoir-si-on-le-trouvait-violent-un-enseignant-de-creteil-ecarte","status":"publish","type":"post","link":"https:\/\/www.europesays.com\/fr\/507305\/","title":{"rendered":"\u00ab\u00a0Il nous a fait voter pour savoir si on le trouvait violent\u00a0\u00bb\u00a0: un enseignant de Cr\u00e9teil \u00e9cart\u00e9"},"content":{"rendered":"<p class=\"paragraph text_align_left lp-f-body-02\">Les \u00e9l\u00e8ves de cm2 de l\u2019\u00e9cole des Buttes de <a href=\"https:\/\/www.leparisien.fr\/val-de-marne-94\/creteil-94000\/\" target=\"_blank\" rel=\"noreferrer noopener\">Cr\u00e9teil<\/a> devraient faire leur rentr\u00e9e avec l\u2019esprit plus l\u00e9ger. La directrice de l\u2019\u00e9l\u00e9mentaire a inform\u00e9 les parents juste avant les vacances d\u2019automne que l\u2019enseignant qu\u2019ils avaient le vendredi ne reviendra plus en classe.<\/p>\n<p class=\"paragraph text_align_left lp-f-body-02\">De quoi faire pousser un grand ouf de soulagement \u00e0 nombre d\u2019entre eux. Car les m\u00e9thodes de ce professeur ont de quoi surprendre. \u00ab Quand il s\u2019\u00e9nerve, il balance des cartables \u00e0 travers la classe \u00bb, raconte Oscar (le pr\u00e9nom a \u00e9t\u00e9 chang\u00e9). Ou bien \u00ab il frappe tr\u00e8s fort le cahier sur nos tables \u00bb, dit l\u2019enfant, mimant le geste. Quand il ne balaye pas directement ce qu\u2019il y a sous le bureau d\u2019un revers de main. \u00ab Il n\u2019arr\u00eate pas de hurler. \u00bb<\/p>\n","protected":false},"excerpt":{"rendered":"Les \u00e9l\u00e8ves de cm2 de l\u2019\u00e9cole des Buttes de Cr\u00e9teil devraient faire leur rentr\u00e9e avec l\u2019esprit plus l\u00e9ger.&hellip;\n","protected":false},"author":2,"featured_media":507306,"comment_status":"","ping_status":"","sticky":false,"template":"","format":"standard","meta":{"footnotes":""},"categories":[1888],"tags":[11,1777,674,1011,27,1944,12,626,25,1125],"class_list":{"0":"post-507305","1":"post","2":"type-post","3":"status-publish","4":"format-standard","5":"has-post-thumbnail","7":"category-paris","8":"tag-actualites","9":"tag-eu","10":"tag-europe","11":"tag-fr","12":"tag-france","13":"tag-ma-ville","14":"tag-news","15":"tag-paris","16":"tag-republique-francaise","17":"tag-val-de-marne"},"share_on_mastodon":{"url":"https:\/\/pubeurope.com\/@fr\/115481657002457934","error":""},"_links":{"self":[{"href":"https:\/\/www.europesays.com\/fr\/wp-json\/wp\/v2\/posts\/507305","targetHints":{"allow":["GET"]}}],"collection":[{"href":"https:\/\/www.europesays.com\/fr\/wp-json\/wp\/v2\/posts"}],"about":[{"href":"https:\/\/www.europesays.com\/fr\/wp-json\/wp\/v2\/types\/post"}],"author":[{"embeddable":true,"href":"https:\/\/www.europesays.com\/fr\/wp-json\/wp\/v2\/users\/2"}],"replies":[{"embeddable":true,"href":"https:\/\/www.europesays.com\/fr\/wp-json\/wp\/v2\/comments?post=507305"}],"version-history":[{"count":0,"href":"https:\/\/www.europesays.com\/fr\/wp-json\/wp\/v2\/posts\/507305\/revisions"}],"wp:featuredmedia":[{"embeddable":true,"href":"https:\/\/www.europesays.com\/fr\/wp-json\/wp\/v2\/media\/507306"}],"wp:attachment":[{"href":"https:\/\/www.europesays.com\/fr\/wp-json\/wp\/v2\/media?parent=507305"}],"wp:term":[{"taxonomy":"category","embeddable":true,"href":"https:\/\/www.europesays.com\/fr\/wp-json\/wp\/v2\/categories?post=507305"},{"taxonomy":"post_tag","embeddable":true,"href":"https:\/\/www.europesays.com\/fr\/wp-json\/wp\/v2\/tags?post=507305"}],"curies":[{"name":"wp","href":"https:\/\/api.w.org\/{rel}","templated":true}]}}