{"id":507309,"date":"2025-11-02T19:04:17","date_gmt":"2025-11-02T19:04:17","guid":{"rendered":"https:\/\/www.europesays.com\/fr\/507309\/"},"modified":"2025-11-02T19:04:17","modified_gmt":"2025-11-02T19:04:17","slug":"ukraine-six-morts-dans-des-frappes-russes-kiev-cible-un-port-petrolier-actualites","status":"publish","type":"post","link":"https:\/\/www.europesays.com\/fr\/507309\/","title":{"rendered":"Ukraine: six morts dans des frappes russes, Kiev cible un port p\u00e9trolier : Actualit\u00e9s"},"content":{"rendered":"<p class=\"lead \">De nouvelles attaques nocturnes russes ont fait au moins six morts en Ukraine, ont indiqu\u00e9 dimanche les autorit\u00e9s locales, Kiev ayant de son c\u00f4t\u00e9 frapp\u00e9 dans la matin\u00e9e des installations p\u00e9troli\u00e8res dans un port de la mer Noire.<\/p>\n<p class=\"lead \">En d\u00e9pit des appels lanc\u00e9s \u00e0 la Russie pour qu&rsquo;elle mette fin \u00e0 la guerre, et des sanctions occidentales, Moscou poursuit ses attaques terrestres sur le front et a relanc\u00e9 ces derni\u00e8res semaines une campagne de bombardements cibl\u00e9s sur le syst\u00e8me \u00e9nerg\u00e9tique ukrainien.<\/p>\n<p class=\"lead \">Dans la nuit de samedi \u00e0 dimanche, elle a lanc\u00e9 79 drones et deux missiles balistiques sur l&rsquo;Ukraine, selon l&rsquo;arm\u00e9e de l&rsquo;air ukrainienne, qui a affirm\u00e9 avoir abattu 67 drones.<\/p>\n<p class=\"lead \">Le pr\u00e9sident Volodymyr Zelensky a pr\u00e9cis\u00e9 que cinq r\u00e9gions (Dnipropetrovsk, Zaporijjia, Kharkiv, Tcherniguiv et Odessa) avaient \u00e9t\u00e9 touch\u00e9es.<\/p>\n<p class=\"lead \">&#8211; 6 morts dont deux enfants &#8211;<\/p>\n<p class=\"lead \">Selon les autorit\u00e9s locales, quatre personnes ont \u00e9t\u00e9 tu\u00e9es, dont deux enfants, dans la r\u00e9gion de Dnipropetrovsk (centre-est) et deux autres dans celle d&rsquo;Odessa (sud). Une quinzaine de bless\u00e9s ont \u00e9galement \u00e9t\u00e9 recens\u00e9s.<\/p>\n<p class=\"lead \">Les enfants tu\u00e9s \u00e9taient deux gar\u00e7ons \u00e2g\u00e9s de 11 et 14 ans, a pr\u00e9cis\u00e9 le m\u00e9diateur ukrainien pour les droits humains Dmytro Loubinets.<\/p>\n<p class=\"lead \">Selon Volodymyr Zelensky, pendant la semaine \u00e9coul\u00e9e, l&rsquo;arm\u00e9e russe a attaqu\u00e9 l&rsquo;Ukraine avec pr\u00e8s de 1.500 drones, 1.170 bombes a\u00e9riennes et plus de 70 missiles.<\/p>\n<p class=\"lead \">Il a accus\u00e9 Moscou de vouloir s&rsquo;en prendre \u00ab\u00a0principalement\u00a0\u00bb \u00e0 la population civile. Moscou assure ne viser que des cibles militaires.<\/p>\n<p class=\"lead \">Les troupes russes attaquent chaque hiver depuis 2022 les infrastructures \u00e9lectriques ukrainiennes, contraignant le pays \u00e0 des restrictions et \u00e0 importer de l&rsquo;\u00e9nergie. <\/p>\n<p class=\"lead \">Dans ce contexte, M. Zelensky a annonc\u00e9 dimanche que Kiev avait \u00ab\u00a0renforc\u00e9\u00a0\u00bb ses syst\u00e8mes de d\u00e9fense antia\u00e9riens Patriot, de fabrication am\u00e9ricaine, gr\u00e2ce \u00e0 l&rsquo;aide de l&rsquo;Allemagne.<\/p>\n<p class=\"lead \">D\u00e9but ao\u00fbt, Berlin avait annonc\u00e9 la livraison prochaine de deux batteries suppl\u00e9mentaires Patriot \u00e0 l&rsquo;Ukraine &#8212; en plus de trois autres d\u00e9j\u00e0 livr\u00e9es \u00e0 Kiev par l&rsquo;Allemagne depuis f\u00e9vrier 2022 &#8212; et l&rsquo;envoi de composants de ces syst\u00e8mes \u00ab\u00a0au cours des deux \u00e0 trois prochains mois\u00a0\u00bb.<\/p>\n<p class=\"lead \">&#8211; Attaque d&rsquo;un terminal p\u00e9trolier &#8211;<\/p>\n<p class=\"lead \">En riposte aux bombardements russes, Kiev m\u00e8ne des frappes de drones en Russie, en visant en particulier les infrastructures p\u00e9troli\u00e8res et gazi\u00e8res pour tenter d&rsquo;affaiblir ce secteur qui finance l&rsquo;effort de guerre du Kremlin.<\/p>\n<p class=\"lead \"><img decoding=\"async\" class=\"w-100\" src=\"https:\/\/www.europesays.com\/fr\/wp-content\/uploads\/2025\/11\/2275\/actu\/afp-news\/f491157c-f73e-4d36-8c90-af92fe58529d.jpg\" alt=\"\"\/> Une attaque de drone ukrainien t\u00f4t dimanche contre le port russe de Touaps\u00e9, sur la mer Noire, a endommag\u00e9 deux navires et les infrastructures d&rsquo;un terminal p\u00e9trolier, ont indiqu\u00e9 les autorit\u00e9s locales.<\/p>\n<p class=\"lead \">Selon cette source, l&rsquo;attaque a d\u00e9clench\u00e9 des incendies qui ont \u00e9t\u00e9 ma\u00eetris\u00e9s par les pompiers.<\/p>\n<p class=\"lead \">Une source anonyme au sein du service de s\u00e9curit\u00e9 ukrainien (SBU) a affirm\u00e9 \u00e0 l&rsquo;AFP que cinq frappes de drones avaient \u00e9t\u00e9 effectu\u00e9es sur le site, causant notamment l&rsquo;incendie d&rsquo;un p\u00e9trolier.<\/p>\n<p class=\"lead \">Pour sa part, le minist\u00e8re russe de la D\u00e9fense a affirm\u00e9 avoir abattu 164 drones ukrainiens pendant la nuit au-dessus de plusieurs r\u00e9gions de Russie.<\/p>\n<p class=\"lead \">&#8211; Forces sp\u00e9ciales \u00e0 Pokrovsk-<\/p>\n<p class=\"lead \">Parall\u00e8lement, l&rsquo;arm\u00e9e russe, plus nombreuse et mieux \u00e9quip\u00e9e, poursuit depuis des mois ses attaques sur le front et gagne lentement du terrain dans certains secteurs, en d\u00e9pit de lourdes pertes.<\/p>\n<p class=\"lead \">Dans la r\u00e9gion de Donetsk (est), que le Kremlin cherche \u00e0 conqu\u00e9rir en priorit\u00e9, elle a fortement accru sa pression ces derniers jours sur le bastion de Pokrovsk.<\/p>\n<p class=\"lead \">L&rsquo;arm\u00e9e ukrainienne a affirm\u00e9 samedi qu&rsquo;une op\u00e9ration \u00ab\u00a0complexe\u00a0\u00bb impliquant des forces sp\u00e9ciales \u00e9tait en cours pour chasser les soldats russes infiltr\u00e9s dans cette ville.<\/p>\n<p class=\"lead \">Dans son allocution quotidienne, Volodymyr Zelensky a affirm\u00e9 dimanche soir qu&rsquo;il y avait eu des \u00ab\u00a0r\u00e9sultats\u00a0\u00bb concernant \u00ab\u00a0la destruction des occupants\u00a0\u00bb dans le secteur de Pokrovsk, sans fournir plus de d\u00e9tails.<\/p>\n<p class=\"lead \">Plus t\u00f4t, l&rsquo;arm\u00e9e russe, dans son compte-rendu quotidien, a, elle, affirm\u00e9 que \u00ab\u00a0la destruction\u00a0\u00bb de troupes ukrainiennes se poursuivait \u00e0 Pokrovsk, notamment dans le quartier de la gare en centre-ville.<\/p>\n<p class=\"lead \">Des observateurs militaires craignent que l&rsquo;agglom\u00e9ration de Pokrovsk-Myrnograd, qui comptait 100.000 habitants avant le d\u00e9but de l&rsquo;invasion en 2022, ne soit prochainement encercl\u00e9e et tombe sous le contr\u00f4le de la Russie.<\/p>\n<p class=\"lead \">Depuis 2023, Moscou a conquis plusieurs bastions ukrainiens dans la r\u00e9gion (Bakhmout, Avdi\u00efvka, Vougledar) apr\u00e8s de longs mois de combats meurtriers qui ont r\u00e9duit ces cit\u00e9s \u00e0 l&rsquo;\u00e9tat de ruines.<\/p>\n<p class=\"small font-weight-bold text-gray3 \"> publi\u00e9 le 2 novembre \u00e0 19h30, AFP<\/p>\n<p>                             Partager<\/p>\n","protected":false},"excerpt":{"rendered":"De nouvelles attaques nocturnes russes ont fait au moins six morts en Ukraine, ont indiqu\u00e9 dimanche les autorit\u00e9s&hellip;\n","protected":false},"author":2,"featured_media":507310,"comment_status":"","ping_status":"","sticky":false,"template":"","format":"standard","meta":{"footnotes":""},"categories":[1591],"tags":[11,2120,1887,12,1885,1886,132,220],"class_list":{"0":"post-507309","1":"post","2":"type-post","3":"status-publish","4":"format-standard","5":"has-post-thumbnail","7":"category-russie","8":"tag-actualites","9":"tag-conflit","10":"tag-federation-de-russie","11":"tag-news","12":"tag-russia","13":"tag-russian-federation","14":"tag-russie","15":"tag-ukraine"},"share_on_mastodon":{"url":"https:\/\/pubeurope.com\/@fr\/115481665522669743","error":""},"_links":{"self":[{"href":"https:\/\/www.europesays.com\/fr\/wp-json\/wp\/v2\/posts\/507309","targetHints":{"allow":["GET"]}}],"collection":[{"href":"https:\/\/www.europesays.com\/fr\/wp-json\/wp\/v2\/posts"}],"about":[{"href":"https:\/\/www.europesays.com\/fr\/wp-json\/wp\/v2\/types\/post"}],"author":[{"embeddable":true,"href":"https:\/\/www.europesays.com\/fr\/wp-json\/wp\/v2\/users\/2"}],"replies":[{"embeddable":true,"href":"https:\/\/www.europesays.com\/fr\/wp-json\/wp\/v2\/comments?post=507309"}],"version-history":[{"count":0,"href":"https:\/\/www.europesays.com\/fr\/wp-json\/wp\/v2\/posts\/507309\/revisions"}],"wp:featuredmedia":[{"embeddable":true,"href":"https:\/\/www.europesays.com\/fr\/wp-json\/wp\/v2\/media\/507310"}],"wp:attachment":[{"href":"https:\/\/www.europesays.com\/fr\/wp-json\/wp\/v2\/media?parent=507309"}],"wp:term":[{"taxonomy":"category","embeddable":true,"href":"https:\/\/www.europesays.com\/fr\/wp-json\/wp\/v2\/categories?post=507309"},{"taxonomy":"post_tag","embeddable":true,"href":"https:\/\/www.europesays.com\/fr\/wp-json\/wp\/v2\/tags?post=507309"}],"curies":[{"name":"wp","href":"https:\/\/api.w.org\/{rel}","templated":true}]}}