{"id":507319,"date":"2025-11-02T19:11:25","date_gmt":"2025-11-02T19:11:25","guid":{"rendered":"https:\/\/www.europesays.com\/fr\/507319\/"},"modified":"2025-11-02T19:11:25","modified_gmt":"2025-11-02T19:11:25","slug":"vahe-aghasyan-armenie-champion-deurope-de-judo-des-60-kg-des-moins-de-23-ans-a-chisinau-moldavie","status":"publish","type":"post","link":"https:\/\/www.europesays.com\/fr\/507319\/","title":{"rendered":"Vah\u00e9 Aghasyan (Arm\u00e9nie), champion d&rsquo;Europe de judo des 60 kg des moins de 23 ans \u00e0 Chisinau (Moldavie)"},"content":{"rendered":"<p>Vah\u00e9 Aghasyan a remport\u00e9 sous les couleurs de l\u2019Arm\u00e9nie le titre de champion d\u2019Europe de judo des 60 kg des moins de 23 ans qui se sont d\u00e9roul\u00e9s \u00e0 Chi\u0219in\u0103u, capitale de la Moldavie.<\/p>\n<p><img data-no-lazy=\"\" fetchpriority=\"high\" decoding=\"async\" src=\"https:\/\/www.europesays.com\/fr\/wp-content\/uploads\/2025\/11\/8000.jpg\" alt=\"\" width=\"1440\" height=\"1441\"\/><\/p>\n<p>En finale, le repr\u00e9sentant de l\u2019Arm\u00e9nie a vaincu le G\u00e9orgien Mate Gogoberishvili.<\/p>\n<p>Lors des qualifications, Vah\u00e9 Aghasyan a battu le Bulgare Hristo Hristo, l\u2019Espagnol Lopez Barroso et le Moldave Vladimir Iacomi. En demi-finale, il a vaincu le Belge Olivier Nayer.<\/p>\n<p>Martin Badalyan (Arm\u00e9nie) a \u00e9galement particip\u00e9 \u00e0 la comp\u00e9tition dans la cat\u00e9gorie des 60 kg, mais a \u00e9t\u00e9 \u00e9limin\u00e9 d\u00e8s son premier combat.<\/p>\n<p>Jirayr Hambaryan, en 66 kg, a \u00e9t\u00e9 \u00e9limin\u00e9 apr\u00e8s deux victoires et n\u2019a pas remport\u00e9 de m\u00e9daille.<\/p>\n<p>Dans la cat\u00e9gorie des 73 kg, Artak Torosyan a remport\u00e9 un combat avant de s\u2019incliner et de repartir sans m\u00e9daille. La m\u00e9daille de bronze dans cette cat\u00e9gorie est revenue \u00e0 Sos Khachatryan, repr\u00e9sentant la Serbie.<\/p>\n<p>\u00a0<\/p>\n<p>Krikor Amirzayan<\/p>\n","protected":false},"excerpt":{"rendered":"Vah\u00e9 Aghasyan a remport\u00e9 sous les couleurs de l\u2019Arm\u00e9nie le titre de champion d\u2019Europe de judo des 60&hellip;\n","protected":false},"author":2,"featured_media":507320,"comment_status":"","ping_status":"","sticky":false,"template":"","format":"standard","meta":{"footnotes":""},"categories":[1586],"tags":[4865,11,5950,1777,674,1011,27,13739,12,25],"class_list":{"0":"post-507319","1":"post","2":"type-post","3":"status-publish","4":"format-standard","5":"has-post-thumbnail","7":"category-europe","8":"tag-06-une-de-rubrique","9":"tag-actualites","10":"tag-armenie","11":"tag-eu","12":"tag-europe","13":"tag-fr","14":"tag-france","15":"tag-judo","16":"tag-news","17":"tag-republique-francaise"},"share_on_mastodon":{"url":"https:\/\/pubeurope.com\/@fr\/115481692433496833","error":""},"_links":{"self":[{"href":"https:\/\/www.europesays.com\/fr\/wp-json\/wp\/v2\/posts\/507319","targetHints":{"allow":["GET"]}}],"collection":[{"href":"https:\/\/www.europesays.com\/fr\/wp-json\/wp\/v2\/posts"}],"about":[{"href":"https:\/\/www.europesays.com\/fr\/wp-json\/wp\/v2\/types\/post"}],"author":[{"embeddable":true,"href":"https:\/\/www.europesays.com\/fr\/wp-json\/wp\/v2\/users\/2"}],"replies":[{"embeddable":true,"href":"https:\/\/www.europesays.com\/fr\/wp-json\/wp\/v2\/comments?post=507319"}],"version-history":[{"count":0,"href":"https:\/\/www.europesays.com\/fr\/wp-json\/wp\/v2\/posts\/507319\/revisions"}],"wp:featuredmedia":[{"embeddable":true,"href":"https:\/\/www.europesays.com\/fr\/wp-json\/wp\/v2\/media\/507320"}],"wp:attachment":[{"href":"https:\/\/www.europesays.com\/fr\/wp-json\/wp\/v2\/media?parent=507319"}],"wp:term":[{"taxonomy":"category","embeddable":true,"href":"https:\/\/www.europesays.com\/fr\/wp-json\/wp\/v2\/categories?post=507319"},{"taxonomy":"post_tag","embeddable":true,"href":"https:\/\/www.europesays.com\/fr\/wp-json\/wp\/v2\/tags?post=507319"}],"curies":[{"name":"wp","href":"https:\/\/api.w.org\/{rel}","templated":true}]}}