{"id":50732,"date":"2025-04-25T03:04:19","date_gmt":"2025-04-25T03:04:19","guid":{"rendered":"https:\/\/www.europesays.com\/fr\/50732\/"},"modified":"2025-04-25T03:04:19","modified_gmt":"2025-04-25T03:04:19","slug":"lyon-rennes-sorti-sur-civiere-a-saint-etienne-tolisso-incertain-pour-la-reception-du-stade-rennais","status":"publish","type":"post","link":"https:\/\/www.europesays.com\/fr\/50732\/","title":{"rendered":"Lyon &#8211; Rennes\u00a0: sorti sur civi\u00e8re \u00e0 Saint-\u00c9tienne, Tolisso \u00ab\u00a0incertain\u00a0\u00bb pour la r\u00e9ception du Stade Rennais"},"content":{"rendered":"<p>                    Ligue 1 (31e journ\u00e9e). Olympique Lyonnais &#8211; Stade Rennais, samedi (21 h 05)<\/p>\n<p>Touch\u00e9 au genou droit, dimanche soir, \u00e0 Saint-\u00c9tienne lors de la d\u00e9faite de l\u2019Olympique Lyonnais (2-1), le milieu de terrain Corentin Tolisso est simplement annonc\u00e9 comme \u00ab incertain \u00bb pour la r\u00e9ception du Stade Rennais, samedi, lors de la 31e journ\u00e9e de Ligue 1, a confi\u00e9 jeudi l\u2019entra\u00eeneur lyonnais, Paulo Fonseca.<\/p>\n<p>Tolisso a \u00e9t\u00e9 bless\u00e9 \u00e0 la 22e minute apr\u00e8s un choc avec l\u2018\u00a0attaquant belge des Verts, Lucas Stassin, exclu dans un premier temps avant que son carton rouge ne soit transform\u00e9 en jaune par l\u2019arbitre Fran\u00e7ois Letexier apr\u00e8s intervention de la vid\u00e9o-assistance.<\/p>\n<p>Il a \u00e9t\u00e9 \u00e9vacu\u00e9 sur une civi\u00e8re et a quitt\u00e9 le stade avec des b\u00e9quilles, une attelle au genou. \u00ab L\u2019unique doute que nous avons pour l\u2019\u00e9quipe se situe sur Corentin mais nous allons attendre demain (vendredi) pour savoir si nous avons la possibilit\u00e9 de le faire jouer contre Rennes \u00bb, a comment\u00e9 Fonseca, jeudi, en conf\u00e9rence de presse.<\/p>\n<p>\u00ab Il ne s\u2019est pas entra\u00een\u00e9 cette semaine. C\u2019est un joueur majeur qui veut aider l\u2019\u00e9quipe en ce moment. Nous allons voir, vendredi, s\u2019il peut faire quelque chose. Nous verrons comment il se sent durant le dernier entra\u00eenement. Nous devons en discuter tous ensemble pour voir si nous pouvons prendre le risque de le faire jouer \u00bb, a poursuivi l\u2019entra\u00eeneur portugais de l\u2019OL.<\/p>\n","protected":false},"excerpt":{"rendered":"Ligue 1 (31e journ\u00e9e). Olympique Lyonnais &#8211; Stade Rennais, samedi (21 h 05) Touch\u00e9 au genou droit, dimanche&hellip;\n","protected":false},"author":2,"featured_media":50733,"comment_status":"","ping_status":"","sticky":false,"template":"","format":"standard","meta":{"footnotes":""},"categories":[9653],"tags":[1111,11,2430,1777,674,63,1011,27,12,25,4001,60,3087],"class_list":{"0":"post-50732","1":"post","2":"type-post","3":"status-publish","4":"format-standard","5":"has-post-thumbnail","7":"category-saint-etienne","8":"tag-actu","9":"tag-actualites","10":"tag-auvergne-rhone-alpes","11":"tag-eu","12":"tag-europe","13":"tag-football","14":"tag-fr","15":"tag-france","16":"tag-news","17":"tag-republique-francaise","18":"tag-saint-etienne","19":"tag-sports","20":"tag-stade-rennais"},"share_on_mastodon":{"url":"https:\/\/pubeurope.com\/@fr\/114396388736237249","error":""},"_links":{"self":[{"href":"https:\/\/www.europesays.com\/fr\/wp-json\/wp\/v2\/posts\/50732","targetHints":{"allow":["GET"]}}],"collection":[{"href":"https:\/\/www.europesays.com\/fr\/wp-json\/wp\/v2\/posts"}],"about":[{"href":"https:\/\/www.europesays.com\/fr\/wp-json\/wp\/v2\/types\/post"}],"author":[{"embeddable":true,"href":"https:\/\/www.europesays.com\/fr\/wp-json\/wp\/v2\/users\/2"}],"replies":[{"embeddable":true,"href":"https:\/\/www.europesays.com\/fr\/wp-json\/wp\/v2\/comments?post=50732"}],"version-history":[{"count":0,"href":"https:\/\/www.europesays.com\/fr\/wp-json\/wp\/v2\/posts\/50732\/revisions"}],"wp:featuredmedia":[{"embeddable":true,"href":"https:\/\/www.europesays.com\/fr\/wp-json\/wp\/v2\/media\/50733"}],"wp:attachment":[{"href":"https:\/\/www.europesays.com\/fr\/wp-json\/wp\/v2\/media?parent=50732"}],"wp:term":[{"taxonomy":"category","embeddable":true,"href":"https:\/\/www.europesays.com\/fr\/wp-json\/wp\/v2\/categories?post=50732"},{"taxonomy":"post_tag","embeddable":true,"href":"https:\/\/www.europesays.com\/fr\/wp-json\/wp\/v2\/tags?post=50732"}],"curies":[{"name":"wp","href":"https:\/\/api.w.org\/{rel}","templated":true}]}}