{"id":507328,"date":"2025-11-02T19:16:11","date_gmt":"2025-11-02T19:16:11","guid":{"rendered":"https:\/\/www.europesays.com\/fr\/507328\/"},"modified":"2025-11-02T19:16:11","modified_gmt":"2025-11-02T19:16:11","slug":"clement-charmasson-rejoint-oihan-guillamoundeguy-et-felix-mory-sur-le-dp-world-tour-lequipe","status":"publish","type":"post","link":"https:\/\/www.europesays.com\/fr\/507328\/","title":{"rendered":"Cl\u00e9ment Charmasson rejoint Oihan Guillamoundeguy et F\u00e9lix Mory sur le DP World Tour &#8211; L&#039;\u00c9quipe"},"content":{"rendered":"<ol>\n<li><a href=\"https:\/\/news.google.com\/rss\/articles\/CBMiygFBVV95cUxOTVBROUJCdlhFQ3pVbVowVlFzT2tkXy13cXdwbDhQUVVwT3ZPZVNXNFN0RDhzTTRwc0FlZS1maHdZNmxCWFJ5aWVlektVVXJQNkIzWkZYMVgxaTRxTWswU19iU080allqS3VVOC12TVFscERRT0dPc2Z0RTd6TzlCU2oxYWgxNUhpRHVDV0NkRXB5WTRvWU1LTHI3alJURVJSLWdRU3VfczJqdzdnQlhEX1ZWWjJkdDFrUFVVS0ZOOThPU1lxVlpGU0lR?oc=5\" target=\"_blank\" rel=\"nofollow noopener\">Cl\u00e9ment Charmasson rejoint Oihan Guillamoundeguy et F\u00e9lix Mory sur le DP World Tour<\/a>&nbsp;&nbsp;L&rsquo;\u00c9quipe<\/li>\n<li><a href=\"https:\/\/news.google.com\/rss\/articles\/CBMikgJBVV95cUxNT0ZReDRtYUU4VERoNU9ySEhyRnJ5U3BnQndZS3pUQVVEbXQxdXB3N0VYUFRodFBwa2NaY04yR2M4TnlYNWxZN21NSGtmT25JdGN0Szg1OHhWNmdzdTB0aDRlUzZPTUpLU2NEYlVqMHJoWWJxUGpzb0FWQXNjZURHOGZzbmJwNElTRjY3RjlIRGhaejV1ZHBHZE10cXNUYnM3QUN4aWlRU0NncElqSVlKZnBRZVc1NUxpZ0l4X0F4a2tpUjFTZVRydDU1dFpiRXNvZXBtR0l5TVdleTdmMW9reENRT0NkSG5PSG0yajc4dGJlLTMzbVE1b01vNUxrbjlhTkEyamM1eV9ydlNucUxtRUp3?oc=5\" target=\"_blank\" rel=\"nofollow noopener\">Golf. Rolex Grand Final: Victoire de Morisson. Mory, Guillamoundeguy et Charmason sur le DPW Tour<\/a>&nbsp;&nbsp;Ouest-France<\/li>\n<li><a href=\"https:\/\/news.google.com\/rss\/articles\/CBMivgFBVV95cUxQOWNSTlBEcHhYMHduTGZaVTUtZWZuRTJmQU1JRTc1N205Rld6SEk2TWRJWUdLcjl3ZmhWQlZrbDItUEtQdGdSdFZsZkNuTGh0Qm5fNHJRa0tBMGo1bWw4cnZ0N2tpdWY4bnhOUUJUaDZ0Umg0Y2IzTzhWcnlLbUdhS2psTmVwNkNCSG5qMUFiTkNTc2FsMllWZW9CclRhN0RpeUZyT0dUOTdPVkRIbFhROXR6MmhheU1ZNlJaY0Vn?oc=5\" target=\"_blank\" rel=\"nofollow noopener\">F\u00e9lix Mory 6e de l&rsquo;HotelPlanner tour, James Morrison nouveau leader<\/a>&nbsp;&nbsp;MSN<\/li>\n<li><a href=\"https:\/\/news.google.com\/rss\/articles\/CBMijwFBVV95cUxQRzc0SXZ1MWw1TU16N0hDTkgxNzc5aWlJZzRYeUVyaEVHNC1yRlZNUGZORjJDbUtuX0hBXzJfbUxraTFsQ2IweTNxSEdhdUxKWDU4ZldRblhJTVFCOFc1c0o1OVVkR0FMX0FELVozZVRBWktUeGl0d3JiaE9sNTVCdnVhZklQbTdIMFVxT0lMYw?oc=5\" target=\"_blank\" rel=\"nofollow noopener\">F\u00e9lix Mory en embuscade, Julien Sale dos au mur<\/a>&nbsp;&nbsp;Golf Plan\u00e8te<\/li>\n<li><a href=\"https:\/\/news.google.com\/rss\/articles\/CBMimgFBVV95cUxNaTVwT285MElfWjh6RE9YVFJWVkwtSmNTM0xFbGRYYnBNMUg0TmxYdDFydnlLMHB4ZWhoZlJ3ekZxazlaUDZ0YXMxaTNuYlBNVGdBZTlwcmM1UmdOdTRlSjdDSlFXRHNzWXFzbTRlLVVHTXB2VW9UR2VSbzBKVG9vOERvNnFJYVN5RVpkY2FKMTBSRTRfRWFOcXVR?oc=5\" target=\"_blank\" rel=\"nofollow noopener\">Golf professionnel : Mory fait un pas de recul<\/a>&nbsp;&nbsp;F\u00e9d\u00e9ration fran\u00e7aise de golf (ffgolf)<\/li>\n<\/ol>\n","protected":false},"excerpt":{"rendered":"Cl\u00e9ment Charmasson rejoint Oihan Guillamoundeguy et F\u00e9lix Mory sur le DP World Tour&nbsp;&nbsp;L&rsquo;\u00c9quipe Golf. Rolex Grand Final: Victoire&hellip;\n","protected":false},"author":2,"featured_media":507329,"comment_status":"","ping_status":"","sticky":false,"template":"","format":"standard","meta":{"footnotes":""},"categories":[1418],"tags":[1011,27,1472,60],"class_list":{"0":"post-507328","1":"post","2":"type-post","3":"status-publish","4":"format-standard","5":"has-post-thumbnail","7":"category-golf","8":"tag-fr","9":"tag-france","10":"tag-golf","11":"tag-sports"},"share_on_mastodon":{"url":"https:\/\/pubeurope.com\/@fr\/115481711994360502","error":""},"_links":{"self":[{"href":"https:\/\/www.europesays.com\/fr\/wp-json\/wp\/v2\/posts\/507328","targetHints":{"allow":["GET"]}}],"collection":[{"href":"https:\/\/www.europesays.com\/fr\/wp-json\/wp\/v2\/posts"}],"about":[{"href":"https:\/\/www.europesays.com\/fr\/wp-json\/wp\/v2\/types\/post"}],"author":[{"embeddable":true,"href":"https:\/\/www.europesays.com\/fr\/wp-json\/wp\/v2\/users\/2"}],"replies":[{"embeddable":true,"href":"https:\/\/www.europesays.com\/fr\/wp-json\/wp\/v2\/comments?post=507328"}],"version-history":[{"count":0,"href":"https:\/\/www.europesays.com\/fr\/wp-json\/wp\/v2\/posts\/507328\/revisions"}],"wp:featuredmedia":[{"embeddable":true,"href":"https:\/\/www.europesays.com\/fr\/wp-json\/wp\/v2\/media\/507329"}],"wp:attachment":[{"href":"https:\/\/www.europesays.com\/fr\/wp-json\/wp\/v2\/media?parent=507328"}],"wp:term":[{"taxonomy":"category","embeddable":true,"href":"https:\/\/www.europesays.com\/fr\/wp-json\/wp\/v2\/categories?post=507328"},{"taxonomy":"post_tag","embeddable":true,"href":"https:\/\/www.europesays.com\/fr\/wp-json\/wp\/v2\/tags?post=507328"}],"curies":[{"name":"wp","href":"https:\/\/api.w.org\/{rel}","templated":true}]}}