{"id":507330,"date":"2025-11-02T19:17:11","date_gmt":"2025-11-02T19:17:11","guid":{"rendered":"https:\/\/www.europesays.com\/fr\/507330\/"},"modified":"2025-11-02T19:17:11","modified_gmt":"2025-11-02T19:17:11","slug":"beziers-volley-le-facteur-psychologique-a-pese-lourd-ce-samedi-encore","status":"publish","type":"post","link":"https:\/\/www.europesays.com\/fr\/507330\/","title":{"rendered":"B\u00e9ziers-volley\u00a0: le facteur psychologique a pes\u00e9 lourd ce samedi encore"},"content":{"rendered":"<p>\n                                                                Les joueuses du B\u00e9ziers Angels se sont inclin\u00e9es trois sets \u00e0 un face aux volleyeuses de Canet lors de la derni\u00e8re rencontre du championnat de France \u00e0 Canet. Il va falloir rebondir.\n                            <\/p>\n<p>Le B\u00e9ziers-Volley avait pourtant bien commenc\u00e9 samedi soir sur le parquet du Volley-ball Canet, mais les locales ont ensuite invers\u00e9 la tendance et se sont impos\u00e9 3 sets \u00e0 1 (15\/25, 25\/21, 25\/16, 25\/16). \u00ab\u00a0On d\u00e9marre bien, tr\u00e8s bien m\u00eame, c\u2019est un premier set quasi parfait, et malheureusement on n\u2019arrive pas \u00e0 tenir ce niveau sur la suite du match\u00a0\u00bb, confiait Fabien Simondet, l\u2019entra\u00eeneur biterrois.<\/p>\n<p>Un adversaire trop physique<\/p>\n<p>\u00ab\u00a0C\u2019est une \u00e9quipe azur\u00e9enne tr\u00e8s physique, beaucoup plus physique que nous, on les avait fait douter au d\u00e9but, et au deuxi\u00e8me, elles reprennent confiance, et nous, on baisse de niveau petit \u00e0 petit\u00a0\u00bb, poursuivait Simondet. Les B\u00e9ziers-Angels n\u2019ont jamais r\u00e9ussi \u00e0 retrouver le rythme du premier set, accumulant les petites erreurs. \u00ab\u00a0On a fait beaucoup trop de fautes \u00e0 l\u2019attaque\u2026 Encore une fois des choses simples, des probl\u00e8mes de communication entre deux joueuses\u00a0\u00bb, analyse l\u2019entra\u00eeneur.<\/p>\n<p>Le mental, un facteur cl\u00e9<\/p>\n<p>Au-del\u00e0 du jeu, le facteur psychologique a pes\u00e9 lourd. \u00ab\u00a0Les filles ont envie de bien faire, mais des fois trop bien faire fait qu\u2019on est un peu partout sans \u00eatre au bon endroit. Chacune veut faire les choses correctement, mais les faits individuellement plut\u00f4t que collectivement\u00a0\u00bb, expliquait Simondet.<\/p>\n<p>Vers la relance \u00e0 domicile<\/p>\n<p>Malgr\u00e9 cette contre-performance, la troisi\u00e8me \u00e0 l\u2019ext\u00e9rieur, l\u2019optimisme reste de mise pour le technicien\u00a0: \u00ab\u00a0Ce n\u2019est pas une honte de perdre au Canet, une \u00e9quipe qui a budget sup\u00e9rieur au n\u00f4tre, et qui joue la ligue des Champions. Il y a de l\u2019envie, mais il manque cette petite \u00e9tincelle pour mettre un peu plus d\u2019euphorie, un peu plus de lucidit\u00e9 sur certains points.\u00a0\u00bb<\/p>\n<p>B\u00e9ziers, d\u00e9sormais 8e de la Saforelle Power 6, se tourne vers ses prochains matchs \u00e0 domicile. Le week-end prochain, contre Bordeaux, qui reste sur quatre d\u00e9faites cons\u00e9cutives, ce sera peut-\u00eatre l\u2019occasion d\u2019engranger des points. \u00ab\u00a0Il va falloir qu\u2019on commence \u00e0 gagner pour prendre des points et s\u2019installer sur le haut\u00a0\u00bb, conclut Fabien Simondet.<\/p>\n","protected":false},"excerpt":{"rendered":"Les joueuses du B\u00e9ziers Angels se sont inclin\u00e9es trois sets \u00e0 un face aux volleyeuses de Canet lors&hellip;\n","protected":false},"author":2,"featured_media":507331,"comment_status":"","ping_status":"","sticky":false,"template":"","format":"standard","meta":{"footnotes":""},"categories":[1417],"tags":[1011,27,60,1470,1469],"class_list":{"0":"post-507330","1":"post","2":"type-post","3":"status-publish","4":"format-standard","5":"has-post-thumbnail","7":"category-volley","8":"tag-fr","9":"tag-france","10":"tag-sports","11":"tag-volley","12":"tag-volleyball"},"share_on_mastodon":{"url":"https:\/\/pubeurope.com\/@fr\/115481715969426777","error":""},"_links":{"self":[{"href":"https:\/\/www.europesays.com\/fr\/wp-json\/wp\/v2\/posts\/507330","targetHints":{"allow":["GET"]}}],"collection":[{"href":"https:\/\/www.europesays.com\/fr\/wp-json\/wp\/v2\/posts"}],"about":[{"href":"https:\/\/www.europesays.com\/fr\/wp-json\/wp\/v2\/types\/post"}],"author":[{"embeddable":true,"href":"https:\/\/www.europesays.com\/fr\/wp-json\/wp\/v2\/users\/2"}],"replies":[{"embeddable":true,"href":"https:\/\/www.europesays.com\/fr\/wp-json\/wp\/v2\/comments?post=507330"}],"version-history":[{"count":0,"href":"https:\/\/www.europesays.com\/fr\/wp-json\/wp\/v2\/posts\/507330\/revisions"}],"wp:featuredmedia":[{"embeddable":true,"href":"https:\/\/www.europesays.com\/fr\/wp-json\/wp\/v2\/media\/507331"}],"wp:attachment":[{"href":"https:\/\/www.europesays.com\/fr\/wp-json\/wp\/v2\/media?parent=507330"}],"wp:term":[{"taxonomy":"category","embeddable":true,"href":"https:\/\/www.europesays.com\/fr\/wp-json\/wp\/v2\/categories?post=507330"},{"taxonomy":"post_tag","embeddable":true,"href":"https:\/\/www.europesays.com\/fr\/wp-json\/wp\/v2\/tags?post=507330"}],"curies":[{"name":"wp","href":"https:\/\/api.w.org\/{rel}","templated":true}]}}