{"id":507339,"date":"2025-11-02T19:25:12","date_gmt":"2025-11-02T19:25:12","guid":{"rendered":"https:\/\/www.europesays.com\/fr\/507339\/"},"modified":"2025-11-02T19:25:12","modified_gmt":"2025-11-02T19:25:12","slug":"stephanie-le-quellec-emue-aux-larmes-dans-un-dimanche-a-la-campagne","status":"publish","type":"post","link":"https:\/\/www.europesays.com\/fr\/507339\/","title":{"rendered":"St\u00e9phanie Le Quellec \u00e9mue aux larmes dans \u00abUn dimanche \u00e0 la campagne\u00bb"},"content":{"rendered":"<p>    St\u00e9phanie Le Quellec dans \u00abUn dimanche \u00e0 la campagne\u00bb.<br \/>\n                Capture \u00e9cran.<\/p>\n<p>\n    La cheffe doublement \u00e9toil\u00e9e et jur\u00e9e de \u00abTop Chef\u00bb est revenue sur son parcours sem\u00e9 d\u2019emb\u00fbches face \u00e0 Fr\u00e9d\u00e9ric Lopez, ce dimanche sur France 2.<\/p>\n<p class=\"fig-paragraph\">De l\u2019\u00e9motion chaque dimanche sur France 2. Et ce 2 novembre ne fait pas exception avec\u00a0<a href=\"http:\/\/tvmag.lefigaro.fr\/programme-tv\/actu-tele\/stephanie-le-quellec-faire-partie-de-la-ceremonie-d-ouverture-des-jeux-olympiques-c-est-extraordinaire-20240731\" target=\"_blank\" data-fig-type=\"Article\" rel=\"noopener nofollow\" data-gtm-custom-categorie=\"navigation\" data-gtm-custom-action=\"crossclick\" data-gtm-custom-label=\"Contextuel\" data-gtm-event=\"customEventSPE\" data-fig-domain=\"TVMAG\"><strong>St\u00e9phanie Le Quellec<\/strong><\/a> . Gagnante de la saison 2 de \u00abTop Chef\u00bb, devenue cheffe de brigade depuis la saison 15, deux \u00e9toiles au guide Michelin, la cuisini\u00e8re peut se vanter d\u2019un impressionnant parcours, pourtant parsem\u00e9 d\u2019emb\u00fbches.<\/p>\n<p class=\"fig-paragraph\">C\u2019est suite \u00e0 un stage dans un restaurant gastronomique, une fois son brevet en poche, qu\u2019elle d\u00e9couvre sa vocation. St\u00e9phanie Le Quellec d\u00e9bute alors dans un milieu \u00abo\u00f9 il y a encore tr\u00e8s peu de femmes\u00bb. Ils sont l\u00e9gion \u00e0 essayer de la d\u00e9courager. Pour suivre son mari David \u00e0 Nice et apr\u00e8s avoir mis au monde ses deux enfants, elle accepte de repartir de z\u00e9ro.<\/p>\n<blockquote class=\"fig-quote&#10;    \">\n<p class=\"fig-quote__text\">Quand on est fid\u00e8le \u00e0 soi-m\u00eame, \u00e0 ses valeurs, \u00e0 un moment, il y a quelqu\u2019un qui le remarque.<\/p>\n<p>            St\u00e9phanie Le Quellec\n    <\/p><\/blockquote>\n<p>                                    <a class=\"fig-a11y-skip a11y-hidden\" href=\"#fig-a11y-skip-main-inarticle\"><br \/>\n        Passer la publicit\u00e9<br \/>\n    <\/a><\/p>\n<p class=\"fig-paragraph\">\u00abDans un premier temps, on met son ego de c\u00f4t\u00e9, \u00e0 faire les petits d\u00e9jeuners le matin, les \u0153ufs au bacon, des saucisses, des club sandwichs, \u00e0 s\u2019occuper du restaurant de la piscine\u00bb, se rappelle-t-elle face \u00e0\u00a0<a href=\"http:\/\/tvmag.lefigaro.fr\/programme-tv\/people\/maintenir-le-bruit-des-casseroles-roland-perez-evoque-avec-emotion-la-mort-de-sa-femme-face-a-frederic-lopez-20250921\" target=\"_blank\" data-fig-type=\"Article\" rel=\"noopener nofollow\" data-gtm-custom-categorie=\"navigation\" data-gtm-custom-action=\"crossclick\" data-gtm-custom-label=\"Contextuel\" data-gtm-event=\"customEventSPE\" data-fig-domain=\"TVMAG\">Fr\u00e9d\u00e9ric Lopez<\/a>. St\u00e9phanie Le Quellec, r\u00e9siliente, est pourtant bien d\u00e9cid\u00e9e \u00e0 r\u00e9aliser ses r\u00eaves. \u00abChaque pas m\u2019a appris \u00e0 aller un peu plus loin\u00bb, explique la cuisini\u00e8re lors de la conclusion de l\u2019\u00e9mission de confessions de France 2.<\/p>\n<p class=\"fig-paragraph\">Sa route croise finalement celle du chef Philippe Jourdin, \u00abson mentor\u00bb. Celui qui fut \u00abl\u2019un des premiers\u00bb \u00e0 lui faire confiance. \u00abQuand on est fid\u00e8le \u00e0 soi-m\u00eame, \u00e0 ses valeurs, quand on continue \u00e0 travailler tr\u00e8s fort, \u00e0 y croire tr\u00e8s fort, il y a une \u00e9vidence. \u00c0 un moment, il y a quelqu\u2019un qui le remarque\u00bb, analyse la cuisini\u00e8re a posteriori.<\/p>\n<p class=\"fig-paragraph\">Ce dernier lui adresse un message vid\u00e9o tandis qu\u2019elle est \u00e0 la table du d\u00eener qu\u2019elle a forc\u00e9ment pr\u00e9par\u00e9 pour ses colocataires du jour, le chanteur B\u00e9nabar et l\u2019\u00e9crivain Olivier Norek. \u00abJe me souviens de cette jeune femme introvertie, maman de deux petits gar\u00e7ons, port\u00e9e par une volont\u00e9 \u00e0 toute \u00e9preuve. Quand je regarde ton parcours, je suis fier et admiratif. Je sais les combats que tu as d\u00fb mener, je sais que tu es une battante. Mais ce qui me touche le plus dans tout \u00e7a, c\u2019est qu\u2019au sommet de ta r\u00e9ussite, tu n\u2019as pas oubli\u00e9 d\u2019o\u00f9 tu venais. Tu as un c\u0153ur immense ma Stef, je suis fier de vous avoir comme ami David et toi. Je vous aime\u00bb, lui d\u00e9clare Philippe Jourdin.<\/p>\n<p class=\"fig-paragraph\">Des mots qui touchent particuli\u00e8rement St\u00e9phanie Le Quellec. \u00abJe ne m\u2019y attendais pas \u00e0 celle-l\u00e0, Fr\u00e9d\u00e9ric. Il a \u00e9t\u00e9 mon papa dans la cuisine. Il m\u2019a mis sur les rails, il m\u2019a mis sur la voie. Il m\u2019a donn\u00e9 le go\u00fbt du travail bien fait dans la bienveillance\u00bb, commente-t-elle avec les larmes aux yeux.<\/p>\n","protected":false},"excerpt":{"rendered":"St\u00e9phanie Le Quellec dans \u00abUn dimanche \u00e0 la campagne\u00bb. Capture \u00e9cran. La cheffe doublement \u00e9toil\u00e9e et jur\u00e9e de&hellip;\n","protected":false},"author":2,"featured_media":507340,"comment_status":"","ping_status":"","sticky":false,"template":"","format":"standard","meta":{"footnotes":""},"categories":[1359],"tags":[58,59,1011,27,9481,973,62822],"class_list":{"0":"post-507339","1":"post","2":"type-post","3":"status-publish","4":"format-standard","5":"has-post-thumbnail","7":"category-people","8":"tag-divertissement","9":"tag-entertainment","10":"tag-fr","11":"tag-france","12":"tag-frederic-lopez","13":"tag-people","14":"tag-stephanie-le-quellec"},"share_on_mastodon":{"url":"https:\/\/pubeurope.com\/@fr\/115481747517985157","error":""},"_links":{"self":[{"href":"https:\/\/www.europesays.com\/fr\/wp-json\/wp\/v2\/posts\/507339","targetHints":{"allow":["GET"]}}],"collection":[{"href":"https:\/\/www.europesays.com\/fr\/wp-json\/wp\/v2\/posts"}],"about":[{"href":"https:\/\/www.europesays.com\/fr\/wp-json\/wp\/v2\/types\/post"}],"author":[{"embeddable":true,"href":"https:\/\/www.europesays.com\/fr\/wp-json\/wp\/v2\/users\/2"}],"replies":[{"embeddable":true,"href":"https:\/\/www.europesays.com\/fr\/wp-json\/wp\/v2\/comments?post=507339"}],"version-history":[{"count":0,"href":"https:\/\/www.europesays.com\/fr\/wp-json\/wp\/v2\/posts\/507339\/revisions"}],"wp:featuredmedia":[{"embeddable":true,"href":"https:\/\/www.europesays.com\/fr\/wp-json\/wp\/v2\/media\/507340"}],"wp:attachment":[{"href":"https:\/\/www.europesays.com\/fr\/wp-json\/wp\/v2\/media?parent=507339"}],"wp:term":[{"taxonomy":"category","embeddable":true,"href":"https:\/\/www.europesays.com\/fr\/wp-json\/wp\/v2\/categories?post=507339"},{"taxonomy":"post_tag","embeddable":true,"href":"https:\/\/www.europesays.com\/fr\/wp-json\/wp\/v2\/tags?post=507339"}],"curies":[{"name":"wp","href":"https:\/\/api.w.org\/{rel}","templated":true}]}}