{"id":50734,"date":"2025-04-25T03:05:09","date_gmt":"2025-04-25T03:05:09","guid":{"rendered":"https:\/\/www.europesays.com\/fr\/50734\/"},"modified":"2025-04-25T03:05:09","modified_gmt":"2025-04-25T03:05:09","slug":"meurthe-et-moselle-avant-pour-faire-enlever-un-tatouage-je-conseillais-daller-au-luxembourg-souffle-un-tatoueur-de-nancy","status":"publish","type":"post","link":"https:\/\/www.europesays.com\/fr\/50734\/","title":{"rendered":"Meurthe-et-Moselle. \u00ab Avant, pour faire enlever un tatouage, je conseillais d\u2019aller au Luxembourg \u00bb souffle un tatoueur de Nancy"},"content":{"rendered":"<p>Tom Lagache est \u00e0 classer dans les \u201cpistolero\u201d d\u2019encre, un adepte des lignes fines. Douze ans s\u00e9parent sa premi\u00e8re \u0153uvre en qualit\u00e9 de professionnel (une petite \u00e9toile au pied d\u2019un circassien), d\u2019un r\u00e9cent dos complet sous le th\u00e8me des dieux \u00e9gyptiens. Oui, Tom Lagache fait couler l\u2019encre, du moins l\u2019injecte. Ce tatoueur nanc\u00e9ien n\u2019a pas fait de d\u00e9compte : \u00ab \u00c0 la louche, je dirais que j\u2019ai accompli plusieurs milliers de tatouages.\u00a0 \u00bb<\/p>\n<p>Apr\u00e8s une formation en hygi\u00e8ne et salubrit\u00e9, cet autodidacte, qui s\u2019est pr\u00e9alablement exerc\u00e9 sur lui-m\u00eame avant d\u2019en faire son m\u00e9tier, contemple l\u2019\u00e9volution du tatouage sans nostalgie, en simple observateur de son \u00e9poque : \u00ab Suivant les g\u00e9n\u00e9rations, on voit le ph\u00e9nom\u00e8ne \u00e9voluer. Aujourd\u2019hui, les jeunes recherchent plut\u00f4t des tatouages visibles, notamment sur les avant-bras, qui sont tr\u00e8s demand\u00e9s. \u00bb<\/p>\n<p>\u00ab Les&#8230;                <\/p>\n","protected":false},"excerpt":{"rendered":"Tom Lagache est \u00e0 classer dans les \u201cpistolero\u201d d\u2019encre, un adepte des lignes fines. Douze ans s\u00e9parent sa&hellip;\n","protected":false},"author":2,"featured_media":50735,"comment_status":"","ping_status":"","sticky":false,"template":"","format":"standard","meta":{"footnotes":""},"categories":[9635],"tags":[1111,11,1477,4406,130,1687,1704,1777,674,1011,27,775,1702,1703,12,25],"class_list":{"0":"post-50734","1":"post","2":"type-post","3":"status-publish","4":"format-standard","5":"has-post-thumbnail","7":"category-nancy","8":"tag-actu","9":"tag-actualites","10":"tag-artisanat","11":"tag-commerce-et-services","12":"tag-consommation","13":"tag-culture-loisirs","14":"tag-edition-nancy-et-agglomeration","15":"tag-eu","16":"tag-europe","17":"tag-fr","18":"tag-france","19":"tag-grand-est","20":"tag-nancy","21":"tag-nancy-ville-54b","22":"tag-news","23":"tag-republique-francaise"},"share_on_mastodon":{"url":"https:\/\/pubeurope.com\/@fr\/114396392543169488","error":""},"_links":{"self":[{"href":"https:\/\/www.europesays.com\/fr\/wp-json\/wp\/v2\/posts\/50734","targetHints":{"allow":["GET"]}}],"collection":[{"href":"https:\/\/www.europesays.com\/fr\/wp-json\/wp\/v2\/posts"}],"about":[{"href":"https:\/\/www.europesays.com\/fr\/wp-json\/wp\/v2\/types\/post"}],"author":[{"embeddable":true,"href":"https:\/\/www.europesays.com\/fr\/wp-json\/wp\/v2\/users\/2"}],"replies":[{"embeddable":true,"href":"https:\/\/www.europesays.com\/fr\/wp-json\/wp\/v2\/comments?post=50734"}],"version-history":[{"count":0,"href":"https:\/\/www.europesays.com\/fr\/wp-json\/wp\/v2\/posts\/50734\/revisions"}],"wp:featuredmedia":[{"embeddable":true,"href":"https:\/\/www.europesays.com\/fr\/wp-json\/wp\/v2\/media\/50735"}],"wp:attachment":[{"href":"https:\/\/www.europesays.com\/fr\/wp-json\/wp\/v2\/media?parent=50734"}],"wp:term":[{"taxonomy":"category","embeddable":true,"href":"https:\/\/www.europesays.com\/fr\/wp-json\/wp\/v2\/categories?post=50734"},{"taxonomy":"post_tag","embeddable":true,"href":"https:\/\/www.europesays.com\/fr\/wp-json\/wp\/v2\/tags?post=50734"}],"curies":[{"name":"wp","href":"https:\/\/api.w.org\/{rel}","templated":true}]}}