{"id":507341,"date":"2025-11-02T19:26:20","date_gmt":"2025-11-02T19:26:20","guid":{"rendered":"https:\/\/www.europesays.com\/fr\/507341\/"},"modified":"2025-11-02T19:26:20","modified_gmt":"2025-11-02T19:26:20","slug":"il-a-photographie-brad-pitt-uma-thurman-tom-cruise-et-les-stars-de-cannes-matthieu-munoz-vient-de-sinstaller-a-quimper","status":"publish","type":"post","link":"https:\/\/www.europesays.com\/fr\/507341\/","title":{"rendered":"Il a photographi\u00e9 Brad Pitt, Uma Thurman, Tom Cruise et les stars de Cannes\u00a0: Matthieu Munoz vient de s\u2019installer \u00e0 Quimper"},"content":{"rendered":"<p>Il a davantage l\u2019habitude d\u2019\u00eatre derri\u00e8re l\u2019appareil photo que de se faire tirer le portrait, dont il a fait pourtant l\u2019une de ses sp\u00e9cialit\u00e9s. R\u00e9cemment arriv\u00e9 en Cornouaille, le photographe ind\u00e9pendant Matthieu Munoz a pos\u00e9 ses valises \u00e0 Quimper apr\u00e8s une carri\u00e8re richement fournie en r\u00e9gion parisienne entre autres.<\/p>\n<p>\u00ab\u00a0J\u2019ai grandi du c\u00f4t\u00e9 du Morbihan, entre Vannes et Auray\u00a0\u00bb, retrace le quadrag\u00e9naire qui, apr\u00e8s des \u00e9tudes de cin\u00e9ma et d\u2019infographie \u00e0 Rennes\u200a2, s\u2019est ensuite dirig\u00e9 vers la photo. \u00ab\u00a0J\u2019avais d\u00e9j\u00e0 eu un petit compact pendant mes \u00e9tudes, mais je me suis achet\u00e9 un r\u00e9flex num\u00e9rique lors d\u2019un voyage \u00e0 Singapour. Mon p\u00e8re, qui est passionn\u00e9, m\u2019a d\u2019abord donn\u00e9 quelques conseils et je me suis form\u00e9 en autodidacte.\u00a0\u00bb<\/p>\n<p>De Pascal Ito au festival de Cannes<\/p>\n<p>Au culot, il d\u00e9marche des photographes sp\u00e9cialis\u00e9s en portrait de c\u00e9l\u00e9brit\u00e9s au d\u00e9but des ann\u00e9es 2010. \u00ab\u00a0Comme j\u2019avais des comp\u00e9tences en infographie, Pascal Ito [photographe de star et de presse, NDLR] m\u2019a choisi pour l\u2019assister en post-production, en sourit aujourd\u2019hui Matthieu Munoz. Finalement, au fil du temps, il m\u2019a fait de plus en plus confiance.\u00a0\u00bb<\/p>\n<p>\u00c0 Paris, le photographe en profite aussi pour mettre un pied sur des plateaux t\u00e9l\u00e9s et radios comme Europe 1 ou RTL, r\u00e9alise aussi des photos de presse.<\/p>\n<p>\u00ab\u00a0Et puis, j\u2019ai eu la chance qu\u2019une agence de presse \u00e0 laquelle j\u2019avais postul\u00e9 me propose un poste de photographe de rue rempla\u00e7ant pour couvrir une \u00e9dition <a href=\"https:\/\/www.letelegramme.fr\/france\/festival-de-cannes-2025-decouvrez-le-portfolio-dandre-heliou-6816484.php\" rel=\"nofollow noopener\" target=\"_blank\">du Festival de Cannes<\/a>\u00a0\u00bb, se rem\u00e9more-t-il. La premi\u00e8re des douze qu\u2019il affiche aujourd\u2019hui au compteur. \u00ab\u00a0Cette ann\u00e9e-l\u00e0, j\u2019ai crois\u00e9 Milla Jovovich et Takeshi Kitano, l\u2019un de mes r\u00e9alisateurs pr\u00e9f\u00e9r\u00e9s.\u00a0\u00bb<\/p>\n<p>Bain de foule, danse mythique et explication \u00e0 Denzel Washington<\/p>\n<p>Apr\u00e8s cette premi\u00e8re \u00e9dition, le n\u00e9o-Quimp\u00e9rois est confirm\u00e9 par l\u2019agence de presse pour s\u2019occuper des tapis rouges et des photocalls. \u00ab\u00a0C\u2019est tr\u00e8s r\u00e9glement\u00e9. Chaque photographe a un num\u00e9ro et sa place. Moi, je ne suis pas tr\u00e8s loin des escaliers\u00a0\u00bb, d\u00e9taille celui qui, \u00e9voluant dans un tel environnement, ne manque pas d\u2019anecdotes. \u00ab\u00a0Je pense \u00e0 une ann\u00e9e o\u00f9 Brad Pitt et Angelina Jolie \u00e9taient encore en couple. Il \u00e9tait revenu la chercher au d\u00e9but du tapis rouge avant de le remonter ensemble. C\u2019\u00e9tait un moment assez fou parce que tous les photographes les suivaient. J\u2019ai pris un \u00e9norme bain de foule on peut dire\u00a0\u00bb, s\u2019amuse-t-il.<\/p>\n<\/p>\n<p>Il \u00e9voque \u00e9galement la mont\u00e9e des marches de Quentin Tarantino, Uma Thurman et John Travolta en 2014 pour les vingt ans de \u00ab\u00a0Pulp Fiction\u00a0\u00bb. \u00ab\u00a0Ils avaient repris la danse mythique du film. \u00c0 ce moment-l\u00e0, je me suis dit \u201couah, c\u2019est kiffant. Je suis en train de les voir danser\u201d\u00a0\u00bb, se rappelle Matthieu Munoz. Le passage de la patrouille de France au-dessus des acteurs de \u00ab\u00a0Top Gun\u00a0: Maverick\u00a0\u00bb, il y a \u00e9galement assist\u00e9, tout comme la \u00ab\u00a0gal\u00e8re\u00a0\u00bb de savoir o\u00f9 donner de la t\u00eate avec le casting XXL de \u00ab\u00a0Expendables\u00a0\u00bb. \u00ab\u00a0Cette ann\u00e9e, j\u2019ai v\u00e9cu un moment un peu lunaire parce qu\u2019une coll\u00e8gue \u00e0 c\u00f4t\u00e9 de moi travaillait avec un prisme. Denzel Washington est venu nous voir pour nous demander \u00e0 quoi \u00e7a servait et j\u2019ai discut\u00e9 un peu avec lui\u00a0\u00bb, se souvient dans un sourire le photographe.<\/p>\n<blockquote class=\"instagram-media\" data-instgrm-captioned=\"\" data-instgrm-permalink=\"https:\/\/www.instagram.com\/p\/Cdu3XkhglHg\/?utm_source=ig_embed&amp;utm_campaign=loading\" data-instgrm-version=\"14\" style=\" background:#FFF; border:0; border-radius:3px; box-shadow:0 0 1px 0 rgba(0,0,0,0.5),0 1px 10px 0 rgba(0,0,0,0.15); margin: 1px; max-width:540px; min-width:326px; padding:0; width:99.375%; width:-webkit-calc(100% - 2px); width:calc(100% - 2px);\"\/><p>\u00ab\u00a0J\u2019adore ce petit moment de d\u00e9couverte entre le photographe et son sujet\u00a0\u00bb<\/p>\n<p>D\u00e9sormais install\u00e9 \u00e0 Quimper, o\u00f9 il compte s\u2019\u00e9tablir \u00e0 temps plein \u00e0 partir de d\u00e9but 2026, Matthieu Munoz entend proposer ses services en Cornouaille notamment. \u00ab\u00a0J\u2019adore le rapport humain, ce petit moment de d\u00e9couverte entre le photographe et son sujet\u00a0\u00bb, assure celui qui se dit avant tout en recherche \u00ab\u00a0d\u2019authenticit\u00e9\u00a0: il ne faut pas mentir sur qui tu es\u00a0\u00bb.<\/p>\n<blockquote class=\"instagram-media\" data-instgrm-captioned=\"\" data-instgrm-permalink=\"https:\/\/www.instagram.com\/p\/BJ-gVlIjDRB\/?utm_source=ig_embed&amp;utm_campaign=loading\" data-instgrm-version=\"14\" style=\" background:#FFF; border:0; border-radius:3px; box-shadow:0 0 1px 0 rgba(0,0,0,0.5),0 1px 10px 0 rgba(0,0,0,0.15); margin: 1px; max-width:540px; min-width:326px; padding:0; width:99.375%; width:-webkit-calc(100% - 2px); width:calc(100% - 2px);\"\/>\n<p>S\u2019il consid\u00e8re que le portrait \u00ab\u00a0est sa sp\u00e9cialit\u00e9\u00a0\u00bb, celui qui a fait beaucoup de books pour des artistes, com\u00e9diens, mod\u00e8les, danseurs, mais aussi pour des entreprises, veut aussi s\u2019ouvrir des portes en se formant parall\u00e8lement \u00e0 l\u2019intelligence artificielle. \u00ab\u00a0J\u2019aimerais bien surprendre, aussi\u00a0\u00bb, conclut-il.<\/p>\n<p>Contact<script async src=\"\/\/www.instagram.com\/embed.js\"><\/script><\/p>\n","protected":false},"excerpt":{"rendered":"Il a davantage l\u2019habitude d\u2019\u00eatre derri\u00e8re l\u2019appareil photo que de se faire tirer le portrait, dont il a&hellip;\n","protected":false},"author":2,"featured_media":507342,"comment_status":"","ping_status":"","sticky":false,"template":"","format":"standard","meta":{"footnotes":""},"categories":[1358],"tags":[1348,1384,1385,3322,1386,58,3320,59,1011,27,1756,3323,9026,3319],"class_list":{"0":"post-507341","1":"post","2":"type-post","3":"status-publish","4":"format-standard","5":"has-post-thumbnail","7":"category-arts-et-design","8":"tag-arts","9":"tag-arts-and-design","10":"tag-arts-et-design","11":"tag-concarneau","12":"tag-design","13":"tag-divertissement","14":"tag-douarnenez","15":"tag-entertainment","16":"tag-fr","17":"tag-france","18":"tag-photographie","19":"tag-pont-labbe","20":"tag-portrait","21":"tag-quimper"},"share_on_mastodon":{"url":"https:\/\/pubeurope.com\/@fr\/115481751246385439","error":""},"_links":{"self":[{"href":"https:\/\/www.europesays.com\/fr\/wp-json\/wp\/v2\/posts\/507341","targetHints":{"allow":["GET"]}}],"collection":[{"href":"https:\/\/www.europesays.com\/fr\/wp-json\/wp\/v2\/posts"}],"about":[{"href":"https:\/\/www.europesays.com\/fr\/wp-json\/wp\/v2\/types\/post"}],"author":[{"embeddable":true,"href":"https:\/\/www.europesays.com\/fr\/wp-json\/wp\/v2\/users\/2"}],"replies":[{"embeddable":true,"href":"https:\/\/www.europesays.com\/fr\/wp-json\/wp\/v2\/comments?post=507341"}],"version-history":[{"count":0,"href":"https:\/\/www.europesays.com\/fr\/wp-json\/wp\/v2\/posts\/507341\/revisions"}],"wp:featuredmedia":[{"embeddable":true,"href":"https:\/\/www.europesays.com\/fr\/wp-json\/wp\/v2\/media\/507342"}],"wp:attachment":[{"href":"https:\/\/www.europesays.com\/fr\/wp-json\/wp\/v2\/media?parent=507341"}],"wp:term":[{"taxonomy":"category","embeddable":true,"href":"https:\/\/www.europesays.com\/fr\/wp-json\/wp\/v2\/categories?post=507341"},{"taxonomy":"post_tag","embeddable":true,"href":"https:\/\/www.europesays.com\/fr\/wp-json\/wp\/v2\/tags?post=507341"}],"curies":[{"name":"wp","href":"https:\/\/api.w.org\/{rel}","templated":true}]}}