{"id":507343,"date":"2025-11-02T19:28:17","date_gmt":"2025-11-02T19:28:17","guid":{"rendered":"https:\/\/www.europesays.com\/fr\/507343\/"},"modified":"2025-11-02T19:28:17","modified_gmt":"2025-11-02T19:28:17","slug":"en-direct-sur-lci-jordan-bardella-dit-envisager-detre-candidat-aux-prochaines-legislatives","status":"publish","type":"post","link":"https:\/\/www.europesays.com\/fr\/507343\/","title":{"rendered":"EN DIRECT &#8211; Sur LCI, Jordan Bardella dit envisager d&rsquo;\u00eatre candidat aux prochaines l\u00e9gislatives"},"content":{"rendered":"<ul class=\"jsx-862013697 ArticleChapo__List\">\n<li class=\"jsx-862013697 ArticleChapo__List_Item flex\">Le pr\u00e9sident du Rassemblement national est l&rsquo;invit\u00e9 de Darius Rochebin \u00e0 18h, ce dimanche 2 novembre sur LCI.<\/li>\n<li class=\"jsx-862013697 ArticleChapo__List_Item flex\">Suivez son interview et les derni\u00e8res informations politiques.<\/li>\n<\/ul>\n<p><a href=\"https:\/\/www.tf1info.fr\/actualite\/la-page-francois-bayrou-se-tourne-sebastien-lecornu-nouveau-premier-ministre-14339\/\" rel=\"noopener\" class=\"jsx-484472199 Link jsx-1428418400 jsx-2392744303\" target=\"_blank\"><\/p>\n<p style=\"font-weight:400\" class=\"jsx-1837267516\">Suivez la couverture compl\u00e8te<\/p>\n<p style=\"font-weight:800\" class=\"jsx-1837267516\">Lecornu II : le nouveau gouvernement \u00e0 l&rsquo;\u00e9preuve du budget<\/p>\n<p><\/a>Minute par minute\u00a0\u00bbJE NE R\u00caVE PAS PARTICULI\u00c8REMENT \u00c0 LA PR\u00c9SIDENCE\u00a0\u00bb18:57<\/p>\n<p>\u00ab\u00a0Non, je ne r\u00eave pas particuli\u00e8rement \u00e0 la pr\u00e9sidence. \u00c7a veut que je ne me l\u00e8ve pas le matin en pensant \u00e0 ce que je serai \u00e0 titre personnel dans les prochaines ann\u00e9es, assure Jordan Bardella. Mais je ne fais pas vous pouvoir de la langue de bois Monsieur (Darius) Rochebin, j&rsquo;ai l&rsquo;ambition d&rsquo;arriver au pouvoir pour mes compatriotes et mes id\u00e9es\u00a0\u00bb.<\/p>\n<p>\u00ab\u00a0R\u00c9TABLIR L&rsquo;ORDRE ET LA PROSP\u00c9RIT\u00c9 DANS NOTRE PAYS\u00a0\u00bb18:50<\/p>\n<p>\u00ab\u00a0Je souhaite faire de la France le pays le plus r\u00e9pressif d&rsquo;Europe \u00e0 l&rsquo;\u00e9gard de la d\u00e9linquance et de la criminalit\u00e9\u00a0\u00bb, annonce Jordan Bardella, souhaitant r\u00e9tablir \u00ab\u00a0l&rsquo;ordre et la prosp\u00e9rit\u00e9 dans notre pays\u00a0\u00bb.<\/p>\n<p>Le pr\u00e9sident du RN souhaite notamment g\u00e9n\u00e9raliser la r\u00e9tention de s\u00fbret\u00e9 pour les cas li\u00e9s au terrorisme, instaurer des peines minimales et supprimer les remises de peine automatique. Il a \u00e9galement redit sa volont\u00e9 de r\u00e9tablir le service national militaire.<\/p>\n<blockquote data-testid=\"EmbedTwitter\" id=\"tweet-1985046287851368529-:Rso4jb9apd6j979m:\" class=\"jsx-aeff1a1c40f54d7a twitter-tweet flex justify-center items-center\"><p>Justice : \u00ab\u00a0Je souhaite faire de la France le pays le plus r\u00e9pressif d&rsquo;Europe \u00e0 l&rsquo;\u00e9gard de la d\u00e9linquance et de la criminalit\u00e9\u00a0\u00bb, d\u00e9clare  @J_Bardella , pr\u00e9sident du RN. \u25b6\ufe0f avec  @DariusRochebin pic.twitter.com\/isSiZiRTuT \u2014 LCI (@LCI)  November 2, 2025<\/p><\/blockquote>\n<p>\u00ab\u00a0UNE POSSIBILIT\u00c9\u00a0\u00bb DE SE PR\u00c9SENTER AUX \u00c9LECTIONS L\u00c9GISLATIVES18:49<\/p>\n<p>\u00ab\u00a0C&rsquo;est une possibilit\u00e9\u00a0\u00bb, r\u00e9pond Jordan Bardella quand Darius Rochebin lui demande s&rsquo;il se pr\u00e9sentera aux prochaines \u00e9lections l\u00e9gislatives. \u00ab\u00a0Le combat est tr\u00e8s vif \u00e0 l&rsquo;Assembl\u00e9e nationale, je serais l\u00e0 o\u00f9 je dois \u00eatre et l\u00e0 o\u00f9 je peux \u00eatre utile\u00a0\u00bb, a ajout\u00e9 l&rsquo;eurod\u00e9put\u00e9.<\/p>\n<blockquote data-testid=\"EmbedTwitter\" id=\"tweet-1985045145608216708-:Rso6jb9apd6j979m:\" class=\"jsx-aeff1a1c40f54d7a twitter-tweet flex justify-center items-center\"><p>En cas de nouvelles l\u00e9gislatives,  @J_Bardella pourrait-il \u00eatre candidat ? \u00ab\u00a0C&rsquo;est une possibilit\u00e9\u00a0\u00bb, dit-il.  Selon lui, il y aurait \u00ab\u00a0bien s\u00fbr\u00a0\u00bb une logique \u00e0 se pr\u00e9senter lors de ce scrutin : \u00ab\u00a0Je serai l\u00e0 o\u00f9 je dois \u00eatre et l\u00e0 o\u00f9 je peux \u00eatre utile.\u00a0\u00bb \u25b6\ufe0f avec  @DariusRochebin pic.twitter.com\/ckzulXUe0P \u2014 LCI (@LCI)  November 2, 2025<\/p><\/blockquote>\n<p>\u00ab\u00a0JE SOUHAITE RASSEMBLER, UNIR ET CONSTRUIRE\u00a0\u00bb18:46<\/p>\n<p>\u00ab\u00a0Je souhaite rassembler, je souhaite unir et je souhaite construire\u00a0\u00bb, mart\u00e8le Jordan Bardella en cas d&rsquo;union avec Les R\u00e9publicains. Il d\u00e9nonce deux lignes chez LR entre un camp favorable \u00e0 une participation au gouvernement et un \u00ab\u00a0\u00e9lectorat orphelin d&rsquo;un projet politique\u00a0\u00bb selon ses mots. Il a notamment d\u00e9crit sa sensibilit\u00e9 \u00e0 l&rsquo;\u00e9gard de Fran\u00e7ois-Xavier Bellamy.<\/p>\n<p>\u00ab\u00a0UN PREMIER MINISTRE QUI GOUVERNE\u00a0\u00bb18:42<\/p>\n<p>\u00ab\u00a0Je serais respectueux des institutions, de la fonction du Pr\u00e9sident de la R\u00e9publique\u00a0\u00bb, explique-t-il, en cas de cohabitation avec l&rsquo;actuel chef d&rsquo;\u00c9tat. \u00ab\u00a0Ce ne serait pas Jordan Bardella qui travaille avec Emmanuel Macron, mais un Premier ministre qui gouverne et qui dirige l&rsquo;action du gouvernement et qui n&rsquo;est pas le collaborateur du Pr\u00e9sident de la R\u00e9publique\u00a0\u00bb, assure le pr\u00e9sident du RN.\u00a0<\/p>\n<p>\u00ab\u00a0Si demain, j&rsquo;ai l&rsquo;opportunit\u00e9 et l&rsquo;honneur d&rsquo;\u00eatre un Premier ministre de cohabitation, je me comporterais avec fermet\u00e9 sur le fond et avec respect sur la forme (&#8230;) Je peine \u00e0 croire qu&rsquo;Emmanuel Macron d\u00e9cide de se replier dans les quatre murs de l&rsquo;\u00c9lys\u00e9e et de regarder sans rien faire ou en tout cas sans tenter d&rsquo;entraver l&rsquo;action du gouvernement, ce qui voudrait dire entraver la volont\u00e9 des Fran\u00e7ais\u00a0\u00bb, d\u00e9veloppe Jordan Bardella.<\/p>\n<p>Politique<\/p>\n<p>VU SUR LCI<\/p>\n<p><img decoding=\"async\" src=\"https:\/\/www.europesays.com\/fr\/wp-content\/uploads\/2025\/11\/jordan-bardella-rochebin-2-11-2025-98f43c-0@1x.jpeg\" alt=\"Jordan Bardella face \u00e0 Darius Rochebin, le 2 novembre 2025.\" loading=\"lazy\" importance=\"low\" fetchpriority=\"low\" class=\"\" aria-hidden=\"true\"\/>Publi\u00e9 aujourd&rsquo;hui \u00e0 13h14&Prime;QU&rsquo;ON RETOURNE AUX URNES\u00a0\u00bb18:38<\/p>\n<p>\u00ab\u00a0La censure pour la censure, ce n&rsquo;est pas le sujet. Ce qui compte pour nous, c&rsquo;est qu&rsquo;on retourne aux urnes\u00a0\u00bb, d\u00e9clare Jordan Bardella. Il critique l&rsquo;objectif d&rsquo;Emmanuel Macron de se maintenir au pouvoir le plus longtemps. \u00ab\u00a0Ils sont pr\u00eats \u00e0 se couper un membre pour rester au pouvoir\u00a0\u00bb, lance-t-il, apr\u00e8s la suspension de la r\u00e9forme des retraites.<\/p>\n<blockquote data-testid=\"EmbedTwitter\" id=\"tweet-1985043406234509740-:Rsocjb9apd6j979m:\" class=\"jsx-aeff1a1c40f54d7a twitter-tweet flex justify-center items-center\"><p>Risque de censure : \u00ab\u00a0Ce qui compte pour nous, c&rsquo;est qu&rsquo;on retourne aux urnes\u00a0\u00bb, demande  @J_Bardella . \u00ab\u00a0Notre ambition (&#8230;), c&rsquo;est de pr\u00e9parer l&rsquo;alternance et de porter un projet politique qui colle aujourd&rsquo;hui aux attentes des Fran\u00e7ais.\u00a0\u00bb \u25b6\ufe0f avec  @DariusRochebin pic.twitter.com\/oEx2RbF6l8 \u2014 LCI (@LCI)  November 2, 2025<\/p><\/blockquote>\n<p>\u00ab\u00a0LA NATIONALIT\u00c9 FRAN\u00c7AISE S&rsquo;H\u00c9RITE OU SE M\u00c9RITE\u00a0\u00bb18:34<\/p>\n<p>\u00ab\u00a0La nationalit\u00e9 fran\u00e7aise s&rsquo;h\u00e9rite ou se m\u00e9rite\u00a0\u00bb, lance Jordan Bardella. \u00ab\u00a0Je suis oppos\u00e9 au droit du sol. Si demain nous sommes au pouvoir, nous supprimerons le droit du sol\u00a0\u00bb, affirme-t-il. Le pr\u00e9sident du RN a annonc\u00e9 que sa premi\u00e8re mesure si son parti arrivait \u00e0 la t\u00eate du pays serait \u00ab\u00a0d&rsquo;organiser un r\u00e9f\u00e9rendum sur l&rsquo;immigration pour approuver un projet de loi qui aura valeur constitutionnelle\u00a0\u00bb.<\/p>\n<p>M\u00eame si le Conseil constitutionnel s&rsquo;oppose \u00e0 cette mesure, Jordan Bardella indique vouloir passer par l&rsquo;article 11. \u00ab\u00a0La cour supr\u00eame dans notre pays, ce n&rsquo;est pas Monsieur (Richard) Ferrand, c&rsquo;est le peuple fran\u00e7ais qui n&rsquo;a pas envie d&rsquo;\u00eatre remplac\u00e9 et de voir son identit\u00e9 changer.\u00a0\u00bb<\/p>\n<blockquote data-testid=\"EmbedTwitter\" id=\"tweet-1985042384057504037-:Rsoejb9apd6j979m:\" class=\"jsx-aeff1a1c40f54d7a twitter-tweet flex justify-center items-center\"><p>\u00ab\u00a0Si demain, nous sommes \u00e0 la t\u00eate du pays, notre premi\u00e8re mesure sera d&rsquo;organiser un r\u00e9f\u00e9rendum sur l&rsquo;immigration\u00a0\u00bb, dit  @J_Bardella .  M\u00eame en cas d&rsquo;avis contraire du Conseil constitutionnel sur cette question ? \u00ab\u00a0Absolument\u00a0\u00bb, r\u00e9pond le pr\u00e9sident du RN. \u25b6\ufe0f avec  @DariusRochebin pic.twitter.com\/jbVbftIwfo \u2014 LCI (@LCI)  November 2, 2025<\/p><\/blockquote>\n<p>\u00ab\u00a0R\u00c9TABLIR LA LOI\u00a0\u00bb18:29<\/p>\n<p>Le pr\u00e9sident du RN annonce que s&rsquo;il arrivait au pouvoir, il adresserait une \u00ab\u00a0circulaire aux pr\u00e9fets pour leur demander de ne plus proc\u00e9der \u00e0 aucune r\u00e9gularisation d&rsquo;\u00e9trangers en situation irr\u00e9guli\u00e8re. Pour que la coh\u00e9sion sociale se maintienne, il faut que les lois soient respect\u00e9es.\u00a0\u00bb<\/p>\n<p>Jordan Bardella souhaite aussi r\u00e9tablir le \u00ab\u00a0d\u00e9lit de s\u00e9jour irr\u00e9gulier\u00a0\u00bb supprim\u00e9 par la gauche, d\u00e9non\u00e7ant les ressortissants \u00e9trangers qui b\u00e9n\u00e9ficient des prestations sociales et de la gratuit\u00e9 des soins. \u00ab\u00a0Si demain, nous sommes \u00e0 la t\u00eate du pays, la France ne sera plus un pays d&rsquo;immigration massive\u00a0\u00bb, affirme Jordan Bardella, d\u00e9non\u00e7ant que seulement 10% des 450.000 visas accord\u00e9s par la France sont des visas de travail.<\/p>\n<p>\u00ab\u00a0L&rsquo;ALG\u00c9RIE MULTIPLIE LES PROVOCATIONS\u00a0\u00bb18:27<\/p>\n<p>Questionn\u00e9 sur l&rsquo;adoption de la r\u00e9solution du RN sur l&rsquo;accord de 1968 avec l&rsquo;Alg\u00e9rie, Jordan Bardella a annonc\u00e9 plusieurs mesures fortes pour r\u00e9pondre aux \u00ab\u00a0multiples provocations\u00a0\u00bb de l&rsquo;Alg\u00e9rie.\u00a0<\/p>\n<p>Le pr\u00e9sident du RN dit vouloir ne plus donner aucun visa \u00e0 un ressortissant alg\u00e9rien tant que l&rsquo;Alg\u00e9rie ne r\u00e9cup\u00e8rera pas ses ressortissants sous OQTF ; il plaide aussi pour une suspension de l&rsquo;aide publique au d\u00e9veloppement vers\u00e9e par la France \u00e0 Alger et un blocage des transferts de fonds priv\u00e9s. Il a en revanche \u00e9cart\u00e9 les gels de biens alg\u00e9riens.<\/p>\n<blockquote data-testid=\"EmbedTwitter\" id=\"tweet-1985039975956591055-:Rsoijb9apd6j979m:\" class=\"jsx-aeff1a1c40f54d7a twitter-tweet flex justify-center items-center\"><p>Alg\u00e9rie : si le RN arrivait au pouvoir, \u00ab\u00a0il n&rsquo;y aura plus aucun visa qui sera donn\u00e9 \u00e0 un ressortissant alg\u00e9rien tant que l&rsquo;Alg\u00e9rie refusera par provocation de r\u00e9cup\u00e9rer ses ressortissants\u00a0\u00bb, assure  @J_Bardella . \u25b6\ufe0f avec  @DariusRochebin pic.twitter.com\/fsOnqc9pMw \u2014 LCI (@LCI)  November 2, 2025<\/p><\/blockquote>\n<p>\u00ab\u00a0SOUTENIR LA COMP\u00c9TITIVIT\u00c9 DE NOS ENTREPRISES\u00a0\u00bb18:24<\/p>\n<p>Le pr\u00e9sident du RN a \u00e9galement expliqu\u00e9 son choix de voter la taxe sur les multinationales. \u00ab\u00a0Ce n&rsquo;est pas une taxe suppl\u00e9mentaire, mais une disposition de calcul qui permet de mettre sur un pied d&rsquo;\u00e9galit\u00e9 les grandes multinationales qui font du business en France\u00a0\u00bb impos\u00e9es \u00e0 l&rsquo;\u00e9tranger, soutient-il.<\/p>\n<p>Critiquant une situation de \u00ab\u00a0concurrence d\u00e9loyale\u00a0\u00bb, Jordan Bardella appelle \u00e0 \u00ab\u00a0soutenir la comp\u00e9titivit\u00e9 de nos entreprises\u00a0\u00bb, notamment avec nos partenaires europ\u00e9ens.<\/p>\n<blockquote data-testid=\"EmbedTwitter\" id=\"tweet-1985033397702435089-:Rsokjb9apd6j979m:\" class=\"jsx-aeff1a1c40f54d7a twitter-tweet flex justify-center items-center\"><p>Fortune improductive : \u00ab\u00a0L&rsquo;utilit\u00e9 de cette petite contribution des tr\u00e8s gros patrimoines financiers (&#8230;) a vocation \u00e0 baisser la fiscalit\u00e9 sur les classes moyennes et populaires ; et notamment \u00e0 financer la natalit\u00e9\u00a0\u00bb, d\u00e9veloppe  @J_Bardella . \u25b6\ufe0f avec  @DariusRochebin pic.twitter.com\/3WvSu4t1em \u2014 LCI (@LCI)  November 2, 2025<\/p><\/blockquote>\n<p>\u00ab\u00a0LES 35 HEURES ONT RIGIDIFI\u00c9 L&rsquo;\u00c9CONOMIE FRAN\u00c7AISE\u00a0\u00bb18:21<\/p>\n<p>Interrog\u00e9 sur la r\u00e9forme des 35 heures, Jordan Bardella a donn\u00e9 son avis. \u00ab\u00a0Je pense que les 35 heures ont rigidifi\u00e9 l&rsquo;\u00e9conomie fran\u00e7aise\u00a0\u00bb, pense-t-il, se disant favorable \u00e0 \u00ab\u00a0la d\u00e9socialisation et \u00e0 la d\u00e9fiscalisation des heures suppl\u00e9mentaires\u00a0\u00bb pour que le travail paie plus et pour rapprocher le salaire brut du net.<\/p>\n<blockquote data-testid=\"EmbedTwitter\" id=\"tweet-1985038232526922005-:Rsomjb9apd6j979m:\" class=\"jsx-aeff1a1c40f54d7a twitter-tweet flex justify-center items-center\"><p>\u00ab\u00a0Le probl\u00e8me, c&rsquo;est que le travail ne paie pas suffisamment\u00a0\u00bb, lance  @J_Bardella . \u00ab\u00a0Nous proposons que les chefs d&rsquo;entreprises qui consentiraient \u00e0 augmenter de 10% les salaires de leurs entreprises voient ces 10% exon\u00e9r\u00e9s de cotisations sociales.\u00a0\u00bb \u25b6\ufe0f avec  @DariusRochebin pic.twitter.com\/8y6PXwHmBj \u2014 LCI (@LCI)  November 2, 2025<\/p><\/blockquote>\n<p>\u00ab\u00a0LE BUDGET FINIRA PAR PASSER PAR ORDONNANCES\u00a0\u00bb18:19<\/p>\n<p>\u00ab\u00a0Je ne suis pas responsable de la situation \u00e9conomique du pays\u00a0\u00bb, a r\u00e9pondu Jordan Bardella sur LCI. \u00ab\u00a0Vous savez tr\u00e8s bien que le budget finira par passer par ordonnances\u00a0\u00bb, ajoute-t-il, d\u00e9non\u00e7ant un deal entre le PS et S\u00e9bastien Lecornu.<\/p>\n<p>Le pr\u00e9sident du RN a ensuite d\u00e9fendu le contre-budget de son parti ax\u00e9 sur une baisse de la d\u00e9pense publique, promettant un effort de 40 milliards d&rsquo;euros d\u00e8s la premi\u00e8re ann\u00e9e (sur la fraude sociale, la fraude fiscale, l&rsquo;immigration, la contribution du budget de l&rsquo;UE, le fonctionnement de l&rsquo;\u00c9tat ou encore les \u00e9nergies renouvelables intermittentes) et une baisse les imp\u00f4ts. \u00ab\u00a0Je suis pro-croissance, pro-entreprise, pro-business\u00a0\u00bb, d\u00e9clare-t-il.<\/p>\n<blockquote data-testid=\"EmbedTwitter\" id=\"tweet-1985037228007944503-:Rsoojb9apd6j979m:\" class=\"jsx-aeff1a1c40f54d7a twitter-tweet flex justify-center items-center\"><p>\u00ab\u00a0Ce budget finira par passer par ordonnances\u00a0\u00bb, estime  @J_Bardella . \u00ab\u00a0C&rsquo;est pr\u00e9cis\u00e9ment la raison pour laquelle S\u00e9bastien Lecornu a \u00e9t\u00e9 renomm\u00e9 \u00e0 Matignon\u00a0\u00bb, regrette-t-il. \u25b6\ufe0f avec  @DariusRochebin pic.twitter.com\/fjzTC65twN \u2014 LCI (@LCI)  November 2, 2025<\/p><\/blockquote>\n<p>\u00ab\u00a0LE C\u0152UR DE NOTRE SOCI\u00c9T\u00c9, C&rsquo;EST LE TRAVAIL\u00a0\u00bb18:14<\/p>\n<p>\u00ab\u00a0Le c\u0153ur de notre soci\u00e9t\u00e9, c&rsquo;est le travail\u00a0\u00bb r\u00e9p\u00e8te Jordan Bardella, qui assure que \u00ab\u00a0le travail ne paie pas suffisamment dans notre soci\u00e9t\u00e9. Le pr\u00e9sident du RN assure avoir \u00e9crit son livre en hommage \u00e0 cette \u00ab\u00a0France silencieuse\u00a0\u00bb qui travaille et n&rsquo;a pas les moyens de manifester.<\/p>\n<p>Jordan Bardella pointe ensuite deux probl\u00e8mes dans notre syst\u00e8me des retraites par r\u00e9partition : \u00a0un taux de ch\u00f4mage des seniors trop \u00e9lev\u00e9 et un \u00e2ge d&rsquo;entr\u00e9e sur le march\u00e9 du travail avec un emploi stable plus tardif. Il propose notamment la mise en place d&rsquo;un \u00ab\u00a0coll\u00e8ge modulaire\u00a0\u00bb pour revaloriser les m\u00e9tiers manuels et les fili\u00e8res professionnelles.\u00a0<\/p>\n<p>\u00ab\u00a0MAUVAISE D\u00c9PENSE DE L&rsquo;\u00c9TAT\u00a0\u00bb18:11<\/p>\n<p>Jordan Bardella souhaite \u00ab\u00a0baisser la mauvaise d\u00e9pense publique\u00a0\u00bb avec une trajectoire budg\u00e9taire d&rsquo;\u00e9conomie de 100 milliards d&rsquo;euros \u00e0 cinq ans. Le pr\u00e9sident du RN pr\u00e9voit notamment de supprimer les op\u00e9rateurs publics qui font doublons avec beaucoup de comp\u00e9tences minist\u00e9rielles selon lui. \u00ab\u00a0Le constat que je fais, c&rsquo;est qu&rsquo;il y a beaucoup trop de fonctionnaires dans les bureaux et pas assez de gens sur le terrain\u00a0\u00bb, d\u00e9veloppe-t-il.<\/p>\n<p>\u00ab\u00a0Je souhaite supprimer les conseils r\u00e9gionaux et les fusionner avec les conseils d\u00e9partementaux pour faire apparaitre un nouvel \u00e9chelon qu&rsquo;on appellerait le conseil territorial\u00a0\u00bb pour rapprocher ceux qui prennent les d\u00e9cisions des Fran\u00e7ais, indique Jordan Bardella.<\/p>\n<blockquote data-testid=\"EmbedTwitter\" id=\"tweet-1985035309814337542-:Rsosjb9apd6j979m:\" class=\"jsx-aeff1a1c40f54d7a twitter-tweet flex justify-center items-center\"><p>\u00ab\u00a0Le constat que je fais, c&rsquo;est qu&rsquo;il y a beaucoup trop de fonctionnaires dans les bureaux\u00a0\u00bb, juge  @J_Bardella . \u00ab\u00a0Il n&rsquo;y a pas assez de gens sur le terrain. (&#8230;) Nous souhaitons supprimer une grande partie des 1200 agences qui sont des op\u00e9rateurs publics.\u00a0\u00bb \u25b6\ufe0f avec  @DariusRochebin pic.twitter.com\/D3zzGfyp7v \u2014 LCI (@LCI)  November 2, 2025<\/p><\/blockquote>\n<p>\u00ab\u00a0V\u00c9N\u00c9ZU\u00c9LA SANS P\u00c9TROLE\u00a0\u00bb18:07<\/p>\n<p>\u00ab\u00a0Nous devons baisser la fiscalit\u00e9 sur les m\u00e9nages, sur les entreprises. Avec nos alli\u00e9s, nous avons \u00e9t\u00e9 les seuls remparts face aux lubies id\u00e9ologiques de la gauche dont l&rsquo;ambition est de transformer la France en V\u00e9n\u00e9zu\u00e9la sans p\u00e9trole\u00a0\u00bb, avance Jordan Bardella, d\u00e9fendant une \u00ab\u00a0petite contribution des tr\u00e8s gros patrimoines financiers pour faire baisser la fiscalit\u00e9 sur les classes moyennes et populaires\u00a0\u00bb, afin de \u00ab\u00a0financer notamment la natalit\u00e9\u00a0\u00bb.<\/p>\n<p>\u00ab\u00a0ENFER FISCAL\u00a0\u00bb18:05<\/p>\n<p>\u00ab\u00a0Je crois que la France est devenue un enfer fiscal et un enfer normatif pour beaucoup de nos compatriotes\u00a0\u00bb, affirme Jordan Bardella. \u00ab\u00a0Nous souhaitons exon\u00e9rer de fiscalit\u00e9 la r\u00e9sidence principale ou la r\u00e9sidence unique\u00a0\u00bb, ajoute-t-il \u00e0 propos de l&rsquo;adoption par les d\u00e9put\u00e9s d&rsquo;un imp\u00f4t sur la fortune improductive, avec le soutien du RN.<\/p>\n<p>\u00ab\u00a0BUDGET LECORNU &#8211; FAURE\u00a0\u00bb18:03<\/p>\n<p>\u00ab\u00a0Les macronistes ont fait le choix de remettre l&rsquo;avenir de notre pays, l&rsquo;avenir de notre \u00e9conomie, l&rsquo;avenir des entreprises fran\u00e7aises entre les lubies id\u00e9ologiques du PS\u00a0\u00bb, d\u00e9nonce Jordan Bardella. \u00ab\u00a0Le budget discut\u00e9 \u00e0 l&rsquo;Assembl\u00e9e nationale n&rsquo;est pas le budget du RN, c&rsquo;est le budget Lecornu-Faure\u00a0\u00bb.<\/p>\n<blockquote data-testid=\"EmbedTwitter\" id=\"tweet-1985031339897164006-:Rsp2jb9apd6j979m:\" class=\"jsx-aeff1a1c40f54d7a twitter-tweet flex justify-center items-center\"><p>Budget : \u00ab\u00a0Les macronistes ont fait le choix de remettre l&rsquo;avenir de notre pays, de l&rsquo;\u00e9conomie fran\u00e7aise, de nos entreprises entre les lubies id\u00e9ologiques du Parti socialiste\u00a0\u00bb, estime  @J_Bardella .  \u25b6\ufe0f avec  @DariusRochebin pic.twitter.com\/ZoWOkX0l9t \u2014 LCI (@LCI)  November 2, 2025<\/p><\/blockquote>\n<p>JORDAN BARDELLA SUR LCI18:00<\/p>\n<p>Le pr\u00e9sident du RN est l&rsquo;invit\u00e9 de Darius Rochebin. L&rsquo;interview commence sur son livre \u00ab\u00a0Ce que veulent les Fran\u00e7ais\u00a0\u00bb.<\/p>\n<p>\u00ab\u00a0Qui est encore capable d&rsquo;\u00e9couter les Fran\u00e7ais aujourd&rsquo;hui ?\u00a0\u00bb, d\u00e9clare Jordan Bardella, pour expliquer ce qui l&rsquo;a motiv\u00e9 \u00e0 \u00e9crire son livre cette ann\u00e9e.<\/p>\n<blockquote data-testid=\"EmbedTwitter\" id=\"tweet-1985030627561754866-:Rsp4jb9apd6j979m:\" class=\"jsx-aeff1a1c40f54d7a twitter-tweet flex justify-center items-center\"><p>\u00ab\u00a0Je ne crois pas que la politique soit quelque chose de hors-sol\u00a0\u00bb, lance  @J_Bardella , pr\u00e9sident du RN. \u00ab\u00a0L&rsquo;engagement politique, le militantisme politique (&#8230;), \u00e7a suppose d&rsquo;\u00eatre au contact des Fran\u00e7ais.\u00a0\u00bb \u25b6\ufe0f avec  @DariusRochebin pic.twitter.com\/qZpQHHa1Zk \u2014 LCI (@LCI)  November 2, 2025<\/p><\/blockquote>\n<p>L&rsquo;ASSEMBL\u00c9E BLOQU\u00c9E&#8230; PAR LE TEMPS ?13:40<\/p>\n<p>Invit\u00e9 sur LCI ce dimanche, le rapporteur g\u00e9n\u00e9ral du budget Philippe Juvin (LR) affirme que l&rsquo;Assembl\u00e9e n&rsquo;aura \u00ab\u00a0probablement\u00a0\u00bb pas le temps de voter le budget. En cause ? L&rsquo;examen de la partie d\u00e9penses qui ne d\u00e9marrera que trop tardivement apr\u00e8s la poursuite des travaux sur la partie recettes.<\/p>\n<p>Politique<\/p>\n<p>VU SUR LCI<\/p>\n<p><img decoding=\"async\" src=\"https:\/\/www.europesays.com\/fr\/wp-content\/uploads\/2025\/11\/philippe-juvin-lci-en-toute-franchise-2-novembre-92e3d3-0@1x.jpeg\" alt=\"Philippe Juvin\" loading=\"lazy\" importance=\"low\" fetchpriority=\"low\" class=\"\" aria-hidden=\"true\"\/>Publi\u00e9 aujourd&rsquo;hui \u00e0 11h57JORDAN BARDELLA SUR LCI13:20<\/p>\n<p>Le pr\u00e9sident du Rassemblement national Jordan Bardella a accord\u00e9 une interview \u00e0 LCI, diffus\u00e9e \u00e0 18h. Il y \u00e9voque son rapport avec Emmanuel Macron s&rsquo;il acc\u00e9dait \u00e0 Matignon. Extrait.<\/p>\n<p>Politique<\/p>\n<p>VU SUR LCI<\/p>\n<p><img decoding=\"async\" src=\"https:\/\/www.europesays.com\/fr\/wp-content\/uploads\/2025\/11\/jordan-bardella-rochebin-2-11-2025-98f43c-0@1x.jpeg\" alt=\"Jordan Bardella face \u00e0 Darius Rochebin, le 2 novembre 2025.\" loading=\"lazy\" importance=\"low\" fetchpriority=\"low\" class=\"\" aria-hidden=\"true\"\/>Publi\u00e9 aujourd&rsquo;hui \u00e0 13h14&Prime;LE PS ET LE RN TIENNENT EN VIE LE GOUVERNEMENT\u00a0\u00bb11:41<\/p>\n<p>La France insoumise va-t-elle retenter de censurer le gouvernement de S\u00e9bastien Lecornu ? \u00ab\u00a0Nous sommes d\u00e9cid\u00e9s \u00e0 d\u00e9poser la motion, mais le PS et le RN n&rsquo;ont pas envie\u00a0\u00bb, d\u00e9nonce Jean-Luc M\u00e9lenchon. \u00ab\u00a0Ce sont eux qui tiennent en vie ce gouvernement.\u00a0\u00bb<\/p>\n<blockquote data-testid=\"EmbedTwitter\" id=\"tweet-1984932910864998584-:Rspajb9apd6j979m:\" class=\"jsx-aeff1a1c40f54d7a twitter-tweet flex justify-center items-center\"><p>Censurer S\u00e9bastien Lecornu ? Jean-Luc M\u00e9lenchon : \u00ab\u00a0Nous sommes d\u00e9cid\u00e9s \u00e0 d\u00e9poser la motion mais le PS et le RN ont pas envie. C&rsquo;est eux qui tiennent en vie ce gouvernement. La direction du PS est une chose mais je compte sur la base socialiste pour faire pression\u00a0\u00bb @lci pic.twitter.com\/vfyNCDtrBF \u2014 Fr\u00e9d\u00e9ric Delpech (@fredericdelpech)  November 2, 2025<\/p><\/blockquote>\n<p>JEAN-LUC M\u00c9LENCHON ACCUSE LE PS11:24<\/p>\n<p>Les socialistes \u00ab\u00a0ont chang\u00e9 d&rsquo;alliance\u00a0\u00bb, accuse Jean-Luc M\u00e9lenchon (LFI) lors d&rsquo;un d\u00e9placement dans le Val-de-Marne. \u00ab\u00a0Ils \u00e9taient alli\u00e9s \u00e0 gauche, avec nous, avec les communistes et avec les verts. Maintenant, ils veulent s&rsquo;allier avec Monsieur Attal et ce qu&rsquo;ils appellent le centre-gauche. Il y a de leur part un amateurisme. (&#8230;) Je compte sur la base socialiste pour faire pression. Je leur dis que la prochaine fois, s&rsquo;ils veulent des r\u00e9sultats, \u00e9lisez plut\u00f4t des Insoumis.\u00a0\u00bb<\/p>\n<p>\u00ab\u00a0INDISPENSABLE\u00a0\u00bb D&rsquo;AVOIR UNE PRIMAIRE AVANT 2027, SELON PHILIPPE JUVIN10:47<\/p>\n<p>\u00ab\u00a0Oui\u00a0\u00bb, il est \u00ab\u00a0indispensable\u00a0\u00bb qu&rsquo;il y ait une primaire de la droite et du bloc central, d\u00e9clare sur LCI le d\u00e9put\u00e9 LR Philippe Juvin. \u00ab\u00a0Si nous ne la faisons pas, nous ne serons pas au second tour. (&#8230;) Il faut un outil de d\u00e9partage.\u00a0\u00bb<\/p>\n<p>LES R\u00c9PUBLICAINS \u00ab\u00a0SONT AU GOUVERNEMENT\u00a0\u00bb, INDIQUE PHILIPPE JUVIN SUR LCI10:44<\/p>\n<p>Les R\u00e9publicains sont \u00ab\u00a0dans une coalition, nous avons six ministres au gouvernement\u00a0\u00bb, note sur LCI Philippe Juvin, d\u00e9put\u00e9 LR, m\u00eame si les six ministres ont \u00e9t\u00e9 suspendus des instances du parti dirig\u00e9 par Bruno Retailleau. \u00ab\u00a0J&rsquo;estime que nous avons un r\u00f4le de stabilisation du pays.\u00a0\u00bb<\/p>\n<p>PHILIPPE JUVIN SUR LCI : \u00ab\u00a0BAISSER LES D\u00c9PENSES PAR VOIE R\u00c9GLEMENTAIRE\u00a0\u00bb10:38<\/p>\n<p>\u00ab\u00a0Il y a une piste que l&rsquo;on ne creuse pas suffisamment sur la baisse des d\u00e9penses : la voie r\u00e9glementaire, les d\u00e9crets ou les arr\u00eat\u00e9s pris par les ministres\u00a0\u00bb, indique sur LCI Philippe Juvin, rapporteur g\u00e9n\u00e9ral du budget et d\u00e9put\u00e9 LR. \u00ab\u00a0Par exemple, pour les cr\u00e8ches, si je dis qu&rsquo;il faut 4 m\u00b2 par enfant. Si la r\u00e8gle, c&rsquo;est d\u00e9sormais 3, cela divise par 25% le prix de la cr\u00e8che et donc la d\u00e9pense publique.\u00a0\u00bb<\/p>\n<p>PHILIPPE JUVIN SUR LCI : \u00ab\u00a0IL Y AURA UN TEXTE SUR LE BUDGET, MAIS&#8230;\u00a0\u00bb10:22<\/p>\n<p>Renoncer au 49.3 comme l&rsquo;a fait le Premier ministre S\u00e9bastien Lecornu \u00e9tait \u00ab\u00a0une erreur\u00a0\u00bb, estime sur LCI Philippe Juvin, d\u00e9put\u00e9 LR et rapporteur g\u00e9n\u00e9ral du budget. \u00ab\u00a0Les conditions du consensus ne sont pas r\u00e9unies. Politiquement, peut-il revenir en arri\u00e8re ? \u00c0 sa place, je n&rsquo;aurais pas dit que je me coupais un bras en retirant une possibilit\u00e9 d&rsquo;action. Mais le match n&rsquo;est pas termin\u00e9 : il y aura un texte avant le 31 d\u00e9cembre issu de la commission mixte paritaire. Soit il sera vot\u00e9 par l&rsquo;Assembl\u00e9e nationale et le S\u00e9nat, soit le gouvernement aura \u00e0 sa main\u00a0\u00bb une loi sp\u00e9ciale.<\/p>\n<p>SUR LCI, PHILIPPE JUVIN \u00ab\u00a0NE VOIT PAS COMMENT LA PARTIE RECETTES SERA VOT\u00c9E\u00a0\u00bb10:20<\/p>\n<p>Les travaux dans l&rsquo;h\u00e9micycle de l&rsquo;Assembl\u00e9e nationale sur la partie recettes du budget provoquent \u00ab\u00a0une augmentation importante des taxes\u00a0\u00bb, d\u00e9plore sur LCI Philippe Juvin, rapporteur g\u00e9n\u00e9ral du budget. \u00ab\u00a0Am\u00e9lie de Montchalin (ministre des Comptes publics, ndlr) estime que nous sommes \u00e0 45,2% de pr\u00e9l\u00e8vements obligatoires. Je ne vois pas comment cette partie du budget pourra \u00eatre vot\u00e9e, car elle ne va satisfaire personne. On risque de ne pas avoir de partie 1 vot\u00e9e.\u00a0\u00bb<\/p>\n<p>PHILIPPE JUVIN \u00ab\u00a0IGNORE\u00a0\u00bb S&rsquo;IL Y A UN DEAL PS-GOUVERNEMENT10:17<\/p>\n<p>\u00ab\u00a0J&rsquo;ignore\u00a0\u00bb s&rsquo;il y a un deal entre le PS et le gouvernement, indique Philippe Juvin, rapporteur g\u00e9n\u00e9ral du budget (LR), sur LCI. \u00ab\u00a0Je m&rsquo;en fiche un peu, je regarde la copie finale. Est-ce que le produit final va rendre service aux Fran\u00e7ais et nous permettre de nous d\u00e9sendetter ?\u00a0\u00bb<\/p>\n<p>PHILIPPE JUVIN SUR LCI : \u00ab\u00a0PLUS DE MARGE DE MAN\u0152UVRE SUR LES IMP\u00d4TS\u00a0\u00bb10:14<\/p>\n<p>\u00ab\u00a0Nous n&rsquo;avons plus de marge de man\u0153uvre sur les taxes et les imp\u00f4ts\u00a0\u00bb, estime sur LCI Philippe Juvin, rapporteur g\u00e9n\u00e9ral du budget. \u00ab\u00a0Nos marges de man\u0153uvres sont sur la baisse des d\u00e9penses et sur la production.\u00a0\u00bb<\/p>\n<p>PHILIPPE JUVIN SUR LCI : \u00ab\u00a0LA TAXE ZUCMAN EST TOTALEMENT REJET\u00c9E\u00a0\u00bb10:13<\/p>\n<p>\u00ab\u00a0Je ne sais pas sur quelle copie finale nous allons arriver, mais les d\u00e9bats montrent que certaines choses sont totalement rejet\u00e9es\u00a0\u00bb, affirme sur LCI le rapporteur g\u00e9n\u00e9ral du budget, Philippe Juvin (LR). Parmi elles, \u00ab\u00a0la taxe Zucman\u00a0\u00bb. Lui \u00ab\u00a0pense\u00a0\u00bb qu&rsquo;elle est d\u00e9sormais d\u00e9finitivement enterr\u00e9e, apr\u00e8s avoir \u00e9t\u00e9 largement rejet\u00e9e par le centre, la droite et le RN.<\/p>\n<p>PHILIPPE JUVIN SUR LCI : \u00ab\u00a0PROBABLE QUE NOUS N&rsquo;AYONS PAS LE TEMPS DE VOTER LE BUDGET\u00a0\u00bb10:10<\/p>\n<p>\u00ab\u00a0Nous n&rsquo;aurons pas le temps de voter la partie recettes du budget mardi 4 novembre\u00a0\u00bb et \u00ab\u00a0nous reprendrons dans une dizaine de jours\u00a0\u00bb, indique sur LCI Philippe Juvin, rapporteur g\u00e9n\u00e9ral du budget et d\u00e9put\u00e9 LR. \u00ab\u00a0Il est hautement probable que nous n&rsquo;ayons pas le temps pour voter la partie d\u00e9penses. Je ne vois pas comment. Mais nos d\u00e9bats \u00e9clairent la future commission mixte paritaire.\u00a0\u00bb<\/p>\n<p>PHILIPPE JUVIN SUR LCI : \u00ab\u00a0J&rsquo;AI VU TOUS LES GROUPES POLITIQUES POUR CONSTRUIRE\u00a0\u00bb10:08<\/p>\n<p>\u00ab\u00a0La seule solution pour arriver \u00e0 un budget, c&rsquo;est que les gens discutent\u00a0\u00bb, affirme sur LCI le rapporteur g\u00e9n\u00e9ral du budget, le d\u00e9put\u00e9 LR Philippe Juvin. \u00ab\u00a0Sinon, on ne peut pas y arriver. Il n&rsquo;y a pas de majorit\u00e9, pas de 49.3&#8230; On ne peut y arriver que s&rsquo;il y a des discussions. En tant que rapporteur g\u00e9n\u00e9ral du budget, j&rsquo;essaie d&rsquo;analyser chacune des propositions. J&rsquo;ai vu tous les groupes politiques, du RN \u00e0 LFI, pour demander les lignes rouges et essayer de construire quelque chose.\u00a0\u00bb<\/p>\n<p>PHILIPPE JUVIN SUR LCI07:37<\/p>\n<p>Le d\u00e9put\u00e9 LR et rapporteur g\u00e9n\u00e9ral du budget, Philippe Juvin, sera l&rsquo;invit\u00e9 de LCI \u00e0 10h. Un entretien \u00e0 suivre sur le canal 15.<\/p>\n<blockquote data-testid=\"EmbedTwitter\" id=\"tweet-1984666864593563880-:Rsq2jb9apd6j979m:\" class=\"jsx-aeff1a1c40f54d7a twitter-tweet flex justify-center items-center\"><p>\ud83d\udd34 Demain sur LCI d\u00e8s 10h \ud83d\udde3\ufe0f L&rsquo;invit\u00e9 d&rsquo;\ud835\udc04\ud835\udc27 \ud835\udc13\ud835\udc28\ud835\udc2e\ud835\udc2d\ud835\udc1e \ud835\udc05\ud835\udc2b\ud835\udc1a\ud835\udc27\ud835\udc1c\ud835\udc21\ud835\udc22\ud835\udc2c\ud835\udc1e avec \ud835\udc04\ud835\udc25\ud835\udc22\ud835\udc33\ud835\udc1a\ud835\udc1b\ud835\udc1e\ud835\udc2d\ud835\udc21 \ud835\udc0c\ud835\udc1a\ud835\udc2b\ud835\udc2d\ud835\udc22\ud835\udc1c\ud835\udc21\ud835\udc28\ud835\udc2e\ud835\udc31 sera \ud835\udc0f\ud835\udc21\ud835\udc22\ud835\udc25\ud835\udc22\ud835\udc29\ud835\udc29\ud835\udc1e \ud835\udc09\ud835\udc2e\ud835\udc2f\ud835\udc22\ud835\udc27, rapporteur g\u00e9n\u00e9ral du budget et d\u00e9put\u00e9 LR des Hauts-de-Seine  #EnTouteFranchise en partenariat avec  @le_Parisien pic.twitter.com\/ZtEHEbp7Ys \u2014 LCI (@LCI)  November 1, 2025<\/p><\/blockquote>\n<p>\u00ab\u00a0STRAT\u00c9GIE DES PETITS PAS\u00a0\u00bb06:52<\/p>\n<p>Face aux blocages persistants dans les d\u00e9bats sur le budget 2026, le Premier ministre a pr\u00f4n\u00e9 samedi \u00ab\u00a0une strat\u00e9gie des petits pas\u00a0\u00bb, lors d&rsquo;une interview au Parisien. S\u00e9bastien Lecornu compte sur les autres formations politiques pour trouver une issue \u00e0 l&rsquo;impasse budg\u00e9taire actuelle.<\/p>\n<p>Politique<img decoding=\"async\" src=\"https:\/\/www.europesays.com\/fr\/wp-content\/uploads\/2025\/11\/sebastien-lecornu-budget-assemblee-nationale-c7c5b0-0@1x.jpeg\" alt=\"Budget 2026 : S\u00e9bastien Lecornu d\u00e9fend &quot;une strat\u00e9gie des petits pas&quot;\" loading=\"lazy\" importance=\"low\" fetchpriority=\"low\" class=\"\" aria-hidden=\"true\"\/>06:51<\/p>\n<p>Bonjour et bienvenue sur TF1info dans ce direct consacr\u00e9 \u00e0 l&rsquo;actualit\u00e9 politique.<\/p>\n<p data-module=\"article-paragraph\" class=\"jsx-3046738180 Paragraph\">Le ministre de l&rsquo;Economie Roland Lescure met en garde contre \u00ab\u00a0la sorcellerie fiscale\u00a0\u00bb des mesures \u00ab\u00a0inop\u00e9rantes\u00a0\u00bb vot\u00e9es par les d\u00e9put\u00e9s \u00e0 l&rsquo;occasion de l&rsquo;examen du budget, dans une interview \u00e0 La Tribune Dimanche.\u00a0<\/p>\n<p data-module=\"article-paragraph\" class=\"jsx-3046738180 Paragraph\">Depuis le d\u00e9but de l&rsquo;examen du projet de budget 2026 \u00e0 l&rsquo;Assembl\u00e9e nationale, les d\u00e9put\u00e9s ont adopt\u00e9 une s\u00e9rie de mesures visant notamment \u00e0 <a href=\"https:\/\/www.tf1info.fr\/politique\/budget-2026-l-assemblee-approuve-un-amendement-augmentant-la-surtaxe-sur-les-entreprises-2403084.html\" target=\"_blank\" rel=\"noopener\">taxer davantage les entreprises<\/a>. Plaidant une nouvelle fois pour \u00ab\u00a0un budget de compromis\u00a0\u00bb qui refl\u00e8te \u00ab\u00a0un \u00e9quilibre entre s\u00e9rieux budg\u00e9taire et stabilit\u00e9 politique\u00a0\u00bb, Roland Lescure a toutefois pr\u00e9venu : \u00ab\u00a0Tout n&rsquo;est pas acceptable\u00a0\u00bb.<\/p>\n<p data-module=\"article-paragraph\" class=\"jsx-3046738180 Paragraph\">\u00ab\u00a0Cette semaine ont \u00e9t\u00e9 vot\u00e9es des mesures, peut-\u00eatre li\u00e9es \u00e0 la perspective d&rsquo;Halloween, totalement inop\u00e9rantes !\u00a0\u00bb, a-t-il not\u00e9, citant une <a href=\"https:\/\/www.tf1info.fr\/politique\/budget-2026-les-deputes-surtaxent-les-geants-de-la-tech-et-les-multinationales-le-gouvernement-vent-debout-2403367.html\" target=\"_blank\" rel=\"noopener\">taxe sur les b\u00e9n\u00e9fices des multinationales<\/a> \u00ab\u00a0inapplicable\u00a0\u00bb. Il y voit de \u00ab\u00a0la sorcellerie fiscale\u00a0\u00bb. \u00ab\u00a0On peut d\u00e9cider en th\u00e9orie d\u2019exporter notre probl\u00e8me de d\u00e9ficit et de vouloir faire payer le monde entier. Mais en pratique, ce n\u2019est tout simplement pas possible. (&#8230;) \u00c0 ceux qui disent &lsquo;on va avoir 30 milliards d\u2019euros de recettes magiques&rsquo;, je r\u00e9ponds : &lsquo;Nous aurons 30 milliards d\u2019ennuis magiques'\u00a0\u00bb, a-t-il ajout\u00e9.\u00a0<\/p>\n<p data-module=\"article-paragraph\" class=\"jsx-3046738180 Paragraph Paragraph__End\">Concernant le <a href=\"https:\/\/www.tf1info.fr\/politique\/budget-2026-qu-est-ce-que-le-pacte-dutreil-cette-niche-fiscale-couteuse-remise-en-cause-a-l-assemblee-2403458.html\" target=\"_blank\" rel=\"noopener\">pacte Dutreil<\/a>, un dispositif permettant d&rsquo;all\u00e9ger la fiscalit\u00e9 lors des transmissions familiales d&rsquo;entreprises, le ministre de l&rsquo;Economie a appel\u00e9 \u00e0 ne pas \u00ab\u00a0brader les entreprises fran\u00e7aises\u00a0\u00bb. \u00ab\u00a0Le pacte Dutreil est un outil essentiel de la pr\u00e9servation du capitalisme familial \u00e0 la fran\u00e7aise. Il est utile. Mais est-ce qu&rsquo;on peut corriger, ici ou l\u00e0, des exc\u00e8s qui sont relev\u00e9s par certains ? Regardons-y ! En revanche, si le r\u00e9sultat de ce qui sera vot\u00e9 \u00e0 l&rsquo;Assembl\u00e9e aboutit \u00e0 brader les entreprises fran\u00e7aises, on se tirerait une balle dans le pied\u00a0\u00bb, a-t-il d\u00e9clar\u00e9.<\/p>\n<p><a href=\"https:\/\/www.tf1info.fr\/politique\/budget-2026-un-impot-sur-la-fortune-improductive-vote-par-les-deputes-c-est-quoi-2404038.html\" rel=\"noopener\" class=\"jsx-3308031228 Link flex\" target=\"_blank\"><img decoding=\"async\" src=\"https:\/\/www.europesays.com\/fr\/wp-content\/uploads\/2025\/11\/hemicylcle-assemblee-nationale-24-octobre-2025-c0aff0-0@1x.jpeg\" alt=\"L'h\u00e9micyle de l'Assembl\u00e9e nationale le 24 octobre 2025.\" loading=\"lazy\" importance=\"low\" fetchpriority=\"low\" class=\"\" aria-hidden=\"true\"\/><\/p>\n<p class=\"jsx-3657663356 ReadMoreArticle__Title\">Lire aussi<\/p>\n<p class=\"jsx-3657663356\">Budget 2026 : qu&rsquo;est-ce que l'\u00a0\u00bbimp\u00f4t sur la fortune improductive\u00a0\u00bb vot\u00e9 par les d\u00e9put\u00e9s ?<\/p>\n<p><\/a><\/p>\n<p data-module=\"article-paragraph\" class=\"jsx-3046738180 Paragraph\">Cette niche fiscale, qui sera d\u00e9battue \u00e0 l&rsquo;Assembl\u00e9e nationale, est critiqu\u00e9e par le PS notamment, qui y voit un moyen pour diminuer les droits de succession lors des h\u00e9ritages. Elle aurait engendr\u00e9 une perte de recettes fiscales de 5,5 milliards d&rsquo;euros en 2024, selon Le Monde, qui a consult\u00e9 une synth\u00e8se d&rsquo;un rapport de la Cour des comptes \u00e0 para\u00eetre dans les prochaines semaines.<\/p>\n<p data-module=\"article-paragraph\" class=\"jsx-3046738180 Paragraph Paragraph__End\">Selon un calcul de la ministre des Comptes publics, Am\u00e9lie de Montchalin, les mesures vot\u00e9es jusqu&rsquo;ici rel\u00e8vent le taux de pr\u00e9l\u00e8vements obligatoires \u00e0 45,1% du produit int\u00e9rieur brut (PIB), \u00ab\u00a0plus qu&rsquo;en 2013 o\u00f9 il \u00e9tait \u00e0 44,8%\u00a0\u00bb. Cela n&rsquo;int\u00e8gre pas l&rsquo;imp\u00f4t sur la fortune improductive vot\u00e9 vendredi soir, qui n&rsquo;est pas encore chiffr\u00e9.\u00a0<\/p>\n<p>La r\u00e9daction de TF1info<\/p>\n<p><script async src=\"https:\/\/platform.twitter.com\/widgets.js\" charset=\"utf-8\"><\/script><\/p>\n","protected":false},"excerpt":{"rendered":"Le pr\u00e9sident du Rassemblement national est l&rsquo;invit\u00e9 de Darius Rochebin \u00e0 18h, ce dimanche 2 novembre sur LCI.&hellip;\n","protected":false},"author":2,"featured_media":507344,"comment_status":"","ping_status":"","sticky":false,"template":"","format":"standard","meta":{"footnotes":""},"categories":[1356],"tags":[1111,11,1921,416,1003,58,59,1011,27,1922,1077,58884,4393,3541,11067,52897,252,1364,133,4530],"class_list":{"0":"post-507343","1":"post","2":"type-post","3":"status-publish","4":"format-standard","5":"has-post-thumbnail","7":"category-television","8":"tag-actu","9":"tag-actualites","10":"tag-article-video","11":"tag-assemblee-nationale","12":"tag-budget","13":"tag-divertissement","14":"tag-entertainment","15":"tag-fr","16":"tag-france","17":"tag-info","18":"tag-jordan-bardella","19":"tag-lecornu-ii-le-nouveau-gouvernement-a-lepreuve-du-budget","20":"tag-olivier-faure","21":"tag-parti-socialiste","22":"tag-sebastien-lecornu","23":"tag-taxe-zucman","24":"tag-television","25":"tag-tv","26":"tag-video","27":"tag-video-politique"},"share_on_mastodon":{"url":"https:\/\/pubeurope.com\/@fr\/115481760763623705","error":""},"_links":{"self":[{"href":"https:\/\/www.europesays.com\/fr\/wp-json\/wp\/v2\/posts\/507343","targetHints":{"allow":["GET"]}}],"collection":[{"href":"https:\/\/www.europesays.com\/fr\/wp-json\/wp\/v2\/posts"}],"about":[{"href":"https:\/\/www.europesays.com\/fr\/wp-json\/wp\/v2\/types\/post"}],"author":[{"embeddable":true,"href":"https:\/\/www.europesays.com\/fr\/wp-json\/wp\/v2\/users\/2"}],"replies":[{"embeddable":true,"href":"https:\/\/www.europesays.com\/fr\/wp-json\/wp\/v2\/comments?post=507343"}],"version-history":[{"count":0,"href":"https:\/\/www.europesays.com\/fr\/wp-json\/wp\/v2\/posts\/507343\/revisions"}],"wp:featuredmedia":[{"embeddable":true,"href":"https:\/\/www.europesays.com\/fr\/wp-json\/wp\/v2\/media\/507344"}],"wp:attachment":[{"href":"https:\/\/www.europesays.com\/fr\/wp-json\/wp\/v2\/media?parent=507343"}],"wp:term":[{"taxonomy":"category","embeddable":true,"href":"https:\/\/www.europesays.com\/fr\/wp-json\/wp\/v2\/categories?post=507343"},{"taxonomy":"post_tag","embeddable":true,"href":"https:\/\/www.europesays.com\/fr\/wp-json\/wp\/v2\/tags?post=507343"}],"curies":[{"name":"wp","href":"https:\/\/api.w.org\/{rel}","templated":true}]}}