{"id":507345,"date":"2025-11-02T19:29:11","date_gmt":"2025-11-02T19:29:11","guid":{"rendered":"https:\/\/www.europesays.com\/fr\/507345\/"},"modified":"2025-11-02T19:29:11","modified_gmt":"2025-11-02T19:29:11","slug":"le-concert-de-jul-au-stade-de-france-enflamme-aussi-les-cinemas","status":"publish","type":"post","link":"https:\/\/www.europesays.com\/fr\/507345\/","title":{"rendered":"Le concert de Jul au Stade de France enflamme aussi les cin\u00e9mas"},"content":{"rendered":"\n<p> La lecture de ce contenu est susceptible d\u2019entra\u00eener un d\u00e9p\u00f4t de cookies de la part de l\u2019op\u00e9rateur tiers qui l\u2019h\u00e9berge. Compte-tenu des choix que vous avez exprim\u00e9s en mati\u00e8re de d\u00e9p\u00f4t de cookies, nous avons bloqu\u00e9 l\u2019affichage de ce contenu. Si vous souhaitez y acc\u00e9der, vous devez accepter la cat\u00e9gorie de cookies \u201cContenus tiers\u201d en cliquant sur le bouton ci-dessous. <\/p>\n<p> Lire la Vid\u00e9o              <\/p>\n<p class=\"asset asset-text\">CONCERT &#8211; S\u00e9ance de rattrapage. Jul avait battu un record d\u2019affluence lors de son concert au Stade de France le 26\u00a0avril dernier pour sa seule date parisienne. La <a href=\"https:\/\/www.huffingtonpost.fr\/life\/article\/vous-culpabilisez-d-avoir-la-flemme-de-sortir-quand-il-fait-beau-il-y-a-un-nom-pour-ca_250014.html\" target=\"_blank\" rel=\"noopener\">FOMO <\/a>(\u00ab\u00a0fear of missing out\u00a0\u00bb en anglais, pour la \u00ab\u00a0peur de rater quelque chose\u00a0\u00bb) des fans qui n\u2019avaient pas eu de billets a \u00e9t\u00e9 confirm\u00e9e \u00e0 la vue de <a href=\"https:\/\/www.huffingtonpost.fr\/culture\/video\/jul-au-stade-de-france-en-claquettes-chaussettes-l-entree-aerienne-du-rappeur_249299.html\" target=\"_blank\" rel=\"noopener\">son entr\u00e9e digne de Johnny Hallyday<\/a> et des nombreux invit\u00e9s venus partager la sc\u00e8ne avec l\u2019OVNI.<\/p>\n<p class=\"asset asset-text\"><strong>Mais comme vous pouvez le voir dans la vid\u00e9o en t\u00eate d\u2019article, <\/strong>les cin\u00e9mas ont propos\u00e9 une rediffusion du show de 2\u00a0h\u00a030\u00a0le 30\u00a0octobre, ainsi que le 1er et 2\u00a0novembre. Au vu des vid\u00e9os partag\u00e9es sur les r\u00e9seaux sociaux, et celles repartag\u00e9es en story par l\u2019artiste, l\u2019ambiance dans les salles obscures n\u2019avait rien \u00e0 envier \u00e0 celle du Stade de France, comme l\u2019a rep\u00e9r\u00e9 <a href=\"https:\/\/www.facebook.com\/watch\/?v=26078513818405572\" target=\"_blank\" rel=\"noopener\" title=\"Nouvelle fen\u00eatre\">Le Parisien<\/a>.<\/p>\n<p class=\"asset asset-text\">Jul a profit\u00e9 de ce coup de projecteur pour teaser ses fans. Il a r\u00e9serv\u00e9 au public de l\u2019avant-premi\u00e8re de jeudi la primeur de l\u2019annonce de la sortie d\u2019un nouvel album, Tp sur Tp, le 5\u00a0d\u00e9cembre prochain, et a pr\u00e9cis\u00e9 sur Instagram que les pr\u00e9commandes ouvriront la semaine prochaine.<\/p>\n<p> La lecture de ce contenu est susceptible d\u2019entra\u00eener un d\u00e9p\u00f4t de cookies de la part de l\u2019op\u00e9rateur tiers qui l\u2019h\u00e9berge. Compte-tenu des choix que vous avez exprim\u00e9s en mati\u00e8re de d\u00e9p\u00f4t de cookies, nous avons bloqu\u00e9 l\u2019affichage de ce contenu. Si vous souhaitez y acc\u00e9der, vous devez accepter la cat\u00e9gorie de cookies \u201cContenus tiers\u201d en cliquant sur le bouton ci-dessous. <\/p>\n<p> Lire la Vid\u00e9o        <\/p>\n<p class=\"asset asset-text\">Il a \u00e9galement communiqu\u00e9 samedi sur l\u2019ouverture d\u2019un magasin \u00ab\u00a0Jul store\u00a0\u00bb \u00e0 <a href=\"https:\/\/www.huffingtonpost.fr\/france\/article\/incendie-a-marseille-le-rappeur-jul-apporte-son-soutien-aux-pompiers-et-aux-marseillais_252434.html\" target=\"_blank\" rel=\"noopener\">Marseille<\/a>, sans que le lieu o\u00f9 la date ne soient pr\u00e9cis\u00e9s. Le rappeur a publi\u00e9 ce dimanche un extrait de 34\u00a0secondes d\u2019un freestyle in\u00e9dit d\u2019une version point\u00a05\u00a0de \u00ab\u00a0Cassage de nuques\u00a0\u00bb. Pour finir en apoth\u00e9ose\u00a0: en fin d\u2019apr\u00e8s-midi ce dimanche, il a annonc\u00e9 sur ses r\u00e9seaux sociaux deux nouveaux concerts au Stade de France et deux au V\u00e9lodrome en mai 2026.<\/p>\n","protected":false},"excerpt":{"rendered":"La lecture de ce contenu est susceptible d\u2019entra\u00eener un d\u00e9p\u00f4t de cookies de la part de l\u2019op\u00e9rateur tiers&hellip;\n","protected":false},"author":2,"featured_media":507346,"comment_status":"","ping_status":"","sticky":false,"template":"","format":"standard","meta":{"footnotes":""},"categories":[1355],"tags":[650,1697,251,58,59,1011,27,1279,1361,873,2532,3616],"class_list":{"0":"post-507345","1":"post","2":"type-post","3":"status-publish","4":"format-standard","5":"has-post-thumbnail","7":"category-musique","8":"tag-cinema","9":"tag-concert","10":"tag-culture","11":"tag-divertissement","12":"tag-entertainment","13":"tag-fr","14":"tag-france","15":"tag-jul","16":"tag-music","17":"tag-musique","18":"tag-nos-videos","19":"tag-rap"},"share_on_mastodon":{"url":"https:\/\/pubeurope.com\/@fr\/115481763051928863","error":""},"_links":{"self":[{"href":"https:\/\/www.europesays.com\/fr\/wp-json\/wp\/v2\/posts\/507345","targetHints":{"allow":["GET"]}}],"collection":[{"href":"https:\/\/www.europesays.com\/fr\/wp-json\/wp\/v2\/posts"}],"about":[{"href":"https:\/\/www.europesays.com\/fr\/wp-json\/wp\/v2\/types\/post"}],"author":[{"embeddable":true,"href":"https:\/\/www.europesays.com\/fr\/wp-json\/wp\/v2\/users\/2"}],"replies":[{"embeddable":true,"href":"https:\/\/www.europesays.com\/fr\/wp-json\/wp\/v2\/comments?post=507345"}],"version-history":[{"count":0,"href":"https:\/\/www.europesays.com\/fr\/wp-json\/wp\/v2\/posts\/507345\/revisions"}],"wp:featuredmedia":[{"embeddable":true,"href":"https:\/\/www.europesays.com\/fr\/wp-json\/wp\/v2\/media\/507346"}],"wp:attachment":[{"href":"https:\/\/www.europesays.com\/fr\/wp-json\/wp\/v2\/media?parent=507345"}],"wp:term":[{"taxonomy":"category","embeddable":true,"href":"https:\/\/www.europesays.com\/fr\/wp-json\/wp\/v2\/categories?post=507345"},{"taxonomy":"post_tag","embeddable":true,"href":"https:\/\/www.europesays.com\/fr\/wp-json\/wp\/v2\/tags?post=507345"}],"curies":[{"name":"wp","href":"https:\/\/api.w.org\/{rel}","templated":true}]}}