{"id":507351,"date":"2025-11-02T19:33:13","date_gmt":"2025-11-02T19:33:13","guid":{"rendered":"https:\/\/www.europesays.com\/fr\/507351\/"},"modified":"2025-11-02T19:33:13","modified_gmt":"2025-11-02T19:33:13","slug":"des-jeunes-femmes-avant-toi-stephanie-le-quellec-outree-par-des-mots-dune-autre-epoque","status":"publish","type":"post","link":"https:\/\/www.europesays.com\/fr\/507351\/","title":{"rendered":"\u00ab\u00a0Des jeunes femmes avant toi\u2026\u00a0\u00bb : St\u00e9phanie Le Quellec outr\u00e9e par des mots d\u2019une autre \u00e9poque"},"content":{"rendered":"<p>Ce dimanche 2 novembre, <a href=\"https:\/\/www.telestar.fr\/actu_tv\/cyril-lignac-et-frederic-lopez-en-duo-sur-m6-cette-nouvelle-emission-quils-preparent-dans-lombre-1740016\" rel=\"nofollow noopener\" target=\"_blank\"><br \/>\nFr\u00e9d\u00e9ric Lopez<\/a> recevait trois nouvelles personnalit\u00e9s dans<br \/>\n<strong>Un dimanche \u00e0 la campagne<\/strong>, diffus\u00e9 sur<br \/>\nFrance 2. Il s\u2019agit notamment de la c\u00e9l\u00e8bre cheffe<br \/>\ncuisini\u00e8re <strong>St\u00e9phanie Le Quellec<\/strong>, qui avait gagn\u00e9<br \/>\n<a href=\"https:\/\/www.closermag.fr\/tv-tele-realite\/top-chef\/stephanie-le-quellec-gagnante-de-top-chef-en-2011-129558\" rel=\"nofollow noopener\" target=\"_blank\"><br \/>\nTop Chef 2011<\/a>, du romancier <strong>Olivier<br \/>\nNorek<\/strong> ainsi que du chanteur <strong>B\u00e9nabar<\/strong>.<\/p>\n<p>Discutant de diff\u00e9rents sujets, celle qui est devenue jur\u00e9e de<br \/>\nl\u2019\u00e9mission de M6 depuis la saison 15 est volontiers<br \/>\nrevenue sur les d\u00e9buts de son parcours de <strong>cheffe<br \/>\ncuisini\u00e8re<\/strong>. N\u00e9e d\u2019une famille de gastronome, la femme de<br \/>\n<a href=\"https:\/\/www.closermag.fr\/people\/stephanie-le-quellec-top-chef-qui-est-son-mari-chef-egalement-1569921\" rel=\"nofollow noopener\" target=\"_blank\"><br \/>\nDavid Le Quellec<\/a> s\u2019est d\u00e9couverte une v\u00e9ritable passion pour la<br \/>\ncuisine d\u00e8s son plus jeune \u00e2ge. D\u2019ailleurs, elle cuisinait d\u00e9j\u00e0 \u00e0<br \/>\nl\u2019\u00e2ge de 7 ans !<\/p>\n<p>St\u00e9phanie Le Quellec : ses parents toujours derri\u00e8re elle<br \/>\n!<\/p>\n<p>A Fr\u00e9d\u00e9ric Lopez, <strong>St\u00e9phanie Le Quellec<\/strong> raconte<br \/>\navoir avou\u00e9 \u00e0 ses parents qu\u2019elle voulait faire l\u2019\u00e9cole h\u00f4teli\u00e8re,<br \/>\n\u00e0 14 ans. Elle avoue avoir \u00e9t\u00e9 \u00e9tonn\u00e9e de la r\u00e9action de ses<br \/>\nparents. \u00ab\u00a0Ils me disaient : \u00ab\u00a0si c&rsquo;est ce que tu veux faire, si<br \/>\ntu es absolument certaine, <strong>faut que tu fasses ce<br \/>\nque tu aimes<\/strong> dans la vie donc on va trouver une<br \/>\n\u00e9cole\u00a0\u00bb ils m&rsquo;ont trouv\u00e9 une \u00e9cole\u00a0\u00bb, se souvient-elle.<\/p>\n<blockquote class=\"instagram-media\" style=\"background: #ffffff;border: 0;margin: 1px;width: 100%;padding: 0;max-width: 500px;\" data-instgrm-permalink=\"https:\/\/www.instagram.com\/reel\/DQezH-Lkteo\/?utm_source=ig_web_copy_link&amp;igsh=MzRlODBiNWFlZA==\" data-instgrm-version=\"14\"\/>\n<p>Seulement, c\u2019est le <strong>directeur de<br \/>\nl\u2019\u00e9tablissement<\/strong> de l\u2019\u00e9poque qui l\u2019avait choqu\u00e9. En effet,<br \/>\nlors de l\u2019entretien avec le directeur, ce dernier l\u2019avait<br \/>\n<strong>dirig\u00e9 vers un Bac technologique<\/strong>. \u00ab\u00a0Tu vas<br \/>\nfaire de la salle, tu vas faire de l&rsquo;h\u00e9bergement, tu vas voir, \u00e7a<br \/>\nva \u00eatre super\u00a0\u00bb, lui avait-il dit. Seulement, elle avait<br \/>\ninsist\u00e9 sur le fait qu\u2019elle voulait faire de la cuisine : \u00ab\u00a0Et<br \/>\npuis, je lui dis : \u00ab\u00a0oui mais moi monsieur, <strong>c&rsquo;est<br \/>\nde la cuisine que je veux faire<\/strong>, le reste c&rsquo;est<br \/>\nbien, mais \u00e7a m&rsquo;int\u00e9resse moins\u00a0\u00bb\u00a0\u00bb.<\/p>\n<p>St\u00e9phanie Le Quellec : des mots<br \/>\nn\u00e9gatifs qui l\u2019ont motiv\u00e9 !<\/p>\n<p>Dans son \u00e9lan, <strong>St\u00e9phanie Le Quellec<\/strong> se souvient<br \/>\nque le directeur lui avait r\u00e9pondu : \u00ab\u00a0Il me dit : \u00ab\u00a0oui mais tu<br \/>\nsais, des jeunes femmes avant toi qui voulaient faire ce m\u00e9tier-l\u00e0,<br \/>\nj&rsquo;en ai eu, c&rsquo;est tr\u00e8s difficile, <strong>elles arr\u00eatent<br \/>\nau bout de trois mois<\/strong>, donc dans trois mois, tu<br \/>\nseras contente de faire autre chose\u00a0\u00bb\u00a0\u00bb.<\/p>\n<blockquote class=\"instagram-media\" style=\"background: #ffffff;border: 0;margin: 1px;width: 100%;padding: 0;max-width: 500px;\" data-instgrm-permalink=\"https:\/\/www.instagram.com\/p\/DQXEu5OE_Vs\/?utm_source=ig_web_copy_link&amp;igsh=MzRlODBiNWFlZA==\" data-instgrm-version=\"14\"\/>\n<p>Seulement, au lieu de d\u00e9motiver <a href=\"https:\/\/www.closermag.fr\/people\/stephanie-le-quellec-combien-a-t-elle-denfants-3590995\" rel=\"nofollow noopener\" target=\"_blank\"><br \/>\nla m\u00e8re de famille<\/a>, ces mots avaient \u00ab\u00a0fait na\u00eetre<br \/>\n<strong>une esp\u00e8ce de rage d&rsquo;y arriver<\/strong> pour<br \/>\nlui prouver que ma place elle est en cuisine\u00a0\u00bb, confie-t-elle,<br \/>\nen soulignant : \u00ab\u00a0Bah moi \u00e0 chaque fois qu&rsquo;on m&rsquo;explique que je<br \/>\nvais pas y arriver, j&rsquo;aime bien montrer que j&rsquo;ai raison\u00a0\u00bb.<br \/>\nApr\u00e8s son int\u00e9gration au <strong>lyc\u00e9e h\u00f4telier Albert-de-Mun de<br \/>\nParis<\/strong>, St\u00e9phanie Le Quellec a obtenu son BTS \u00e0 19 ans.<\/p>\n<p><script async src=\"\/\/www.instagram.com\/embed.js\"><\/script><\/p>\n","protected":false},"excerpt":{"rendered":"Ce dimanche 2 novembre, Fr\u00e9d\u00e9ric Lopez recevait trois nouvelles personnalit\u00e9s dans Un dimanche \u00e0 la campagne, diffus\u00e9 sur&hellip;\n","protected":false},"author":2,"featured_media":507352,"comment_status":"","ping_status":"","sticky":false,"template":"","format":"standard","meta":{"footnotes":""},"categories":[8],"tags":[58,59,1011,27,492],"class_list":{"0":"post-507351","1":"post","2":"type-post","3":"status-publish","4":"format-standard","5":"has-post-thumbnail","7":"category-divertissement","8":"tag-divertissement","9":"tag-entertainment","10":"tag-fr","11":"tag-france","12":"tag-top-chef"},"share_on_mastodon":{"url":"https:\/\/pubeurope.com\/@fr\/115481778871814423","error":""},"_links":{"self":[{"href":"https:\/\/www.europesays.com\/fr\/wp-json\/wp\/v2\/posts\/507351","targetHints":{"allow":["GET"]}}],"collection":[{"href":"https:\/\/www.europesays.com\/fr\/wp-json\/wp\/v2\/posts"}],"about":[{"href":"https:\/\/www.europesays.com\/fr\/wp-json\/wp\/v2\/types\/post"}],"author":[{"embeddable":true,"href":"https:\/\/www.europesays.com\/fr\/wp-json\/wp\/v2\/users\/2"}],"replies":[{"embeddable":true,"href":"https:\/\/www.europesays.com\/fr\/wp-json\/wp\/v2\/comments?post=507351"}],"version-history":[{"count":0,"href":"https:\/\/www.europesays.com\/fr\/wp-json\/wp\/v2\/posts\/507351\/revisions"}],"wp:featuredmedia":[{"embeddable":true,"href":"https:\/\/www.europesays.com\/fr\/wp-json\/wp\/v2\/media\/507352"}],"wp:attachment":[{"href":"https:\/\/www.europesays.com\/fr\/wp-json\/wp\/v2\/media?parent=507351"}],"wp:term":[{"taxonomy":"category","embeddable":true,"href":"https:\/\/www.europesays.com\/fr\/wp-json\/wp\/v2\/categories?post=507351"},{"taxonomy":"post_tag","embeddable":true,"href":"https:\/\/www.europesays.com\/fr\/wp-json\/wp\/v2\/tags?post=507351"}],"curies":[{"name":"wp","href":"https:\/\/api.w.org\/{rel}","templated":true}]}}