{"id":507355,"date":"2025-11-02T19:35:13","date_gmt":"2025-11-02T19:35:13","guid":{"rendered":"https:\/\/www.europesays.com\/fr\/507355\/"},"modified":"2025-11-02T19:35:13","modified_gmt":"2025-11-02T19:35:13","slug":"les-industriels-deplorent-la-surtaxation-prevue-pour-les-entreprises","status":"publish","type":"post","link":"https:\/\/www.europesays.com\/fr\/507355\/","title":{"rendered":"les industriels d\u00e9plorent la \u00absurtaxation\u00bb pr\u00e9vue pour les entreprises"},"content":{"rendered":"<p>\n    \u00abOn ne peut pas saluer l\u2019industrie d\u2019une main et creuser sa tombe de l\u2019autre\u00bb, \u00e9crivent 90 industriels de l\u2019automobile, l\u2019a\u00e9ronautique, la m\u00e9tallurgie, la sid\u00e9rurgie, la m\u00e9canique et les composants \u00e9lectroniques, dans un texte publi\u00e9 dans le JDD.<\/p>\n<p class=\"fig-paragraph\">90 industriels de l&rsquo;automobile, l&rsquo;a\u00e9ronautique, la m\u00e9tallurgie, la sid\u00e9rurgie, la m\u00e9canique et les composants \u00e9lectroniques ont alert\u00e9 dimanche dans une tribune contre la \u00absurtaxation\u00bb qui pourrait freiner leurs activit\u00e9s en France si l<a href=\"http:\/\/www.lefigaro.fr\/politique\/budget-le-gouvernement-est-sous-la-tutelle-des-577-deputes-rappelle-maud-bregeon-20251102\" target=\"_blank\" data-fig-type=\"Article\" rel=\"noopener\" data-gtm-custom-categorie=\"navigation\" data-gtm-custom-action=\"crossclick\" data-gtm-custom-label=\"Contextuel\" data-gtm-event=\"customEventSPE\" data-fig-domain=\"LEFIGARO\">e projet de budget 2026 en cours de discussion<\/a>\u00a0\u00e9tait vot\u00e9 tel quel. Dans un texte commun adress\u00e9 aux parlementaires et publi\u00e9 dans le\u00a0<a href=\"https:\/\/www.lejdd.fr\/economie\/eric-trappier-et-des-industriels-alertent-sur-la-surtaxation-en-france-163575\" target=\"_blank\" rel=\"noopener\" data-gtm-custom-categorie=\"navigation\" data-gtm-custom-action=\"crossclick\" data-gtm-custom-label=\"Contextuel\" data-gtm-event=\"customEventSPE\">Journal du Dimanche<\/a>, ces industriels d\u00e9noncent les nouvelles charges fiscales et normatives pesant sur l&rsquo;industrie, malgr\u00e9 le discours volontariste de r\u00e9industrialisation port\u00e9 par le gouvernement.<\/p>\n<p class=\"fig-paragraph\">\u00abOn ne peut pas saluer l&rsquo;industrie d&rsquo;une main et creuser sa tombe de l&rsquo;autre\u00bb, \u00e9crivent-ils dans la tribune, soulignant que le poids de l&rsquo;industrie dans le PIB a \u00e9t\u00e9 \u00abdivis\u00e9 par deux en trente ans\u00bb et stagne \u00e0 \u00abun niveau abyssal\u00bb. Selon les signataires, \u00abmalgr\u00e9 la reprise de la baisse de la CVAE (cotisation sur la valeur ajout\u00e9e des entreprises), plus de 10 milliards d&rsquo;imp\u00f4ts et de taxes suppl\u00e9mentaires toucheront encore les entreprises cette ann\u00e9e\u00bb. \u00abContributions exceptionnelles, conditionnalit\u00e9s, transferts de charges, redevances, coupes dans les aides \u00e0 l&rsquo;apprentissage: les mesures ciblant les tr\u00e9soreries des entreprises s&rsquo;accumulent\u00bb, affirme le texte.<\/p>\n<p>                                    <a class=\"fig-a11y-skip a11y-hidden\" href=\"#fig-a11y-skip-main-inarticle\"><br \/>\n        Passer la publicit\u00e9<br \/>\n    <\/a><\/p>\n<p>Les industriels \u00abse battent\u00bb<\/p>\n<p class=\"fig-paragraph\">Il est sign\u00e9 notamment par le patron de Dassault Aviation* \u00c9ric Trappier, en sa qualit\u00e9 de pr\u00e9sident de l&rsquo;Union des industries et m\u00e9tiers de la m\u00e9tallurgie (UIMM), Alexandre Saubot (directeur g\u00e9n\u00e9ral d&rsquo;Haulotte, pr\u00e9sident de France Industrie), Guillaume de Goys (Aluminium de France), St\u00e9phane Delpeyroux (Alliance minerais min\u00e9raux m\u00e9taux), Fr\u00e9d\u00e9rique Le Gr\u00e8ves, pr\u00e9sidente de STMicroelectronics France et de la f\u00e9d\u00e9ration de l&rsquo;\u00e9lectronique fran\u00e7aise, Patrick Jeantet, pr\u00e9sident de la f\u00e9d\u00e9ration des industries ferroviaires, ou Alain Le Grix de la Salle (ArcelorMittal France).<\/p>\n<p class=\"fig-paragraph\">\u00abPendant que le Parlement d\u00e9bat\u00bb, les industriels \u00abse battent\u00bb face \u00ab\u00e0 une concurrence tr\u00e8s agressive\u00bb, alors qu&rsquo;ils sont \u00ablest\u00e9s d&rsquo;un carcan administratif, normatif et fiscal qui p\u00e8se chaque jour un peu plus sur la performance\u00bb, ajoutent-ils en appelant \u00absolennellement\u00bb les parlementaires \u00e0 \u00abpr\u00e9server les leviers du d\u00e9veloppement de l&rsquo;industrie\u00bb.<\/p>\n<p class=\"fig-paragraph\">Alors que la \u00abr\u00e9industrialisation\u00bb a donn\u00e9 de nouveaux signes d&rsquo;essoufflement au premier semestre, avec un solde net tout juste positif entre les ouvertures, agrandissements de sites industriels d&rsquo;une part, et fermetures et r\u00e9ductions d&rsquo;effectifs d&rsquo;autre part, le ministre de l&rsquo;Industrie S\u00e9bastien Martin a r\u00e9pondu sur le r\u00e9seau social X: \u00abOui il faut d\u00e9battre de justice fiscale\u00bb \u00e9crit-il, \u00abmais il n&rsquo;est pas question de fragiliser notre outil industriel et productif\u00bb.<\/p>\n<p class=\"fig-paragraph\">*Le Figaro est la propri\u00e9t\u00e9 du groupe Dassault.<\/p>\n","protected":false},"excerpt":{"rendered":"\u00abOn ne peut pas saluer l\u2019industrie d\u2019une main et creuser sa tombe de l\u2019autre\u00bb, \u00e9crivent 90 industriels de&hellip;\n","protected":false},"author":2,"featured_media":507356,"comment_status":"","ping_status":"","sticky":false,"template":"","format":"standard","meta":{"footnotes":""},"categories":[6],"tags":[1003,35,33,34,1011,27],"class_list":{"0":"post-507355","1":"post","2":"type-post","3":"status-publish","4":"format-standard","5":"has-post-thumbnail","7":"category-economie","8":"tag-budget","9":"tag-business","10":"tag-economie","11":"tag-economy","12":"tag-fr","13":"tag-france"},"share_on_mastodon":{"url":"https:\/\/pubeurope.com\/@fr\/115481786752293491","error":""},"_links":{"self":[{"href":"https:\/\/www.europesays.com\/fr\/wp-json\/wp\/v2\/posts\/507355","targetHints":{"allow":["GET"]}}],"collection":[{"href":"https:\/\/www.europesays.com\/fr\/wp-json\/wp\/v2\/posts"}],"about":[{"href":"https:\/\/www.europesays.com\/fr\/wp-json\/wp\/v2\/types\/post"}],"author":[{"embeddable":true,"href":"https:\/\/www.europesays.com\/fr\/wp-json\/wp\/v2\/users\/2"}],"replies":[{"embeddable":true,"href":"https:\/\/www.europesays.com\/fr\/wp-json\/wp\/v2\/comments?post=507355"}],"version-history":[{"count":0,"href":"https:\/\/www.europesays.com\/fr\/wp-json\/wp\/v2\/posts\/507355\/revisions"}],"wp:featuredmedia":[{"embeddable":true,"href":"https:\/\/www.europesays.com\/fr\/wp-json\/wp\/v2\/media\/507356"}],"wp:attachment":[{"href":"https:\/\/www.europesays.com\/fr\/wp-json\/wp\/v2\/media?parent=507355"}],"wp:term":[{"taxonomy":"category","embeddable":true,"href":"https:\/\/www.europesays.com\/fr\/wp-json\/wp\/v2\/categories?post=507355"},{"taxonomy":"post_tag","embeddable":true,"href":"https:\/\/www.europesays.com\/fr\/wp-json\/wp\/v2\/tags?post=507355"}],"curies":[{"name":"wp","href":"https:\/\/api.w.org\/{rel}","templated":true}]}}