{"id":507357,"date":"2025-11-02T19:36:17","date_gmt":"2025-11-02T19:36:17","guid":{"rendered":"https:\/\/www.europesays.com\/fr\/507357\/"},"modified":"2025-11-02T19:36:17","modified_gmt":"2025-11-02T19:36:17","slug":"le-royaume-uni-sous-le-choc-apres-une-nouvelle-vague-dattaques-au-couteau","status":"publish","type":"post","link":"https:\/\/www.europesays.com\/fr\/507357\/","title":{"rendered":"Le Royaume-Uni sous le choc apr\u00e8s une nouvelle vague d\u2019attaques au couteau"},"content":{"rendered":"<p>\n    <strong>R\u00c9CIT<\/strong> &#8211; Apr\u00e8s l\u2019agression qui a fait dix bless\u00e9s dans un train pr\u00e8s de Cambridge, samedi soir, deux hommes ont \u00e9t\u00e9 arr\u00eat\u00e9s. Mais un seul est d\u00e9sormais consid\u00e9r\u00e9 comme suspect, le second ayant \u00e9t\u00e9 rel\u00e2ch\u00e9.<\/p>\n<p class=\"fig-paragraph\">Correspondant \u00e0 Londres<\/p>\n<p class=\"fig-paragraph\">L\u2019Angleterre est sous le choc, frapp\u00e9e une fois encore par une violence barbare.\u00a0<a href=\"http:\/\/www.lefigaro.fr\/international\/j-ai-d-abord-cru-a-une-plaisanterie-d-halloween-le-recit-minute-par-minute-de-l-attaque-dans-le-train-au-royaume-uni-20251102\" data-fig-type=\"Article\" data-gtm-custom-categorie=\"navigation\" data-gtm-custom-action=\"crossclick\" data-gtm-custom-label=\"Contextuel\" data-gtm-event=\"customEventSPE\" data-fig-domain=\"LEFIGARO\" target=\"_blank\" rel=\"noopener\">L\u2019attaque au couteau<\/a>\u00a0qui a fait une dizaine de bless\u00e9s dans un train, samedi soir, replonge le pays dans la peur. Apr\u00e8s quelques ann\u00e9es de relatif r\u00e9pit, depuis les attentats de 2017,\u00a0<a href=\"http:\/\/www.lefigaro.fr\/international\/royaume-uni-attaque-au-couteau-au-dehors-d-une-synagogue-au-nord-de-manchester-20251002\" data-fig-type=\"NewsFlash\" data-gtm-custom-categorie=\"navigation\" data-gtm-custom-action=\"crossclick\" data-gtm-custom-label=\"Contextuel\" data-gtm-event=\"customEventSPE\" data-fig-domain=\"LEFIGARO\" target=\"_blank\" rel=\"noopener\">le rythme des attaques et des drames s\u2019acc\u00e9l\u00e8re<\/a>\u00a0de nouveau.<\/p>\n<p class=\"fig-paragraph\">Il \u00e9tait 19\u00a0h\u00a039, samedi soir, quand la police a re\u00e7u l\u2019appel d\u2019un passager d\u2019un train de la London North Eastern Railway (LNER), reliant Doncaster (South Yorkshire) \u00e0 la gare de King\u2019s Cross, \u00e0 Londres. La voix saccad\u00e9e rapporte\u00a0<a href=\"http:\/\/www.lefigaro.fr\/flash-eco\/attaque-a-l-arme-blanche-dans-un-train-en-angleterre-des-blesses-deux-interpelles-20251101\" data-fig-type=\"NewsFlash\" data-gtm-custom-categorie=\"navigation\" data-gtm-custom-action=\"crossclick\" data-gtm-custom-label=\"Contextuel\" data-gtm-event=\"customEventSPE\" data-fig-domain=\"LEFIGARO\" target=\"_blank\" rel=\"noopener\">qu\u2019un homme arm\u00e9<\/a>\u00a0a commenc\u00e9 \u00e0 poignarder des personnes dans les wagons de l\u2019arri\u00e8re, peu apr\u00e8s que le train a d\u00e9pass\u00e9 Peterborough. Le train fait alors un arr\u00eat non pr\u00e9vu \u00e0 Huntingdon, pr\u00e8s de Cambridge, o\u00f9 la police intervient, huit minutes apr\u00e8s l\u2019alerte. Les agents arr\u00eatent deux hommes, l\u2019un d\u2019entre eux qui brandissait un grand couteau \u00e9tant neutralis\u00e9 avec un pistolet Taser.<\/p>\n<p class=\"fig-paragraph\">La terreur aura dur\u00e9 quatorze minutes. Des\u2026<\/p>\n<p class=\"fig-premium-paywall__infos\">\n        Cet article est r\u00e9serv\u00e9 aux abonn\u00e9s.        Il vous reste 79% \u00e0 d\u00e9couvrir.\n    <\/p>\n<p>                <img  data- alt=\"Le Figaro\" class=\"fig-img--complete fig-img\"\/><\/p>\n<p class=\"fig-premium-paywall__title\">Vous avez envie de lire la suite ?<\/p>\n<p class=\"fig-premium-paywall__subtitle\">D\u00e9bloquez tous les articles imm\u00e9diatement.<\/p>\n<p class=\"fig-premium-paywall__connect\">\n                D\u00e9j\u00e0 abonn\u00e9\u00a0?                <a class=\"fig-premium-paywall__connect-link\" href=\"https:\/\/connect.lefigaro.fr\/login?client=horizon_web&amp;type=main&amp;redirect_uri=https%3A%2F%2Fwww.lefigaro.fr%2Finternational%2Fle-royaume-uni-sous-le-choc-apres-une-nouvelle-vague-d-attaques-au-couteau-20251102\" data-js-gtm=\"{&quot;customCategorie&quot;: &quot;conversion&quot;, &quot;customAction&quot;: &quot;before_Landing_Connexion_paywall_auto&quot;, &quot;customLabel&quot;: &quot;bGVmaWdhcm8uZnJfXzFmMGI4MDE3LTU2ZjItNmU5Ni05YjZkLTBkMzJiOTg1NmJlNl9fQXJ0aWNsZQ==_Le Royaume-Uni sous le choc apr\u00e8s une nouvelle vague d\u2019attaques au couteau_42&quot;, &quot;customIDSPE&quot;: &quot;bGVmaWdhcm8uZnJfXzFmMGI4MDE3LTU2ZjItNmU5Ni05YjZkLTBkMzJiOTg1NmJlNl9fQXJ0aWNsZQ==&quot;, &quot;event&quot;: &quot;customEventSPE&quot;}\" target=\"_blank\" rel=\"noopener\"><br \/>\n                    Connectez-vous<br \/>\n                <\/a>\n            <\/p>\n","protected":false},"excerpt":{"rendered":"R\u00c9CIT &#8211; Apr\u00e8s l\u2019agression qui a fait dix bless\u00e9s dans un train pr\u00e8s de Cambridge, samedi soir, deux&hellip;\n","protected":false},"author":2,"featured_media":507358,"comment_status":"","ping_status":"","sticky":false,"template":"","format":"standard","meta":{"footnotes":""},"categories":[5],"tags":[11,14118,1011,27,14,12,473,28],"class_list":{"0":"post-507357","1":"post","2":"type-post","3":"status-publish","4":"format-standard","5":"has-post-thumbnail","7":"category-international","8":"tag-actualites","9":"tag-attaque-au-couteau","10":"tag-fr","11":"tag-france","12":"tag-international","13":"tag-news","14":"tag-royaume-uni","15":"tag-world"},"share_on_mastodon":{"url":"https:\/\/pubeurope.com\/@fr\/115481790693749359","error":""},"_links":{"self":[{"href":"https:\/\/www.europesays.com\/fr\/wp-json\/wp\/v2\/posts\/507357","targetHints":{"allow":["GET"]}}],"collection":[{"href":"https:\/\/www.europesays.com\/fr\/wp-json\/wp\/v2\/posts"}],"about":[{"href":"https:\/\/www.europesays.com\/fr\/wp-json\/wp\/v2\/types\/post"}],"author":[{"embeddable":true,"href":"https:\/\/www.europesays.com\/fr\/wp-json\/wp\/v2\/users\/2"}],"replies":[{"embeddable":true,"href":"https:\/\/www.europesays.com\/fr\/wp-json\/wp\/v2\/comments?post=507357"}],"version-history":[{"count":0,"href":"https:\/\/www.europesays.com\/fr\/wp-json\/wp\/v2\/posts\/507357\/revisions"}],"wp:featuredmedia":[{"embeddable":true,"href":"https:\/\/www.europesays.com\/fr\/wp-json\/wp\/v2\/media\/507358"}],"wp:attachment":[{"href":"https:\/\/www.europesays.com\/fr\/wp-json\/wp\/v2\/media?parent=507357"}],"wp:term":[{"taxonomy":"category","embeddable":true,"href":"https:\/\/www.europesays.com\/fr\/wp-json\/wp\/v2\/categories?post=507357"},{"taxonomy":"post_tag","embeddable":true,"href":"https:\/\/www.europesays.com\/fr\/wp-json\/wp\/v2\/tags?post=507357"}],"curies":[{"name":"wp","href":"https:\/\/api.w.org\/{rel}","templated":true}]}}