{"id":50736,"date":"2025-04-25T03:06:14","date_gmt":"2025-04-25T03:06:14","guid":{"rendered":"https:\/\/www.europesays.com\/fr\/50736\/"},"modified":"2025-04-25T03:06:14","modified_gmt":"2025-04-25T03:06:14","slug":"betclic-elite-le-sluc-nancy-sans-pression-mais-pas-sans-ambition","status":"publish","type":"post","link":"https:\/\/www.europesays.com\/fr\/50736\/","title":{"rendered":"Betclic \u00c9lite. Le SLUC Nancy sans pression, mais pas sans ambition"},"content":{"rendered":"<p>ASVEL &#8211; SLUC<\/p>\n<p>Ce vendredi, 20h<\/p>\n<p>N\u2019y allons pas par quatre chemins\u00a0: rien ne plaide en faveur du SLUC, \u00e0 quelques heures de l\u2019entre-deux sur le parquet de l\u2019Astroballe, \u00e0 Villeurbanne. Ni la tendance du moment, ni les archives, forc\u00e9ment amput\u00e9es de cinq saisons (celles que Nancy a pass\u00e9es en Pro B).<\/p>\n<p>\u00c9cartons d\u2019embl\u00e9e la parenth\u00e8se historique, en rappelant que la derni\u00e8re victoire du SLUC en terre rhodanienne date de f\u00e9vrier\u00a02014 (Edwin Jackson portait d\u00e9j\u00e0 les couleurs de l\u2019ASVEL). Depuis, Nancy s\u2019est inclin\u00e9 \u00e0 cinq reprises \u00e0 l\u2019Astroballe. Et les deux derni\u00e8res exp\u00e9riences, depuis la remont\u00e9e en Betclic \u00c9lite, ont \u00e9t\u00e9, de loin, les plus d\u00e9sagr\u00e9ables (-16 et -25).\u00a0Refermons la page de ces r\u00e9f\u00e9rences&#8230;<\/p>\n","protected":false},"excerpt":{"rendered":"ASVEL &#8211; SLUC Ce vendredi, 20h N\u2019y allons pas par quatre chemins\u00a0: rien ne plaide en faveur du&hellip;\n","protected":false},"author":2,"featured_media":50737,"comment_status":"","ping_status":"","sticky":false,"template":"","format":"standard","meta":{"footnotes":""},"categories":[9635],"tags":[1111,11,1791,1704,1777,674,1011,27,775,1702,1703,12,25,11567,517,1700],"class_list":{"0":"post-50736","1":"post","2":"type-post","3":"status-publish","4":"format-standard","5":"has-post-thumbnail","7":"category-nancy","8":"tag-actu","9":"tag-actualites","10":"tag-basket-ball","11":"tag-edition-nancy-et-agglomeration","12":"tag-eu","13":"tag-europe","14":"tag-fr","15":"tag-france","16":"tag-grand-est","17":"tag-nancy","18":"tag-nancy-ville-54b","19":"tag-news","20":"tag-republique-francaise","21":"tag-sluc","22":"tag-sport","23":"tag-sport-lorrain"},"share_on_mastodon":{"url":"https:\/\/pubeurope.com\/@fr\/114396396560717652","error":""},"_links":{"self":[{"href":"https:\/\/www.europesays.com\/fr\/wp-json\/wp\/v2\/posts\/50736","targetHints":{"allow":["GET"]}}],"collection":[{"href":"https:\/\/www.europesays.com\/fr\/wp-json\/wp\/v2\/posts"}],"about":[{"href":"https:\/\/www.europesays.com\/fr\/wp-json\/wp\/v2\/types\/post"}],"author":[{"embeddable":true,"href":"https:\/\/www.europesays.com\/fr\/wp-json\/wp\/v2\/users\/2"}],"replies":[{"embeddable":true,"href":"https:\/\/www.europesays.com\/fr\/wp-json\/wp\/v2\/comments?post=50736"}],"version-history":[{"count":0,"href":"https:\/\/www.europesays.com\/fr\/wp-json\/wp\/v2\/posts\/50736\/revisions"}],"wp:featuredmedia":[{"embeddable":true,"href":"https:\/\/www.europesays.com\/fr\/wp-json\/wp\/v2\/media\/50737"}],"wp:attachment":[{"href":"https:\/\/www.europesays.com\/fr\/wp-json\/wp\/v2\/media?parent=50736"}],"wp:term":[{"taxonomy":"category","embeddable":true,"href":"https:\/\/www.europesays.com\/fr\/wp-json\/wp\/v2\/categories?post=50736"},{"taxonomy":"post_tag","embeddable":true,"href":"https:\/\/www.europesays.com\/fr\/wp-json\/wp\/v2\/tags?post=50736"}],"curies":[{"name":"wp","href":"https:\/\/api.w.org\/{rel}","templated":true}]}}