{"id":507363,"date":"2025-11-02T19:39:17","date_gmt":"2025-11-02T19:39:17","guid":{"rendered":"https:\/\/www.europesays.com\/fr\/507363\/"},"modified":"2025-11-02T19:39:17","modified_gmt":"2025-11-02T19:39:17","slug":"firminy-las-faure-remet-un-cheque-de-200-euros-a-linstitut-du-sein-stephanois","status":"publish","type":"post","link":"https:\/\/www.europesays.com\/fr\/507363\/","title":{"rendered":"Firminy. L\u2019AS Faure remet un ch\u00e8que de 200\u00a0euros \u00e0 l\u2019Institut du Sein st\u00e9phanois"},"content":{"rendered":"<p>Ce jeudi, c\u2019est au si\u00e8ge de l\u2019Amicale de Fayol Gaffard et accompagn\u00e9 de quelques dirigeants, que le pr\u00e9sident de l\u2019AS Faure, Albert Gibernon, a remis un ch\u00e8que de 200\u00a0euros \u00e0 Lili Roiron, repr\u00e9sentante de l\u2019association Saint-Etienne Institut du Sein. \u00ab\u00a0C\u2019est un geste qui fait chaud au c\u0153ur et qui nous encourage \u00e0 continuer nos actions\u00a0\u00bb, a comment\u00e9 l\u2019organisatrice \u00e9v\u00e9nementielle du SIS en pr\u00e9sence de Sandrine Massardier, la pr\u00e9sidente de l\u2019amicale appelouse.<\/p>\n","protected":false},"excerpt":{"rendered":"Ce jeudi, c\u2019est au si\u00e8ge de l\u2019Amicale de Fayol Gaffard et accompagn\u00e9 de quelques dirigeants, que le pr\u00e9sident&hellip;\n","protected":false},"author":2,"featured_media":507364,"comment_status":"","ping_status":"","sticky":false,"template":"","format":"standard","meta":{"footnotes":""},"categories":[9653],"tags":[1111,11,2430,7539,1777,674,10282,10283,1011,27,12,25,4001,104,1631],"class_list":{"0":"post-507363","1":"post","2":"type-post","3":"status-publish","4":"format-standard","5":"has-post-thumbnail","7":"category-saint-etienne","8":"tag-actu","9":"tag-actualites","10":"tag-auvergne-rhone-alpes","11":"tag-edition-loire-sud","12":"tag-eu","13":"tag-europe","14":"tag-firminy","15":"tag-firminy-ville","16":"tag-fr","17":"tag-france","18":"tag-news","19":"tag-republique-francaise","20":"tag-saint-etienne","21":"tag-societe","22":"tag-vie-associative"},"share_on_mastodon":{"url":"https:\/\/pubeurope.com\/@fr\/115481802520293911","error":""},"_links":{"self":[{"href":"https:\/\/www.europesays.com\/fr\/wp-json\/wp\/v2\/posts\/507363","targetHints":{"allow":["GET"]}}],"collection":[{"href":"https:\/\/www.europesays.com\/fr\/wp-json\/wp\/v2\/posts"}],"about":[{"href":"https:\/\/www.europesays.com\/fr\/wp-json\/wp\/v2\/types\/post"}],"author":[{"embeddable":true,"href":"https:\/\/www.europesays.com\/fr\/wp-json\/wp\/v2\/users\/2"}],"replies":[{"embeddable":true,"href":"https:\/\/www.europesays.com\/fr\/wp-json\/wp\/v2\/comments?post=507363"}],"version-history":[{"count":0,"href":"https:\/\/www.europesays.com\/fr\/wp-json\/wp\/v2\/posts\/507363\/revisions"}],"wp:featuredmedia":[{"embeddable":true,"href":"https:\/\/www.europesays.com\/fr\/wp-json\/wp\/v2\/media\/507364"}],"wp:attachment":[{"href":"https:\/\/www.europesays.com\/fr\/wp-json\/wp\/v2\/media?parent=507363"}],"wp:term":[{"taxonomy":"category","embeddable":true,"href":"https:\/\/www.europesays.com\/fr\/wp-json\/wp\/v2\/categories?post=507363"},{"taxonomy":"post_tag","embeddable":true,"href":"https:\/\/www.europesays.com\/fr\/wp-json\/wp\/v2\/tags?post=507363"}],"curies":[{"name":"wp","href":"https:\/\/api.w.org\/{rel}","templated":true}]}}