{"id":507369,"date":"2025-11-02T19:42:28","date_gmt":"2025-11-02T19:42:28","guid":{"rendered":"https:\/\/www.europesays.com\/fr\/507369\/"},"modified":"2025-11-02T19:42:28","modified_gmt":"2025-11-02T19:42:28","slug":"basket-ball-apres-sig-nancy-86-82-quand-marcus-keene-va-tout-va","status":"publish","type":"post","link":"https:\/\/www.europesays.com\/fr\/507369\/","title":{"rendered":"Basket-ball. Apr\u00e8s SIG &#8211; Nancy (86-82) : quand Marcus Keene va, tout va\u2026"},"content":{"rendered":"<p>\u00c0 l\u2019issue du derby empoch\u00e9 au prix d\u2019un final haletant, Marcus Keene, claquettes aux pieds, avait le sourire aux l\u00e8vres. Content de la victoire des siens et de la prestation qu\u2019il avait livr\u00e9e. \u00ab\u00a0On a r\u00e9ussi \u00e0 gagner, donc je me sens bien\u00a0\u00bb, l\u00e2chait-il en toute d\u00e9contraction.<\/p>\n<p>Pr\u00e9sent dans le premier quart au relais d\u2019un Gabe Brown dominateur. Froid comme une lame au moment de redonner, d\u2019un prim\u00e9, un peu d\u2019air \u00e0 la SIG \u00e0 la mi-temps. Clutch en fin de match, quand il a fallu repousser les assauts des Nanc\u00e9iens, en enquillant les paniers de loin, de pr\u00e8s comme ce petit floater qui a permis \u00e0 la SIG de repasser en t\u00eate&#8230;<\/p>\n","protected":false},"excerpt":{"rendered":"\u00c0 l\u2019issue du derby empoch\u00e9 au prix d\u2019un final haletant, Marcus Keene, claquettes aux pieds, avait le sourire&hellip;\n","protected":false},"author":2,"featured_media":507370,"comment_status":"","ping_status":"","sticky":false,"template":"","format":"standard","meta":{"footnotes":""},"categories":[9635],"tags":[1111,11,1791,2880,1777,674,107,1011,27,775,1702,12,25,3543,517,640,2879],"class_list":{"0":"post-507369","1":"post","2":"type-post","3":"status-publish","4":"format-standard","5":"has-post-thumbnail","7":"category-nancy","8":"tag-actu","9":"tag-actualites","10":"tag-basket-ball","11":"tag-edition-strasbourg","12":"tag-eu","13":"tag-europe","14":"tag-fil-info","15":"tag-fr","16":"tag-france","17":"tag-grand-est","18":"tag-nancy","19":"tag-news","20":"tag-republique-francaise","21":"tag-sig-strasbourg","22":"tag-sport","23":"tag-strasbourg","24":"tag-strasbourg-ville"},"share_on_mastodon":{"url":"https:\/\/pubeurope.com\/@fr\/115481814203284561","error":""},"_links":{"self":[{"href":"https:\/\/www.europesays.com\/fr\/wp-json\/wp\/v2\/posts\/507369","targetHints":{"allow":["GET"]}}],"collection":[{"href":"https:\/\/www.europesays.com\/fr\/wp-json\/wp\/v2\/posts"}],"about":[{"href":"https:\/\/www.europesays.com\/fr\/wp-json\/wp\/v2\/types\/post"}],"author":[{"embeddable":true,"href":"https:\/\/www.europesays.com\/fr\/wp-json\/wp\/v2\/users\/2"}],"replies":[{"embeddable":true,"href":"https:\/\/www.europesays.com\/fr\/wp-json\/wp\/v2\/comments?post=507369"}],"version-history":[{"count":0,"href":"https:\/\/www.europesays.com\/fr\/wp-json\/wp\/v2\/posts\/507369\/revisions"}],"wp:featuredmedia":[{"embeddable":true,"href":"https:\/\/www.europesays.com\/fr\/wp-json\/wp\/v2\/media\/507370"}],"wp:attachment":[{"href":"https:\/\/www.europesays.com\/fr\/wp-json\/wp\/v2\/media?parent=507369"}],"wp:term":[{"taxonomy":"category","embeddable":true,"href":"https:\/\/www.europesays.com\/fr\/wp-json\/wp\/v2\/categories?post=507369"},{"taxonomy":"post_tag","embeddable":true,"href":"https:\/\/www.europesays.com\/fr\/wp-json\/wp\/v2\/tags?post=507369"}],"curies":[{"name":"wp","href":"https:\/\/api.w.org\/{rel}","templated":true}]}}