{"id":50738,"date":"2025-04-25T03:07:10","date_gmt":"2025-04-25T03:07:10","guid":{"rendered":"https:\/\/www.europesays.com\/fr\/50738\/"},"modified":"2025-04-25T03:07:10","modified_gmt":"2025-04-25T03:07:10","slug":"un-marin-du-groupe-aeronaval-du-charles-de-gaulle-disparait-en-mer-au-large-de-toulon-2","status":"publish","type":"post","link":"https:\/\/www.europesays.com\/fr\/50738\/","title":{"rendered":"Un marin du groupe a\u00e9ronaval du Charles-de-Gaulle dispara\u00eet en mer, au large de Toulon"},"content":{"rendered":"<p>Triste journ\u00e9e pour les <a href=\"https:\/\/www.20minutes.fr\/dossier\/militaire\" class=\"color-ultramarine c-link\" target=\"_blank\" rel=\"noopener\">militaires <\/a>du groupe a\u00e9ronaval de la <a href=\"https:\/\/www.20minutes.fr\/dossier\/marine_nationale\" class=\"color-ultramarine c-link\" target=\"_blank\" rel=\"noopener\">marine<\/a> fran\u00e7aise en <a href=\"https:\/\/www.20minutes.fr\/dossier\/mediterranee\" class=\"color-ultramarine c-link\" target=\"_blank\" rel=\"noopener\">M\u00e9diterran\u00e9e<\/a>. Un marinier de la flotte articul\u00e9e autour du porte-avions Charles-de-Gaulle a vraisemblablement disparu en mer dans la nuit de mercredi \u00e0 jeudi alors que les b\u00e2timents se trouvaient \u00e0 150 nautiques de <a href=\"https:\/\/www.20minutes.fr\/dossier\/toulon\" class=\"color-ultramarine c-link\" target=\"_blank\" rel=\"noopener\">Toulon<\/a>, vers o\u00f9 ils faisaient route pour un retour au port, a annonc\u00e9 ce jeudi en fin de matin\u00e9e la pr\u00e9fecture maritime.<\/p>\n<p>Une fois l\u2019hypoth\u00e8se d\u2019un malaise \u00e0 bord et les recherches \u00e0 l\u2019int\u00e9rieur du bateau compl\u00e9t\u00e9es, les navires du groupe a\u00e9ronaval ont rebrouss\u00e9 chemin pour conduire des recherches en mer, \u00e9galement rest\u00e9es vaines \u00e0 cette heure.<\/p>\n<p>Alors que les recherches coordonn\u00e9es par le Centre r\u00e9gional op\u00e9rationnel de surveillance et de sauvetage de M\u00e9diterran\u00e9e (CROSS MED), sous l\u2019autorit\u00e9 du pr\u00e9fet maritime de la M\u00e9diterran\u00e9e, se poursuivent, la famille du marin port\u00e9 disparu a \u00e9t\u00e9 pr\u00e9venue de cette disparition.<\/p>\n","protected":false},"excerpt":{"rendered":"Triste journ\u00e9e pour les militaires du groupe a\u00e9ronaval de la marine fran\u00e7aise en M\u00e9diterran\u00e9e. Un marinier de la&hellip;\n","protected":false},"author":2,"featured_media":50739,"comment_status":"","ping_status":"","sticky":false,"template":"","format":"standard","meta":{"footnotes":""},"categories":[9619],"tags":[1111,47,11,1813,5796,1777,674,118,1011,27,567,1252,3579,12,883,882,25,2310,7506],"class_list":{"0":"post-50738","1":"post","2":"type-post","3":"status-publish","4":"format-standard","5":"has-post-thumbnail","7":"category-toulon","8":"tag-actu","9":"tag-actualite","10":"tag-actualites","11":"tag-armee","12":"tag-disparu","13":"tag-eu","14":"tag-europe","15":"tag-faits-divers","16":"tag-fr","17":"tag-france","18":"tag-marine-nationale","19":"tag-mediterranee","20":"tag-militaire","21":"tag-news","22":"tag-paca","23":"tag-provence-alpes-cote-dazur","24":"tag-republique-francaise","25":"tag-toulon","26":"tag-var"},"share_on_mastodon":{"url":"https:\/\/pubeurope.com\/@fr\/114396400490615621","error":""},"_links":{"self":[{"href":"https:\/\/www.europesays.com\/fr\/wp-json\/wp\/v2\/posts\/50738","targetHints":{"allow":["GET"]}}],"collection":[{"href":"https:\/\/www.europesays.com\/fr\/wp-json\/wp\/v2\/posts"}],"about":[{"href":"https:\/\/www.europesays.com\/fr\/wp-json\/wp\/v2\/types\/post"}],"author":[{"embeddable":true,"href":"https:\/\/www.europesays.com\/fr\/wp-json\/wp\/v2\/users\/2"}],"replies":[{"embeddable":true,"href":"https:\/\/www.europesays.com\/fr\/wp-json\/wp\/v2\/comments?post=50738"}],"version-history":[{"count":0,"href":"https:\/\/www.europesays.com\/fr\/wp-json\/wp\/v2\/posts\/50738\/revisions"}],"wp:featuredmedia":[{"embeddable":true,"href":"https:\/\/www.europesays.com\/fr\/wp-json\/wp\/v2\/media\/50739"}],"wp:attachment":[{"href":"https:\/\/www.europesays.com\/fr\/wp-json\/wp\/v2\/media?parent=50738"}],"wp:term":[{"taxonomy":"category","embeddable":true,"href":"https:\/\/www.europesays.com\/fr\/wp-json\/wp\/v2\/categories?post=50738"},{"taxonomy":"post_tag","embeddable":true,"href":"https:\/\/www.europesays.com\/fr\/wp-json\/wp\/v2\/tags?post=50738"}],"curies":[{"name":"wp","href":"https:\/\/api.w.org\/{rel}","templated":true}]}}