{"id":507381,"date":"2025-11-02T19:49:14","date_gmt":"2025-11-02T19:49:14","guid":{"rendered":"https:\/\/www.europesays.com\/fr\/507381\/"},"modified":"2025-11-02T19:49:14","modified_gmt":"2025-11-02T19:49:14","slug":"grenoble-une-mere-signale-lenlevement-de-son-nourrisson-par-le-pere","status":"publish","type":"post","link":"https:\/\/www.europesays.com\/fr\/507381\/","title":{"rendered":"Grenoble. Une m\u00e8re signale l\u2019enl\u00e8vement de son nourrisson par le p\u00e8re"},"content":{"rendered":"<p>Ce dimanche 2\u00a0novembre, en d\u00e9but d\u2019apr\u00e8s-midi, une m\u00e8re de famille\u00a0domicili\u00e9e \u00e0 l\u2019\u00e9tranger, mais qui se trouve \u00e0 Grenoble depuis quelques semaines, a signal\u00e9 aux services de police que le p\u00e8re de son petit gar\u00e7on, \u00e2g\u00e9 de seulement quelques mois, venait d\u2019enlever l\u2019enfant.<\/p>\n<p>Selon nos informations, le couple, toujours mari\u00e9, est en phase de s\u00e9paration. La m\u00e8re aurait en tout cas expliqu\u00e9 aux enqu\u00eateurs qu\u2019elle serait venue \u00e0 Grenoble car elle souhaitait quitter son compagnon, le p\u00e8re de son enfant.<\/p>\n<p>\u00ab Aucun \u00e9l\u00e9ment ne laisse penser que le mineur est en danger avec son p\u00e8re\u00a0\u00bb<\/p>\n<p>Selon une source proche de l\u2019enqu\u00eate, \u00ab\u00a0aucun \u00e9l\u00e9ment ne laisse penser que le mineur est en danger avec son p\u00e8re\u00a0\u00bb. C\u2019est notamment pour cette raison que le dispositif alerte enl\u00e8vement n\u2019a pas \u00e9t\u00e9 activ\u00e9. Pour l\u2019heure, les forces de l\u2019ordre ignorent \u00e9galement si le p\u00e8re dispose ou non de l\u2019autorit\u00e9 parentale, les contacts avec le pays \u00e9tranger o\u00f9 r\u00e9side le couple s\u2019\u00e9tant r\u00e9v\u00e9l\u00e9s infructueux ce dimanche.<\/p>\n<p>Prenant cette affaire au s\u00e9rieux, les policiers grenoblois recherchaient activement le p\u00e8re et son enfant ce dimanche soir et ils ont notamment fait appel \u00e0 leurs coll\u00e8gues de la gendarmerie pour les aider.<\/p>\n","protected":false},"excerpt":{"rendered":"Ce dimanche 2\u00a0novembre, en d\u00e9but d\u2019apr\u00e8s-midi, une m\u00e8re de famille\u00a0domicili\u00e9e \u00e0 l\u2019\u00e9tranger, mais qui se trouve \u00e0 Grenoble&hellip;\n","protected":false},"author":2,"featured_media":507382,"comment_status":"","ping_status":"","sticky":false,"template":"","format":"standard","meta":{"footnotes":""},"categories":[9566],"tags":[1111,11,2430,271,272,112,1777,674,274,107,1011,27,2731,2732,108,12,25],"class_list":{"0":"post-507381","1":"post","2":"type-post","3":"status-publish","4":"format-standard","5":"has-post-thumbnail","7":"category-grenoble","8":"tag-actu","9":"tag-actualites","10":"tag-auvergne-rhone-alpes","11":"tag-crime","12":"tag-delit-et-contravention","13":"tag-edition-grenoble-agglomeration","14":"tag-eu","15":"tag-europe","16":"tag-faits-divers-justice","17":"tag-fil-info","18":"tag-fr","19":"tag-france","20":"tag-grenoble","21":"tag-grenoble-bassin","22":"tag-isere","23":"tag-news","24":"tag-republique-francaise"},"share_on_mastodon":{"url":"https:\/\/pubeurope.com\/@fr\/115481841686739746","error":""},"_links":{"self":[{"href":"https:\/\/www.europesays.com\/fr\/wp-json\/wp\/v2\/posts\/507381","targetHints":{"allow":["GET"]}}],"collection":[{"href":"https:\/\/www.europesays.com\/fr\/wp-json\/wp\/v2\/posts"}],"about":[{"href":"https:\/\/www.europesays.com\/fr\/wp-json\/wp\/v2\/types\/post"}],"author":[{"embeddable":true,"href":"https:\/\/www.europesays.com\/fr\/wp-json\/wp\/v2\/users\/2"}],"replies":[{"embeddable":true,"href":"https:\/\/www.europesays.com\/fr\/wp-json\/wp\/v2\/comments?post=507381"}],"version-history":[{"count":0,"href":"https:\/\/www.europesays.com\/fr\/wp-json\/wp\/v2\/posts\/507381\/revisions"}],"wp:featuredmedia":[{"embeddable":true,"href":"https:\/\/www.europesays.com\/fr\/wp-json\/wp\/v2\/media\/507382"}],"wp:attachment":[{"href":"https:\/\/www.europesays.com\/fr\/wp-json\/wp\/v2\/media?parent=507381"}],"wp:term":[{"taxonomy":"category","embeddable":true,"href":"https:\/\/www.europesays.com\/fr\/wp-json\/wp\/v2\/categories?post=507381"},{"taxonomy":"post_tag","embeddable":true,"href":"https:\/\/www.europesays.com\/fr\/wp-json\/wp\/v2\/tags?post=507381"}],"curies":[{"name":"wp","href":"https:\/\/api.w.org\/{rel}","templated":true}]}}