{"id":507383,"date":"2025-11-02T19:53:34","date_gmt":"2025-11-02T19:53:34","guid":{"rendered":"https:\/\/www.europesays.com\/fr\/507383\/"},"modified":"2025-11-02T19:53:34","modified_gmt":"2025-11-02T19:53:34","slug":"tague-ce-radar-a-une-nouvelle-fois-ete-degrade-au-nord-de-rennes","status":"publish","type":"post","link":"https:\/\/www.europesays.com\/fr\/507383\/","title":{"rendered":"Tagu\u00e9, ce radar a une nouvelle fois \u00e9t\u00e9 d\u00e9grad\u00e9 au nord de Rennes"},"content":{"rendered":"<p>Les radars de Guipel, comme celui situ\u00e9 \u00e0 la sortie de <a href=\"https:\/\/rennes.maville.com\/bretagne\/ille-et-vilaine\/melesse\/\" target=\"_blank\" rel=\"noopener\">Melesse<\/a> (<a href=\"https:\/\/www.ouest-france.fr\/bretagne\/ille-et-vilaine\/\" target=\"_blank\" rel=\"noopener\">Ille-et-Vilaine<\/a>), en direction de Saint-Gr\u00e9goire, ne sont pas \u00e0 la f\u00eate\u00a0: \u00e0 peine remis en route, ils sont r\u00e9guli\u00e8rement tagu\u00e9s, voire incendi\u00e9s.<\/p>\n<p><strong>Lire aussi\u00a0: <\/strong> <a href=\"https:\/\/saint-malo.maville.com\/actu\/actudet_-le-radar-fraichement-installe-a-ete-incendie-ce-week-end-entre-rennes-et-combourg-_7-7038962_actu.Htm\" target=\"_blank\" rel=\"noopener\">Le radar fra\u00eechement install\u00e9 a \u00e9t\u00e9 incendi\u00e9 ce week-end entre Rennes et Combourg<\/a><\/p>\n<p>Peinture orange occultante<\/p>\n<p>Pr\u00e8s de la Croix de paille, sur la route d\u00e9partementale 82, le contr\u00f4le de vitesse, mis en place en juillet, a fait l\u2019objet une nouvelle fois des d\u00e9gradations, <a href=\"https:\/\/rennes.maville.com\/actu\/actudet_-melesse.-a-peine-reinstalle-le-radar-a-nouveau-degrade-_7-7028406_actu.Htm\" target=\"_blank\" rel=\"noopener\">quelques jours seulement apr\u00e8s sa remise en service<\/a>.<\/p>\n<p>La fen\u00eatre photographique a \u00e9t\u00e9 macul\u00e9e de peinture orange occultante, ce qui ne lui permet plus de fonctionner. La machine arbore \u00e9galement le sigle \u00ab\u00a0BZH\u00a0\u00bb.<\/p>\n<p>\u00a0<\/p>\n","protected":false},"excerpt":{"rendered":"Les radars de Guipel, comme celui situ\u00e9 \u00e0 la sortie de Melesse (Ille-et-Vilaine), en direction de Saint-Gr\u00e9goire, ne&hellip;\n","protected":false},"author":2,"featured_media":507384,"comment_status":"","ping_status":"","sticky":false,"template":"","format":"standard","meta":{"footnotes":""},"categories":[2821],"tags":[1111,11,829,27253,2883,1777,674,3395,1011,27,12,1308,2043,27760,3086,584,25,28755],"class_list":{"0":"post-507383","1":"post","2":"type-post","3":"status-publish","4":"format-standard","5":"has-post-thumbnail","7":"category-rennes","8":"tag-actu","9":"tag-actualites","10":"tag-bretagne","11":"tag-degrade","12":"tag-ete","13":"tag-eu","14":"tag-europe","15":"tag-fois","16":"tag-fr","17":"tag-france","18":"tag-news","19":"tag-nord","20":"tag-nouvelle","21":"tag-radar","22":"tag-redon","23":"tag-rennes","24":"tag-republique-francaise","25":"tag-tague"},"share_on_mastodon":{"url":"https:\/\/pubeurope.com\/@fr\/115481857492111826","error":""},"_links":{"self":[{"href":"https:\/\/www.europesays.com\/fr\/wp-json\/wp\/v2\/posts\/507383","targetHints":{"allow":["GET"]}}],"collection":[{"href":"https:\/\/www.europesays.com\/fr\/wp-json\/wp\/v2\/posts"}],"about":[{"href":"https:\/\/www.europesays.com\/fr\/wp-json\/wp\/v2\/types\/post"}],"author":[{"embeddable":true,"href":"https:\/\/www.europesays.com\/fr\/wp-json\/wp\/v2\/users\/2"}],"replies":[{"embeddable":true,"href":"https:\/\/www.europesays.com\/fr\/wp-json\/wp\/v2\/comments?post=507383"}],"version-history":[{"count":0,"href":"https:\/\/www.europesays.com\/fr\/wp-json\/wp\/v2\/posts\/507383\/revisions"}],"wp:featuredmedia":[{"embeddable":true,"href":"https:\/\/www.europesays.com\/fr\/wp-json\/wp\/v2\/media\/507384"}],"wp:attachment":[{"href":"https:\/\/www.europesays.com\/fr\/wp-json\/wp\/v2\/media?parent=507383"}],"wp:term":[{"taxonomy":"category","embeddable":true,"href":"https:\/\/www.europesays.com\/fr\/wp-json\/wp\/v2\/categories?post=507383"},{"taxonomy":"post_tag","embeddable":true,"href":"https:\/\/www.europesays.com\/fr\/wp-json\/wp\/v2\/tags?post=507383"}],"curies":[{"name":"wp","href":"https:\/\/api.w.org\/{rel}","templated":true}]}}