{"id":507394,"date":"2025-11-02T19:59:27","date_gmt":"2025-11-02T19:59:27","guid":{"rendered":"https:\/\/www.europesays.com\/fr\/507394\/"},"modified":"2025-11-02T19:59:27","modified_gmt":"2025-11-02T19:59:27","slug":"a-nantes-le-geant-vert-dick-annegarn-chante-les-fleurs-2","status":"publish","type":"post","link":"https:\/\/www.europesays.com\/fr\/507394\/","title":{"rendered":"\u00c0 Nantes, le \u00ab\u00a0g\u00e9ant vert\u00a0\u00bb Dick Annegarn chante les fleurs"},"content":{"rendered":"<p>C\u2019est un dr\u00f4le d\u2019olibrius de 73\u00a0printemps, un g\u00e9ant de la chanson fran\u00e7aise, au sens propre comme au sens figur\u00e9 (sa taille reste inconnue\u00a0!), apparu vendredi soir sur les planches de la salle Paul-Fort \u00e0 Nantes (1), quasiment comble. Guitare couleur \u00e9colo, veste du m\u00eame acabit, grosses lunettes et coupe de tifs qu\u2019on lui conna\u00eet depuis des lustres, Dick Annegarn s\u2019avance sans mani\u00e8res. Il a ses admirateurs et \u00e7a s\u2019entend dans les rangs quand il entame ses titres les plus connus, Sacr\u00e9 g\u00e9ranium, B\u00e9b\u00e9 \u00e9l\u00e9phant,\u00a0Mireille,\u00a0Quelle Belle Vall\u00e9e,\u00a0Au march\u00e9 des mendiants, et bien s\u00fbr l\u2019\u00e9ternelle Bruxelles parue en 1973.<\/p>\n<p>L\u2019artiste, qui habite une ferme au pied des Pyr\u00e9n\u00e9es, en Haute-Garonne, aime raconter des petites histoires pour amorcer les \u00ab\u00a0chansons agricoles\u00a0\u00bb, dans lesquelles cet excellent guitariste invite \u00e0 c\u00e9l\u00e9brer la nature et \u00e0 d\u00e9nicher le mot fleur, son fil conducteur.<\/p>\n<p>Parfois, le po\u00e8te en oublie son texte, s\u2019excusant devant un public pas affect\u00e9 du tout. Il reprend, gesticulant, tapant du pied, grimpant sur la chaise.\u00a0Sur sc\u00e8ne, il s\u2019amuse avec sa voix singuli\u00e8re, son accent (il est n\u00e9 aux Pays-Bas mais a longtemps v\u00e9cu en Belgique), son grand corps, jouant de la fl\u00fbte et de l\u2019harmonica.<\/p>\n<p>C\u2019\u00e9tait un concert loin, tr\u00e8s loin des shows millim\u00e9tr\u00e9s, qui ne laissent plus de place \u00e0 la magie de l\u2019improvisation. Une respiration.<\/p>\n<p><strong>Prochains concerts \u00e0 la salle Paul-Fort\u00a0\u00e0 Nantes\u00a0: <\/strong> <a href=\"https:\/\/rennes.maville.com\/actu\/actudet_--en-bretagne-j-ai-pris-une-claque-francois-&amp;-the-atlas-mountains-revient-tourner-dans-l-ouest-_52674-7031953_actu.Htm\" target=\"_self\" rel=\"noopener\">Fran\u00e7ois and the Atlas Mountains,<\/a> mardi 4\u00a0novembre \u00e0 20\u00a0h\u00a030\u00a0; la chanteuse Clou jeudi 6\u00a0novembre \u00e0 20\u00a0h\u00a030\u00a0; Ours, le fils d\u2019Alain Souchon, le jeudi 13\u00a0novembre \u00e0 20\u00a0h\u00a030\u00a0; Arthur H et Pierre le Bourgeois les 19 et 20\u00a0novembre \u00e0 20\u00a0h\u00a030. Informations pratiques <a href=\"https:\/\/www.labouchedair.com\/\" target=\"_self\" rel=\"noopener\">www.labouchedair.com<\/a><\/p>\n<p>(1) Le\u00a0concert\u00a0\u00e9tait\u00a0propos\u00e9\u00a0par\u00a0O\u2019Spectacles.<\/p>\n<p>\u00a0<\/p>\n","protected":false},"excerpt":{"rendered":"C\u2019est un dr\u00f4le d\u2019olibrius de 73\u00a0printemps, un g\u00e9ant de la chanson fran\u00e7aise, au sens propre comme au sens&hellip;\n","protected":false},"author":2,"featured_media":505951,"comment_status":"","ping_status":"","sticky":false,"template":"","format":"standard","meta":{"footnotes":""},"categories":[2818],"tags":[1111,11,62756,41746,62755,1777,674,2574,1011,27,13702,766,12,2636,25,30917],"class_list":{"0":"post-507394","1":"post","2":"type-post","3":"status-publish","4":"format-standard","5":"has-post-thumbnail","7":"category-nantes","8":"tag-actu","9":"tag-actualites","10":"tag-annegarn","11":"tag-chante","12":"tag-dick","13":"tag-eu","14":"tag-europe","15":"tag-fleurs","16":"tag-fr","17":"tag-france","18":"tag-geant","19":"tag-nantes","20":"tag-news","21":"tag-pays-de-la-loire","22":"tag-republique-francaise","23":"tag-vert"},"share_on_mastodon":{"url":"https:\/\/pubeurope.com\/@fr\/115481881189520118","error":""},"_links":{"self":[{"href":"https:\/\/www.europesays.com\/fr\/wp-json\/wp\/v2\/posts\/507394","targetHints":{"allow":["GET"]}}],"collection":[{"href":"https:\/\/www.europesays.com\/fr\/wp-json\/wp\/v2\/posts"}],"about":[{"href":"https:\/\/www.europesays.com\/fr\/wp-json\/wp\/v2\/types\/post"}],"author":[{"embeddable":true,"href":"https:\/\/www.europesays.com\/fr\/wp-json\/wp\/v2\/users\/2"}],"replies":[{"embeddable":true,"href":"https:\/\/www.europesays.com\/fr\/wp-json\/wp\/v2\/comments?post=507394"}],"version-history":[{"count":0,"href":"https:\/\/www.europesays.com\/fr\/wp-json\/wp\/v2\/posts\/507394\/revisions"}],"wp:featuredmedia":[{"embeddable":true,"href":"https:\/\/www.europesays.com\/fr\/wp-json\/wp\/v2\/media\/505951"}],"wp:attachment":[{"href":"https:\/\/www.europesays.com\/fr\/wp-json\/wp\/v2\/media?parent=507394"}],"wp:term":[{"taxonomy":"category","embeddable":true,"href":"https:\/\/www.europesays.com\/fr\/wp-json\/wp\/v2\/categories?post=507394"},{"taxonomy":"post_tag","embeddable":true,"href":"https:\/\/www.europesays.com\/fr\/wp-json\/wp\/v2\/tags?post=507394"}],"curies":[{"name":"wp","href":"https:\/\/api.w.org\/{rel}","templated":true}]}}