{"id":507395,"date":"2025-11-02T20:00:31","date_gmt":"2025-11-02T20:00:31","guid":{"rendered":"https:\/\/www.europesays.com\/fr\/507395\/"},"modified":"2025-11-02T20:00:31","modified_gmt":"2025-11-02T20:00:31","slug":"lens-et-lille-profitent-du-faux-pas-de-monaco-et-strasbourg-nantes-piege-par-metz","status":"publish","type":"post","link":"https:\/\/www.europesays.com\/fr\/507395\/","title":{"rendered":"Lens et Lille profitent du faux pas de Monaco et Strasbourg, Nantes pi\u00e9g\u00e9 par Metz"},"content":{"rendered":"<p>En s&rsquo;inclinant samedi sur sa pelouse <a href=\"https:\/\/www.ledauphine.com\/sport\/2025\/11\/01\/ligue-1-premiere-defaite-a-domicile-de-monaco-surpris-par-le-paris-fc\" target=\"_blank\" rel=\"noopener\">face au Paris FC (1-0)<\/a>, Monaco avait laiss\u00e9 la porte ouverte \u00e0 ses poursuivants. Strasbourg n&rsquo;en a pas profit\u00e9 ce dimanche en d\u00e9but d&rsquo;apr\u00e8s-midi, <a href=\"https:\/\/www.ledauphine.com\/sport\/2025\/11\/02\/ligue-1-rennes-atomise-strasbourg-avec-un-grand-lepaul-habib-beye-peut-souffler\" target=\"_blank\" rel=\"noopener\">battu par Rennes (4-1).<\/a><\/p>\n<p>Mais Lens ne s&rsquo;est pas fait prier, en dominant Lorient \u00e0 Bollaert (3-0) pour monter sur la troisi\u00e8me marche du podium. Odson Edouard a ouvert le score (1-0, 6e) et Wesley Sa\u00efd a sign\u00e9 le but du K.-O. (2-0, 77e) au moment o\u00f9 Lorient poussait pour \u00e9galiser. Les Merlus ont manqu\u00e9 un penalty par Mohamed Bamba peu apr\u00e8s l&rsquo;heure de jeu.<\/p>\n<p>Samson Baidoo a donn\u00e9 plus de relief au score pour les Sang et Or (3-0, 89e), qui se sont bien repris apr\u00e8s leur d\u00e9faite inattendue <a href=\"https:\/\/www.ledauphine.com\/sport\/2025\/10\/29\/ligue-1-paris-bute-sur-lorient-nice-l-emporte-face-a-lille-metz-decroche-sa-premiere-victoire\" target=\"_blank\" rel=\"noopener\">chez la lanterne rouge Metz (2-0), mercredi.<\/a> Avec 22 points ils reviennent \u00e0 la hauteur de l&rsquo;Olympique de Marseille, \u00e0 deux longueurs du leader le PSG.<\/p>\n<p>Lille suit son ennemi, Metz quitte la derni\u00e8re place<\/p>\n<p>L&rsquo;autre club nordiste, Lille,\u00a0reste sur les talons des Lensois (4e) gr\u00e2ce \u00e0 sa victoire contre Angers (1-0).\u00a0Quatre jours apr\u00e8s son coup d\u2019arr\u00eat \u00e0 Nice (2-0), le Losc a renou\u00e9 avec la victoire au stade Pierre-Mauroy gr\u00e2ce \u00e0\u00a0F\u00e9lix Correia.<\/p>\n<p>Juste avant la mi-temps, le Portugais a d\u00e9bloqu\u00e9 la situation en exploitant une passe d\u2019Ayyoub Bouaddi, qui venait d\u2019attirer quatre Angevins autour de lui, et a tromp\u00e9 Herv\u00e9 Koffi, le gardien du SCO (45e+2).<\/p>\n<p>Dans le bas du classement, Metz a sonn\u00e9 la r\u00e9volte en s&rsquo;imposant \u00e0 Nantes (2-0), la deuxi\u00e8me victoire de rang des Grenats, leurs deux premi\u00e8res de la saison. Les Lorrains (17e) laissent la derni\u00e8re place \u00e0 l&rsquo;AJ Auxerre, battue samedi par l&rsquo;OM (1-0). Enfin Toulouse et Le Havre (0-0) ne se sont pas d\u00e9partag\u00e9s.<\/p>\n","protected":false},"excerpt":{"rendered":"En s&rsquo;inclinant samedi sur sa pelouse face au Paris FC (1-0), Monaco avait laiss\u00e9 la porte ouverte \u00e0&hellip;\n","protected":false},"author":2,"featured_media":507396,"comment_status":"","ping_status":"","sticky":false,"template":"","format":"standard","meta":{"footnotes":""},"categories":[2818],"tags":[1111,11,1777,674,107,63,1011,27,7020,766,12,2636,25,517,1947],"class_list":{"0":"post-507395","1":"post","2":"type-post","3":"status-publish","4":"format-standard","5":"has-post-thumbnail","7":"category-nantes","8":"tag-actu","9":"tag-actualites","10":"tag-eu","11":"tag-europe","12":"tag-fil-info","13":"tag-football","14":"tag-fr","15":"tag-france","16":"tag-ligue-1-football","17":"tag-nantes","18":"tag-news","19":"tag-pays-de-la-loire","20":"tag-republique-francaise","21":"tag-sport","22":"tag-sport-national"},"share_on_mastodon":{"url":"https:\/\/pubeurope.com\/@fr\/115481885213957108","error":""},"_links":{"self":[{"href":"https:\/\/www.europesays.com\/fr\/wp-json\/wp\/v2\/posts\/507395","targetHints":{"allow":["GET"]}}],"collection":[{"href":"https:\/\/www.europesays.com\/fr\/wp-json\/wp\/v2\/posts"}],"about":[{"href":"https:\/\/www.europesays.com\/fr\/wp-json\/wp\/v2\/types\/post"}],"author":[{"embeddable":true,"href":"https:\/\/www.europesays.com\/fr\/wp-json\/wp\/v2\/users\/2"}],"replies":[{"embeddable":true,"href":"https:\/\/www.europesays.com\/fr\/wp-json\/wp\/v2\/comments?post=507395"}],"version-history":[{"count":0,"href":"https:\/\/www.europesays.com\/fr\/wp-json\/wp\/v2\/posts\/507395\/revisions"}],"wp:featuredmedia":[{"embeddable":true,"href":"https:\/\/www.europesays.com\/fr\/wp-json\/wp\/v2\/media\/507396"}],"wp:attachment":[{"href":"https:\/\/www.europesays.com\/fr\/wp-json\/wp\/v2\/media?parent=507395"}],"wp:term":[{"taxonomy":"category","embeddable":true,"href":"https:\/\/www.europesays.com\/fr\/wp-json\/wp\/v2\/categories?post=507395"},{"taxonomy":"post_tag","embeddable":true,"href":"https:\/\/www.europesays.com\/fr\/wp-json\/wp\/v2\/tags?post=507395"}],"curies":[{"name":"wp","href":"https:\/\/api.w.org\/{rel}","templated":true}]}}