{"id":507407,"date":"2025-11-02T20:07:14","date_gmt":"2025-11-02T20:07:14","guid":{"rendered":"https:\/\/www.europesays.com\/fr\/507407\/"},"modified":"2025-11-02T20:07:14","modified_gmt":"2025-11-02T20:07:14","slug":"guillaume-le-jeune-veut-bousculer-la-legende-de-marseille","status":"publish","type":"post","link":"https:\/\/www.europesays.com\/fr\/507407\/","title":{"rendered":"Guillaume Le Jeune veut bousculer la l\u00e9gende de Marseille"},"content":{"rendered":"<p>Guillaume Le Jeune a le sens de la provocation. Ce Marseillais de 32\u00a0ans, parti \u00e9tudier \u00e0 Paris, au Chili et en Chine, vient d\u2019\u00e9diter un opus de 166 pages au titre provocateur, Plus jamais les derniers.<\/p>\n<p>Dans cet ouvrage didactique, le responsable de l\u2019incubateur Le Phare de la Fondation CMA CGM (d\u00e9tenue par l\u2019actionnaire unique de La Provence) veut battre en br\u00e8che la \u00ab\u00a0gloriole\u00a0\u00bb n\u00e9e de la <a href=\"https:\/\/www.laprovence.com\/actu\/en-direct\/88353120072832\/revivez-le-resume-en-video-des-celebrations-pour-les-30-ans-du-sacre-de-lom-ce-vendredi-26-mai\" target=\"_blank\" rel=\"noopener\">victoire de l\u2019OM en\u00a01993<\/a> en retra\u00e7ant les grandes p\u00e9riodes de l\u2019histoire de Marseille. Le livre aussi se distingue par les 50 portraits et 17 cartes joliment dessin\u00e9s par l\u2019illustrateur Axel Champloy.<\/p>\n<p><strong>Qu\u2019est-ce qui vous a donn\u00e9 l\u2019id\u00e9e d\u2019\u00e9crire ce livre\u00a0?<\/strong>&#13;\n<\/p>\n<p>C\u2019est d\u2019abord un exercice personnel de curiosit\u00e9. Je suis n\u00e9 et j\u2019ai grandi \u00e0 Marseille mais j\u2019en connaissais assez mal l\u2019histoire au-del\u00e0 de <a href=\"https:\/\/www.laprovence.com\/article\/region\/77969990923404\/marseille-et-la-grece-l-histoire-du-mariage-entre-protis-et-gyptis-est-un-enjolivement\" target=\"_blank\" rel=\"noopener\">ses grandes l\u00e9gendes<\/a>. Je me suis document\u00e9 pendant deux ans mais tout ce que je trouvais \u00e9tait soit tr\u00e8s fastidieux, soit trop succinct. J\u2019ai voulu y mettre des visages de Marseillais et des cartes, dessin\u00e9es par Axel Champloy, un peintre aventurier. J\u2019y ajoute ma touche personnelle avec du franc-parler et un peu d\u2019humour, comme si je racontais l\u2019histoire de Marseille autour d\u2019un pastis au caf\u00e9 de l\u2019Abbaye (r&#8230;<\/p>\n","protected":false},"excerpt":{"rendered":"Guillaume Le Jeune a le sens de la provocation. Ce Marseillais de 32\u00a0ans, parti \u00e9tudier \u00e0 Paris, au&hellip;\n","protected":false},"author":2,"featured_media":507408,"comment_status":"","ping_status":"","sticky":false,"template":"","format":"standard","meta":{"footnotes":""},"categories":[2814],"tags":[17,1111,11,5262,1777,674,62903,1011,27,151,2831,761,884,12,5261,882,25,3333,3356],"class_list":{"0":"post-507407","1":"post","2":"type-post","3":"status-publish","4":"format-standard","5":"has-post-thumbnail","7":"category-marseille","8":"tag-17","9":"tag-actu","10":"tag-actualites","11":"tag-assez","12":"tag-eu","13":"tag-europe","14":"tag-exigeants","15":"tag-fr","16":"tag-france","17":"tag-les","18":"tag-loisirs-traditions","19":"tag-marseillais","20":"tag-marseille","21":"tag-news","22":"tag-pas","23":"tag-provence-alpes-cote-dazur","24":"tag-republique-francaise","25":"tag-sont","26":"tag-sur"},"share_on_mastodon":{"url":"https:\/\/pubeurope.com\/@fr\/115481912687382874","error":""},"_links":{"self":[{"href":"https:\/\/www.europesays.com\/fr\/wp-json\/wp\/v2\/posts\/507407","targetHints":{"allow":["GET"]}}],"collection":[{"href":"https:\/\/www.europesays.com\/fr\/wp-json\/wp\/v2\/posts"}],"about":[{"href":"https:\/\/www.europesays.com\/fr\/wp-json\/wp\/v2\/types\/post"}],"author":[{"embeddable":true,"href":"https:\/\/www.europesays.com\/fr\/wp-json\/wp\/v2\/users\/2"}],"replies":[{"embeddable":true,"href":"https:\/\/www.europesays.com\/fr\/wp-json\/wp\/v2\/comments?post=507407"}],"version-history":[{"count":0,"href":"https:\/\/www.europesays.com\/fr\/wp-json\/wp\/v2\/posts\/507407\/revisions"}],"wp:featuredmedia":[{"embeddable":true,"href":"https:\/\/www.europesays.com\/fr\/wp-json\/wp\/v2\/media\/507408"}],"wp:attachment":[{"href":"https:\/\/www.europesays.com\/fr\/wp-json\/wp\/v2\/media?parent=507407"}],"wp:term":[{"taxonomy":"category","embeddable":true,"href":"https:\/\/www.europesays.com\/fr\/wp-json\/wp\/v2\/categories?post=507407"},{"taxonomy":"post_tag","embeddable":true,"href":"https:\/\/www.europesays.com\/fr\/wp-json\/wp\/v2\/tags?post=507407"}],"curies":[{"name":"wp","href":"https:\/\/api.w.org\/{rel}","templated":true}]}}