{"id":507413,"date":"2025-11-02T20:10:13","date_gmt":"2025-11-02T20:10:13","guid":{"rendered":"https:\/\/www.europesays.com\/fr\/507413\/"},"modified":"2025-11-02T20:10:13","modified_gmt":"2025-11-02T20:10:13","slug":"revivez-le-sacre-du-roannais-a-letape-coupe-du-monde-de-saut-dobstacles","status":"publish","type":"post","link":"https:\/\/www.europesays.com\/fr\/507413\/","title":{"rendered":"revivez le sacre du Roannais \u00e0\u00a0l&rsquo;\u00e9tape Coupe du monde de saut d&rsquo;obstacles"},"content":{"rendered":"<p>C\u2019est un rendez-vous incontournable des passionn\u00e9s de chevaux.Le salon\u00a0Equita Lyon s\u2019est tenue du 29 octobre au 2 novembre \u00e0 Eurexpo, et s&rsquo;est achev\u00e9 en beaut\u00e9 ce dimanche avec la deuxi\u00e8me \u00e9tape de la Coupe du Monde et la derni\u00e8re \u00e9preuve de saut d\u2019obstacles. Le roannais\u00a0Olivier Perreau, le local de l\u2019\u00e9tape, s\u2019est impos\u00e9 juste devant deux autres Fran\u00e7ais : Julien Epaillard, chouchou du public lyonnais et le jeune Antoine Ermann qui signe une tr\u00e8s belle semaine. Retour en images sur ce sacre.<\/p>\n","protected":false},"excerpt":{"rendered":"C\u2019est un rendez-vous incontournable des passionn\u00e9s de chevaux.Le salon\u00a0Equita Lyon s\u2019est tenue du 29 octobre au 2 novembre&hellip;\n","protected":false},"author":2,"featured_media":507414,"comment_status":"","ping_status":"","sticky":false,"template":"","format":"standard","meta":{"footnotes":""},"categories":[1889],"tags":[1111,11,2430,35980,3152,2757,62904,10869,1777,674,1685,1011,27,2797,2798,9540,2428,12,25,2429],"class_list":{"0":"post-507413","1":"post","2":"type-post","3":"status-publish","4":"format-standard","5":"has-post-thumbnail","7":"category-lyon","8":"tag-actu","9":"tag-actualites","10":"tag-auvergne-rhone-alpes","11":"tag-chassieu","12":"tag-edition-est-lyonnais","13":"tag-edition-lyon-villeurbanne","14":"tag-equita-lyon","15":"tag-equitation","16":"tag-eu","17":"tag-europe","18":"tag-foire-et-salon","19":"tag-fr","20":"tag-france","21":"tag-galerie-loisirs","22":"tag-galerie-photo","23":"tag-galerie-sport","24":"tag-lyon","25":"tag-news","26":"tag-republique-francaise","27":"tag-rhone"},"share_on_mastodon":{"url":"https:\/\/pubeurope.com\/@fr\/115481924267097550","error":""},"_links":{"self":[{"href":"https:\/\/www.europesays.com\/fr\/wp-json\/wp\/v2\/posts\/507413","targetHints":{"allow":["GET"]}}],"collection":[{"href":"https:\/\/www.europesays.com\/fr\/wp-json\/wp\/v2\/posts"}],"about":[{"href":"https:\/\/www.europesays.com\/fr\/wp-json\/wp\/v2\/types\/post"}],"author":[{"embeddable":true,"href":"https:\/\/www.europesays.com\/fr\/wp-json\/wp\/v2\/users\/2"}],"replies":[{"embeddable":true,"href":"https:\/\/www.europesays.com\/fr\/wp-json\/wp\/v2\/comments?post=507413"}],"version-history":[{"count":0,"href":"https:\/\/www.europesays.com\/fr\/wp-json\/wp\/v2\/posts\/507413\/revisions"}],"wp:featuredmedia":[{"embeddable":true,"href":"https:\/\/www.europesays.com\/fr\/wp-json\/wp\/v2\/media\/507414"}],"wp:attachment":[{"href":"https:\/\/www.europesays.com\/fr\/wp-json\/wp\/v2\/media?parent=507413"}],"wp:term":[{"taxonomy":"category","embeddable":true,"href":"https:\/\/www.europesays.com\/fr\/wp-json\/wp\/v2\/categories?post=507413"},{"taxonomy":"post_tag","embeddable":true,"href":"https:\/\/www.europesays.com\/fr\/wp-json\/wp\/v2\/tags?post=507413"}],"curies":[{"name":"wp","href":"https:\/\/api.w.org\/{rel}","templated":true}]}}