{"id":507415,"date":"2025-11-02T20:12:15","date_gmt":"2025-11-02T20:12:15","guid":{"rendered":"https:\/\/www.europesays.com\/fr\/507415\/"},"modified":"2025-11-02T20:12:15","modified_gmt":"2025-11-02T20:12:15","slug":"aucun-sans-abri-nest-mort-dans-la-rue-lan-dernier-en-eure-et-loir","status":"publish","type":"post","link":"https:\/\/www.europesays.com\/fr\/507415\/","title":{"rendered":"Aucun sans-abri n&rsquo;est mort dans la rue l&rsquo;an dernier en Eure-et-Loir"},"content":{"rendered":"\n<p lang=\"fr-FR\" style=\"margin-bottom: 0cm; font-style: normal; font-weight: normal;\">Le collectif baptis\u00e9 \u00ab\u00a0Les morts de la rue\u00a0\u00bb vient de publier son 13\u00e8me rapport sur la mortalit\u00e9 des personnes sans chez-soi en 2024. Un travail qui s&rsquo;appuie sur les donn\u00e9es recueillies aupr\u00e8s du r\u00e9seau associatif, institutionnel et citoyen de la structure. L&rsquo;ann\u00e9e derni\u00e8re, on a constat\u00e9 912 d\u00e9c\u00e8s de personnes sans domicile fixe. C&rsquo;est 16% de plus que l&rsquo;ann\u00e9e pr\u00e9c\u00e9dente. En 2024, aucune personne sans abri n&rsquo;est d\u00e9c\u00e9d\u00e9e en Eure-et-Loir. Selon le collectif, les victimes en France sont principalement des hommes (82%), avec un \u00e2ge moyen de 47,7 ans. C&rsquo;est 32 ans de moins que la population g\u00e9n\u00e9rale.<\/p>\n<p lang=\"fr-FR\" style=\"margin-bottom: 0cm; font-style: normal; font-weight: normal;\">\u00a0<\/p>\n<p lang=\"fr-FR\" style=\"margin-bottom: 0cm; font-weight: normal;\">Nicolas Chacun<\/p>\n<p>!function(f,b,e,v,n,t,s){if(f.fbq)return;n=f.fbq=function(){n.callMethod?<br \/>\nn.callMethod.apply(n,arguments):n.queue.push(arguments)};if(!f._fbq)f._fbq=n;<br \/>\nn.push=n;n.loaded=!0;n.version=&rsquo;2.0&prime;;n.queue=[];t=b.createElement(e);t.async=!0;<br \/>\nt.src=v;s=b.getElementsByTagName(e)[0];s.parentNode.insertBefore(t,s)}(window,<br \/>\ndocument,&rsquo;script&rsquo;,&rsquo;https:\/\/connect.facebook.net\/en_US\/fbevents.js&rsquo;);<br \/>\nfbq(&lsquo;init&rsquo;, &lsquo;278974969201861&rsquo;); \/\/ Insert your pixel ID here.<br \/>\nfbq(&lsquo;track&rsquo;, &lsquo;PageView&rsquo;);<\/p>\n","protected":false},"excerpt":{"rendered":"Le collectif baptis\u00e9 \u00ab\u00a0Les morts de la rue\u00a0\u00bb vient de publier son 13\u00e8me rapport sur la mortalit\u00e9 des&hellip;\n","protected":false},"author":2,"featured_media":507416,"comment_status":"","ping_status":"","sticky":false,"template":"","format":"standard","meta":{"footnotes":""},"categories":[1592],"tags":[1111,11,1933,1936,1777,1939,674,1011,27,662,1934,12,1940,626,1935,25,1937,1941,1938],"class_list":{"0":"post-507415","1":"post","2":"type-post","3":"status-publish","4":"format-standard","5":"has-post-thumbnail","7":"category-ile-de-france","8":"tag-actu","9":"tag-actualites","10":"tag-actualites-locales","11":"tag-essonne","12":"tag-eu","13":"tag-eure-et-loir","14":"tag-europe","15":"tag-fr","16":"tag-france","17":"tag-ile-de-france","18":"tag-infos-locales","19":"tag-news","20":"tag-oise","21":"tag-paris","22":"tag-pres-de-chez-vous","23":"tag-republique-francaise","24":"tag-seine-et-marne","25":"tag-somme","26":"tag-yvelines"},"share_on_mastodon":{"url":"https:\/\/pubeurope.com\/@fr\/115481932272488803","error":""},"_links":{"self":[{"href":"https:\/\/www.europesays.com\/fr\/wp-json\/wp\/v2\/posts\/507415","targetHints":{"allow":["GET"]}}],"collection":[{"href":"https:\/\/www.europesays.com\/fr\/wp-json\/wp\/v2\/posts"}],"about":[{"href":"https:\/\/www.europesays.com\/fr\/wp-json\/wp\/v2\/types\/post"}],"author":[{"embeddable":true,"href":"https:\/\/www.europesays.com\/fr\/wp-json\/wp\/v2\/users\/2"}],"replies":[{"embeddable":true,"href":"https:\/\/www.europesays.com\/fr\/wp-json\/wp\/v2\/comments?post=507415"}],"version-history":[{"count":0,"href":"https:\/\/www.europesays.com\/fr\/wp-json\/wp\/v2\/posts\/507415\/revisions"}],"wp:featuredmedia":[{"embeddable":true,"href":"https:\/\/www.europesays.com\/fr\/wp-json\/wp\/v2\/media\/507416"}],"wp:attachment":[{"href":"https:\/\/www.europesays.com\/fr\/wp-json\/wp\/v2\/media?parent=507415"}],"wp:term":[{"taxonomy":"category","embeddable":true,"href":"https:\/\/www.europesays.com\/fr\/wp-json\/wp\/v2\/categories?post=507415"},{"taxonomy":"post_tag","embeddable":true,"href":"https:\/\/www.europesays.com\/fr\/wp-json\/wp\/v2\/tags?post=507415"}],"curies":[{"name":"wp","href":"https:\/\/api.w.org\/{rel}","templated":true}]}}