{"id":507421,"date":"2025-11-02T20:15:15","date_gmt":"2025-11-02T20:15:15","guid":{"rendered":"https:\/\/www.europesays.com\/fr\/507421\/"},"modified":"2025-11-02T20:15:15","modified_gmt":"2025-11-02T20:15:15","slug":"jul-annonce-quatre-concerts-en-2026-deux-au-stade-de-france-et-deux-au-velodrome","status":"publish","type":"post","link":"https:\/\/www.europesays.com\/fr\/507421\/","title":{"rendered":"Jul annonce quatre concerts en 2026, deux au Stade de France et deux au V\u00e9lodrome"},"content":{"rendered":"<p class=\"paragraph text_align_left lp-f-body-02\">\u00ab Alors on se revoit en 2026. \u00bb <a href=\"https:\/\/www.leparisien.fr\/culture-loisirs\/musique\/des-critiques-virulentes-au-stade-de-france-comment-le-rappeur-jul-est-devenu-le-nouveau-johnny-18-04-2024-O3BD6NMJT5H2LNSE4EJGTQMQOI.php\" target=\"_blank\" rel=\"noreferrer nofollow noopener\">Le rappeur Jul<\/a>, l\u2019un des plus gros vendeurs de la sc\u00e8ne musicale fran\u00e7aise, a annonc\u00e9 dimanche qu\u2019il allait se produire devant son public \u00e0 quatre reprises l\u2019ann\u00e9e prochaine : les 15 et 16 mai au Stade de France \u00e0 Saint-Denis, puis les 29 et 30 mai au V\u00e9lodrome, \u00e0 Marseille.<\/p>\n<p class=\"paragraph text_align_left lp-f-body-02\">L\u2019an dernier, l\u2019artiste avait d\u00e9j\u00e0 donn\u00e9 <a href=\"https:\/\/www.leparisien.fr\/culture-loisirs\/musique\/concert-de-jul-au-stade-de-france-arrivee-sur-le-toit-hommage-au-jeune-mathys-et-ambiance-de-pure-folie-26-04-2025-PFQ3KEBT2RGAJH36I3WLE2B4JY.php\" target=\"_blank\" rel=\"noreferrer nofollow noopener\">un concert remarquable au Stade de France au mois d\u2019avril<\/a>, battant les records d\u2019affluence pour un show qui avait dur\u00e9 plus de deux heures. Le concert a d\u2019ailleurs \u00e9t\u00e9 rediffus\u00e9 au cin\u00e9ma ces derniers jours.<\/p>\n<blockquote class=\"twitter-tweet\">\n<p lang=\"fr\" dir=\"ltr\">alrs on se revoit en 2026 en vrai\u2026 Chui content \ud83e\udef6\ud83c\udffb\ud83e\udef6\ud83c\udffb 2 dates au stade de France et 2 dates au Stade Orange V\u00e9lodrome en mai 2026 \ud83d\udc7d et surtout un show in\u00e9dit\u2026<\/p>\n<p>Billetterie :<br \/>Mercredi 5 novembre \u00e0 12h : Pr\u00e9vente place + album<br \/>Vendredi 7 novembre \u00e0 10h : mise en vente g\u00e9n\u00e9rale\u2026 <a href=\"https:\/\/t.co\/f0yHzxJPnN\" rel=\"nofollow\">pic.twitter.com\/f0yHzxJPnN<\/a><\/p>\n<p>\u2014 Jul (@jul) <a href=\"https:\/\/twitter.com\/jul\/status\/1985021625205432831?ref_src=twsrc%5Etfw\" rel=\"nofollow noopener\" target=\"_blank\">November 2, 2025<\/a><\/p><\/blockquote>\n<p class=\"paragraph text_align_left lp-f-body-02\">En mai dernier, Jul s\u2019\u00e9tait \u00e9galement produit \u00e0 domicile, au Stade V\u00e9lodrome, en remplissant l\u2019enceinte de l\u2019Olympique de Marseille deux jours de suite.<\/p>\n<p>Pr\u00e9ventes mercredi et vente g\u00e9n\u00e9rale vendredi<\/p>\n<p class=\"paragraph text_align_left lp-f-body-02\">Pour ces quatre nouvelles dates, le rappeur ouvre les pr\u00e9ventes mercredi 5 novembre \u00e0 midi. Les fans de l\u2019artiste pourront s\u2019octroyer une ou deux places ainsi que son prochain album \u00ab TP sur TP \u00bb, dont la sortie est pr\u00e9vue pour d\u00e9but d\u00e9cembre. La mise en vente g\u00e9n\u00e9rale des billets est elle pr\u00e9vue vendredi 7 novembre, \u00e0 10 heures du matin.<\/p>\n<p class=\"paragraph text_align_left lp-f-body-02\">En avril 2024, au moment d\u2019annoncer ses deux concerts pour 2025 (la deuxi\u00e8me date au V\u00e9lodrome avait \u00e9t\u00e9 annonc\u00e9e a posteriori), Jul avait vendu 150 000 billets en une poign\u00e9e de minutes. \u00ab Attention aux faux billets \u00bb, pr\u00e9f\u00e8re avertir l\u2019artiste, qui pr\u00e9cise que les vraies places seront disponibles sur les sites du Stade de France, de l\u2019Orange V\u00e9lodrome, de Ticket Master et Adam Concerts.<\/p>\n<p><script async src=\"https:\/\/platform.twitter.com\/widgets.js\" charset=\"utf-8\"><\/script><\/p>\n","protected":false},"excerpt":{"rendered":"\u00ab Alors on se revoit en 2026. \u00bb Le rappeur Jul, l\u2019un des plus gros vendeurs de la&hellip;\n","protected":false},"author":2,"featured_media":507422,"comment_status":"","ping_status":"","sticky":false,"template":"","format":"standard","meta":{"footnotes":""},"categories":[1888],"tags":[11,872,1777,674,1011,27,873,12,626,25],"class_list":{"0":"post-507421","1":"post","2":"type-post","3":"status-publish","4":"format-standard","5":"has-post-thumbnail","7":"category-paris","8":"tag-actualites","9":"tag-culture-et-loisirs","10":"tag-eu","11":"tag-europe","12":"tag-fr","13":"tag-france","14":"tag-musique","15":"tag-news","16":"tag-paris","17":"tag-republique-francaise"},"share_on_mastodon":{"url":"https:\/\/pubeurope.com\/@fr\/115481944030436896","error":""},"_links":{"self":[{"href":"https:\/\/www.europesays.com\/fr\/wp-json\/wp\/v2\/posts\/507421","targetHints":{"allow":["GET"]}}],"collection":[{"href":"https:\/\/www.europesays.com\/fr\/wp-json\/wp\/v2\/posts"}],"about":[{"href":"https:\/\/www.europesays.com\/fr\/wp-json\/wp\/v2\/types\/post"}],"author":[{"embeddable":true,"href":"https:\/\/www.europesays.com\/fr\/wp-json\/wp\/v2\/users\/2"}],"replies":[{"embeddable":true,"href":"https:\/\/www.europesays.com\/fr\/wp-json\/wp\/v2\/comments?post=507421"}],"version-history":[{"count":0,"href":"https:\/\/www.europesays.com\/fr\/wp-json\/wp\/v2\/posts\/507421\/revisions"}],"wp:featuredmedia":[{"embeddable":true,"href":"https:\/\/www.europesays.com\/fr\/wp-json\/wp\/v2\/media\/507422"}],"wp:attachment":[{"href":"https:\/\/www.europesays.com\/fr\/wp-json\/wp\/v2\/media?parent=507421"}],"wp:term":[{"taxonomy":"category","embeddable":true,"href":"https:\/\/www.europesays.com\/fr\/wp-json\/wp\/v2\/categories?post=507421"},{"taxonomy":"post_tag","embeddable":true,"href":"https:\/\/www.europesays.com\/fr\/wp-json\/wp\/v2\/tags?post=507421"}],"curies":[{"name":"wp","href":"https:\/\/api.w.org\/{rel}","templated":true}]}}