{"id":507427,"date":"2025-11-02T20:18:20","date_gmt":"2025-11-02T20:18:20","guid":{"rendered":"https:\/\/www.europesays.com\/fr\/507427\/"},"modified":"2025-11-02T20:18:20","modified_gmt":"2025-11-02T20:18:20","slug":"six-morts-dont-deux-enfants-dans-des-frappes-russes-la-belgique-de-nouveau-survolee-par-des-drones-2","status":"publish","type":"post","link":"https:\/\/www.europesays.com\/fr\/507427\/","title":{"rendered":"Six morts dont deux enfants dans des frappes russes, la Belgique de nouveau survol\u00e9e par des drones"},"content":{"rendered":"<p class=\"mb-4 text-lg md:leading-8 break-words\"><strong>R\u00e9cap&rsquo; &#8211; \u00ab\u00a020 Minutes\u00a0\u00bb fait le point pour vous tous les soirs sur le conflit en Ukraine. Ce dimanche, six personnes, dont deux enfants de 11 et 14 ans, ont \u00e9t\u00e9 tu\u00e9es dans des frappes ciblant cinq r\u00e9gions ukrainiennes<\/strong><\/p>\n<p class=\"mb-4 text-lg md:leading-8 break-words\">Vous avez rat\u00e9 les derniers \u00e9v\u00e9nements sur la <a href=\"https:\/\/www.20minutes.fr\/monde\/ukraine\/?at_medium=RSS%20feed&amp;at_campaign=ynews&amp;utm_source=yahoo&amp;utm_medium=rss&amp;utm_campaign=news_feed&amp;utm_content=in_article_link\" rel=\"nofollow noopener\" target=\"_blank\" data-ylk=\"slk:guerre en Ukraine;elm:context_link;itc:0;sec:content-canvas\" class=\"link \">guerre en Ukraine<\/a>\u00a0? 20 Minutes fait le point pour vous tous les soirs. Voici l\u2019essentiel de ce dimanche 2\u00a0novembre, 1.348e jour du conflit.<\/p>\n<p>Le fait du jour<\/p>\n<p class=\"mb-4 text-lg md:leading-8 break-words\">Alors que <a href=\"https:\/\/www.20minutes.fr\/monde\/moscou\/?at_medium=RSS%20feed&amp;at_campaign=ynews&amp;utm_source=yahoo&amp;utm_medium=rss&amp;utm_campaign=news_feed&amp;utm_content=in_article_link\" rel=\"nofollow noopener\" target=\"_blank\" data-ylk=\"slk:Moscou;elm:context_link;itc:0;sec:content-canvas\" class=\"link \">Moscou<\/a> poursuit ses attaques terrestres sur le front et bombarde le syst\u00e8me \u00e9nerg\u00e9tique ukrainien, de nouvelles attaques nocturnes russes ont fait au moins six morts, dont deux enfants, en Ukraine, ont indiqu\u00e9 ce dimanche les autorit\u00e9s locales. Selon elles, quatre personnes ont \u00e9t\u00e9 tu\u00e9es, dont deux gar\u00e7ons de 11 et 14 ans, dans la r\u00e9gion de Dnipropetrovsk (centre-est) et deux autres dans celle d\u2019Odessa (sud). Une quinzaine de bless\u00e9s ont \u00e9galement \u00e9t\u00e9 recens\u00e9s.<\/p>\n<p class=\"mb-4 text-lg md:leading-8 break-words\">Dans la nuit de samedi \u00e0 ce dimanche, l\u2019arm\u00e9e russe a lanc\u00e9 79 drones et deux missiles balistiques sur l\u2019Ukraine, selon l\u2019arm\u00e9e de l\u2019air ukrainienne, qui a affirm\u00e9 avoir abattu 67 drones. Le pr\u00e9sident <a href=\"https:\/\/www.20minutes.fr\/monde\/volodymyr-zelensky\/?at_medium=RSS%20feed&amp;at_campaign=ynews&amp;utm_source=yahoo&amp;utm_medium=rss&amp;utm_campaign=news_feed&amp;utm_content=in_article_link\" rel=\"nofollow noopener\" target=\"_blank\" data-ylk=\"slk:Volodymyr Zelensky;elm:context_link;itc:0;sec:content-canvas\" class=\"link \">Volodymyr Zelensky<\/a> a pr\u00e9cis\u00e9 que cinq r\u00e9gions (Dnipropetrovsk, Zaporijjia, Kharkiv, Tcherniguiv et Odessa) avaient \u00e9t\u00e9 touch\u00e9es.<\/p>\n<p class=\"mb-4 text-lg md:leading-8 break-words\">De son c\u00f4t\u00e9, <a href=\"https:\/\/www.20minutes.fr\/dossier\/kiev?at_medium=RSS%20feed&amp;at_campaign=ynews&amp;utm_source=yahoo&amp;utm_medium=rss&amp;utm_campaign=news_feed&amp;utm_content=in_article_link\" rel=\"nofollow noopener\" target=\"_blank\" data-ylk=\"slk:Kiev;elm:context_link;itc:0;sec:content-canvas\" class=\"link \">Kiev<\/a> a frapp\u00e9 dans la matin\u00e9e des installations p\u00e9troli\u00e8res dans un port sur la mer Noire. Des drones ont touch\u00e9 le port russe de Touaps\u00e9, endommageant deux navires et les infrastructures d\u2019un terminal p\u00e9trolier, selon les autorit\u00e9s locales.<\/p>\n<p>Le chiffre du jour<\/p>\n<p class=\"mb-4 text-lg md:leading-8 break-words\">2. Des nouveaux survols de drones au-dessus d\u2019une base militaire belge ont eu lieu pendant deux soirs cons\u00e9cutifs, a indiqu\u00e9 ce dimanche le ministre de la D\u00e9fense Theo Francken, conduisant les autorit\u00e9s locales \u00e0 ouv(&#8230;)<\/p>\n<p class=\"mb-4 text-lg md:leading-8 break-words\"><a href=\"https:\/\/www.20minutes.fr\/monde\/ukraine\/4183051-20251102-guerre-ukraine-six-morts-dont-deux-enfants-frappes-russes-belgique-nouveau-survolee-drones?at_medium=RSS%20feed&amp;at_campaign=ynews&amp;utm_source=yahoo&amp;utm_medium=rss&amp;utm_campaign=news_feed&amp;utm_content=read_more_link&quot;\" rel=\"nofollow noopener\" target=\"_blank\" data-ylk=\"slk:Lire la suite sur 20minutes;elm:context_link;itc:0;sec:content-canvas\" class=\"link \">Lire la suite sur 20minutes<\/a><\/p>\n<p>\u00c0 lire aussi :<br \/><a href=\"https:\/\/www.20minutes.fr\/monde\/ukraine\/4182675-20251030-guerre-ukraine-armee-russe-frappe-dix-regions-coup-trump-relance-essais-nucleaires?at_medium=RSS%20feed&amp;at_campaign=ynews&amp;utm_source=yahoo&amp;utm_medium=rss&amp;utm_campaign=news_feed&amp;utm_content=related_content_link\" rel=\"nofollow noopener\" target=\"_blank\" data-ylk=\"slk:Guerre en Ukraine\u00a0: L\u2019arm\u00e9e russe frappe dix r\u00e9gions d\u2019un coup, Trump relance les essais nucl\u00e9aires;elm:context_link;itc:0;sec:content-canvas\" class=\"link \">Guerre en Ukraine\u00a0: L\u2019arm\u00e9e russe frappe dix r\u00e9gions d\u2019un coup, Trump relance les essais nucl\u00e9aires<\/a><br \/><a href=\"https:\/\/www.20minutes.fr\/monde\/4182569-20251030-europe-moyens-militaires-faire-face-russie-suppose-autre-coherence-strategique?at_medium=RSS%20feed&amp;at_campaign=ynews&amp;utm_source=yahoo&amp;utm_medium=rss&amp;utm_campaign=news_feed&amp;utm_content=related_content_link\" rel=\"nofollow noopener\" target=\"_blank\" data-ylk=\"slk:\u00ab\u00a0L\u2019Europe a les moyens militaires de faire face \u00e0 la Russie mais cela suppose une autre coh\u00e9rence strat\u00e9gique\u00a0\u00bb;elm:context_link;itc:0;sec:content-canvas\" class=\"link \">\u00ab\u00a0L\u2019Europe a les moyens militaires de faire face \u00e0 la Russie mais cela suppose une autre coh\u00e9rence strat\u00e9gique\u00a0\u00bb<\/a><\/p>\n","protected":false},"excerpt":{"rendered":"R\u00e9cap&rsquo; &#8211; \u00ab\u00a020 Minutes\u00a0\u00bb fait le point pour vous tous les soirs sur le conflit en Ukraine. Ce&hellip;\n","protected":false},"author":2,"featured_media":507428,"comment_status":"","ping_status":"","sticky":false,"template":"","format":"standard","meta":{"footnotes":""},"categories":[1590],"tags":[642,11,62905,62906,5441,1777,674,12,220],"class_list":{"0":"post-507427","1":"post","2":"type-post","3":"status-publish","4":"format-standard","5":"has-post-thumbnail","7":"category-ukraine","8":"tag-20-minutes","9":"tag-actualites","10":"tag-attaques-terrestres","11":"tag-autorites-locales","12":"tag-deux-enfants","13":"tag-eu","14":"tag-europe","15":"tag-news","16":"tag-ukraine"},"share_on_mastodon":{"url":"https:\/\/pubeurope.com\/@fr\/115481955946028993","error":""},"_links":{"self":[{"href":"https:\/\/www.europesays.com\/fr\/wp-json\/wp\/v2\/posts\/507427","targetHints":{"allow":["GET"]}}],"collection":[{"href":"https:\/\/www.europesays.com\/fr\/wp-json\/wp\/v2\/posts"}],"about":[{"href":"https:\/\/www.europesays.com\/fr\/wp-json\/wp\/v2\/types\/post"}],"author":[{"embeddable":true,"href":"https:\/\/www.europesays.com\/fr\/wp-json\/wp\/v2\/users\/2"}],"replies":[{"embeddable":true,"href":"https:\/\/www.europesays.com\/fr\/wp-json\/wp\/v2\/comments?post=507427"}],"version-history":[{"count":0,"href":"https:\/\/www.europesays.com\/fr\/wp-json\/wp\/v2\/posts\/507427\/revisions"}],"wp:featuredmedia":[{"embeddable":true,"href":"https:\/\/www.europesays.com\/fr\/wp-json\/wp\/v2\/media\/507428"}],"wp:attachment":[{"href":"https:\/\/www.europesays.com\/fr\/wp-json\/wp\/v2\/media?parent=507427"}],"wp:term":[{"taxonomy":"category","embeddable":true,"href":"https:\/\/www.europesays.com\/fr\/wp-json\/wp\/v2\/categories?post=507427"},{"taxonomy":"post_tag","embeddable":true,"href":"https:\/\/www.europesays.com\/fr\/wp-json\/wp\/v2\/tags?post=507427"}],"curies":[{"name":"wp","href":"https:\/\/api.w.org\/{rel}","templated":true}]}}