{"id":507433,"date":"2025-11-02T20:22:38","date_gmt":"2025-11-02T20:22:38","guid":{"rendered":"https:\/\/www.europesays.com\/fr\/507433\/"},"modified":"2025-11-02T20:22:38","modified_gmt":"2025-11-02T20:22:38","slug":"allemagne-des-fans-de-taylor-swift-envahissent-un-musee-2","status":"publish","type":"post","link":"https:\/\/www.europesays.com\/fr\/507433\/","title":{"rendered":"Allemagne: Des fans de Taylor Swift envahissent un mus\u00e9e"},"content":{"rendered":"<p>Publi\u00e92. novembre 2025, 21:02<\/p>\n<p>Allemagne: Des fans de Taylor Swift envahissent un mus\u00e9e<\/p>\n<p>Les admirateurs et admiratrices de la chanteuse se sont press\u00e9s \u00e0 Wiesbaden pour voir le tableau qui aurait inspir\u00e9 le tube \u00abThe Fate of Ophelia\u00bb.<\/p>\n<p><img loading=\"lazy\" decoding=\"async\" src=\"https:\/\/www.europesays.com\/fr\/wp-content\/uploads\/2025\/11\/baa624b0-c9e8-42c9-9475-9a8e36e510cc.jpg\" alt=\"Le mus\u00e9e n\u2019en revient pas de \u00abl\u2019afflux massif de visiteurs\u00bb.\" title=\"Le mus\u00e9e n\u2019en revient pas de \u00abl\u2019afflux massif de visiteurs\u00bb.\"  width=\"1024\" height=\"682\"\/><\/p>\n<p>Le mus\u00e9e n\u2019en revient pas de \u00abl\u2019afflux massif de visiteurs\u00bb.<\/p>\n<p>AFP<\/p>\n<p>Des fans de Taylor Swift ont chant\u00e9 et dans\u00e9 dimanche en Allemagne sur son tube \u00abThe Fate of Ophelia\u00bb devant un tableau expos\u00e9 au mus\u00e9e de Wiesbaden (ouest), cens\u00e9 avoir inspir\u00e9 la star am\u00e9ricaine.<\/p>\n<p>Ils \u00e9taient environ 200 \u00e0 participer \u00e0 l\u2019\u00e9v\u00e9nement organis\u00e9 par le mus\u00e9e autour du tableau, r\u00e9alis\u00e9 vers 1900, du peintre allemand Friedrich Heyser. Il repr\u00e9sente Oph\u00e9lie, personnage de la pi\u00e8ce Hamlet de Shakespeare, v\u00eatue d\u2019une robe blanche, flottant \u00e0 moiti\u00e9 sur l\u2019eau, \u00e0 moiti\u00e9 sur la berge, entour\u00e9e de fleurs et de feuilles, peu avant sa noyade.<\/p>\n<p>Dans le clip de \u00abThe Fate of Ophelia\u00bb (le destin d\u2019Oph\u00e9lie), Taylor Swift incarne d\u00e8s les premi\u00e8res secondes l\u2019h\u00e9ro\u00efne tragique, \u00e9voquant directement cette peinture, avant que l\u2019image ne prenne vie.<\/p>\n<p>\u00abC&rsquo;est incroyable\u00bb<\/p>\n<p>Certains fans pr\u00e9sents \u00e0 Wiesbaden \u00e9taient d\u00e9guis\u00e9s en Oph\u00e9lie, couronne de fleurs dans les cheveux, d\u2019autres arboraient des tenues scintillantes inspir\u00e9es de celles de la chanteuse. Corinna Greiner, 47 ans, employ\u00e9e de bureau, est venue avec sa fille. \u00abC\u2019est incroyable que ce tableau, qui a inspir\u00e9 Taylor Swift, soit accroch\u00e9 ici \u00e0 Wiesbaden\u00bb, dit-elle \u00e0 l\u2019AFP. Les billets de l\u2019\u00e9v\u00e8nement se sont arrach\u00e9s en quelques heures.<\/p>\n<p>Apr\u00e8s une pr\u00e9sentation de l\u2019\u0153uvre par un expert du mus\u00e9e, les fans se sont tr\u00e9mouss\u00e9s au son de la chanson diffus\u00e9e sur haut-parleurs, avant une longue s\u00e9ance de selfies devant le tableau. \u00abJ\u2019aime beaucoup l\u2019art et j\u2019ai toujours voulu voir en vrai le lien entre le tableau d\u2019Oph\u00e9lie et Taylor Swift\u00bb, raconte \u00e0 l\u2019AFP Isabelle Bastian, 26 ans, venue de Darmstadt (ouest). \u00abL\u2019ambiance est incroyable, c\u2019est comme un mini-concert !\u00bb, s\u2019amuse-t-elle.<\/p>\n<p><img loading=\"lazy\" decoding=\"async\" src=\"https:\/\/www.europesays.com\/fr\/wp-content\/uploads\/2025\/11\/97dddf29-ae6a-4bc0-a6e3-c1bca79f0690.jpg\" alt=\"\" title=\"\"  width=\"1024\" height=\"701\"\/>AFP<\/p>\n<p>\u00abNous avons \u00e9t\u00e9 tr\u00e8s surpris\u00bb<\/p>\n<p>Au lendemain de sa sortie d\u00e9but octobre, le tr\u00e8s attendu douzi\u00e8me album de la m\u00e9gastar am\u00e9ricaine avait d\u00e9j\u00e0 battu des records de streaming, selon les plateformes d\u00e9di\u00e9es.<\/p>\n<p>Le mus\u00e9e, situ\u00e9 pr\u00e8s de Francfort, n\u2019avait pas imagin\u00e9 que ce tableau, expos\u00e9 depuis 2019, inspirerait un clip de la star jusqu\u2019\u00e0 ce que ses r\u00e9seaux sociaux s\u2019animent apr\u00e8s la sortie de la chanson. \u00abNous avons \u00e9t\u00e9 tr\u00e8s surpris\u00bb, a d\u00e9clar\u00e9 \u00e0 l\u2019AFP le directeur du mus\u00e9e, Andreas Henning, qui n\u2019en revient pas de \u00abl\u2019afflux massif de visiteurs\u00bb qui en a r\u00e9sult\u00e9. Ces visiteurs viennent par centaines de toute l\u2019Allemagne, de France et d\u2019Angleterre, mais aussi des \u00c9tats-Unis et d\u2019Am\u00e9rique du Sud.<\/p>\n<p>Le mus\u00e9e n\u2019a pas eu de contact avec Taylor Swift ou son \u00e9quipe \u00e0 propos du lien entre son tube \u2013 le premier single de l\u2019album \u00abThe Life of a Showgirl\u00bb \u2013 et le tableau de Heyser. Les fans ont, quant \u00e0 eux, scand\u00e9 \u00e0 l\u2019unisson dimanche: \u00abTaylor, viens \u00e0 Wiesbaden!\u00bb.<\/p>\n<p>Tu nous suis d\u00e9j\u00e0 sur WhatsApp?<\/p>\n<p>Abonne-toi \u00e0 notre cha\u00eene, active la petite \ud83d\udd14 et tu recevras un <strong>r\u00e9cap de l&rsquo;actu<\/strong> chaque jour en <strong>d\u00e9but de soir\u00e9e<\/strong>.<\/p>\n<p>(afp\/nc)<\/p>\n","protected":false},"excerpt":{"rendered":"Publi\u00e92. novembre 2025, 21:02 Allemagne: Des fans de Taylor Swift envahissent un mus\u00e9e Les admirateurs et admiratrices de&hellip;\n","protected":false},"author":2,"featured_media":507434,"comment_status":"","ping_status":"","sticky":false,"template":"","format":"standard","meta":{"footnotes":""},"categories":[1587],"tags":[11,672,1804,1805,1803,1777,674,1801,12,1802],"class_list":{"0":"post-507433","1":"post","2":"type-post","3":"status-publish","4":"format-standard","5":"has-post-thumbnail","7":"category-allemagne","8":"tag-actualites","9":"tag-allemagne","10":"tag-bundesrepublik-deutschland","11":"tag-de","12":"tag-deutschland","13":"tag-eu","14":"tag-europe","15":"tag-germany","16":"tag-news","17":"tag-republique-federale-dallemagne"},"share_on_mastodon":{"url":"https:\/\/pubeurope.com\/@fr\/115481973355724580","error":""},"_links":{"self":[{"href":"https:\/\/www.europesays.com\/fr\/wp-json\/wp\/v2\/posts\/507433","targetHints":{"allow":["GET"]}}],"collection":[{"href":"https:\/\/www.europesays.com\/fr\/wp-json\/wp\/v2\/posts"}],"about":[{"href":"https:\/\/www.europesays.com\/fr\/wp-json\/wp\/v2\/types\/post"}],"author":[{"embeddable":true,"href":"https:\/\/www.europesays.com\/fr\/wp-json\/wp\/v2\/users\/2"}],"replies":[{"embeddable":true,"href":"https:\/\/www.europesays.com\/fr\/wp-json\/wp\/v2\/comments?post=507433"}],"version-history":[{"count":0,"href":"https:\/\/www.europesays.com\/fr\/wp-json\/wp\/v2\/posts\/507433\/revisions"}],"wp:featuredmedia":[{"embeddable":true,"href":"https:\/\/www.europesays.com\/fr\/wp-json\/wp\/v2\/media\/507434"}],"wp:attachment":[{"href":"https:\/\/www.europesays.com\/fr\/wp-json\/wp\/v2\/media?parent=507433"}],"wp:term":[{"taxonomy":"category","embeddable":true,"href":"https:\/\/www.europesays.com\/fr\/wp-json\/wp\/v2\/categories?post=507433"},{"taxonomy":"post_tag","embeddable":true,"href":"https:\/\/www.europesays.com\/fr\/wp-json\/wp\/v2\/tags?post=507433"}],"curies":[{"name":"wp","href":"https:\/\/api.w.org\/{rel}","templated":true}]}}