{"id":507435,"date":"2025-11-02T20:24:35","date_gmt":"2025-11-02T20:24:35","guid":{"rendered":"https:\/\/www.europesays.com\/fr\/507435\/"},"modified":"2025-11-02T20:24:35","modified_gmt":"2025-11-02T20:24:35","slug":"jordan-bardella-veut-faire-de-la-france-le-pays-le-plus-repressif-deurope","status":"publish","type":"post","link":"https:\/\/www.europesays.com\/fr\/507435\/","title":{"rendered":"Jordan Bardella veut faire de la France \u00ab\u00a0le pays le plus r\u00e9pressif d&rsquo;Europe\u00a0\u00bb"},"content":{"rendered":"<p class=\"ap-StoryElement ap-StoryElement--mb ap-StoryText\">\u00ab\u00a0Je souhaite faire de la France le pays le plus r\u00e9pressif d&rsquo;Europe \u00e0 l&rsquo;\u00e9gard de la d\u00e9linquance et de la criminalit\u00e9 qui (&#8230;) pourrit la vie de nos compatriotes\u00a0\u00bb, a dit M. Bardella, proche de Marine Le Pen auquel on pr\u00eate des ambitions pr\u00e9sidentielles.<\/p>\n<p class=\"ap-StoryElement ap-StoryElement--mb ap-StoryText\">Marine Le Pen, candidate naturelle du RN pour la pr\u00e9sidentielle de 2027, est actuellement in\u00e9ligible apr\u00e8s une condamnation pour d\u00e9tournement de fonds publics, dont elle a fait appel. Si elle ne pouvait se pr\u00e9senter, Jordan Bardella serait selon toute probabilit\u00e9 le candidat du parti.<\/p>\n<p><a href=\"https:\/\/www.lalibre.be\/international\/2025\/05\/05\/lisse-loyal-redoutable-qui-est-jordan-bardella-plein-de-gens-le-detestent-au-sein-du-parti-PP5K6OLSQJCFFMYKR5AWKKN3RY\/\" target=\"_blank\" rel=\"noopener noreferrer nofollow\" class=\"ap-StoryInterstitialLink ap-StoryElement ap-StoryElement--mb js-paywall-target\">Lisse, loyal, redoutable : qui est Jordan Bardella ? \u00ab\u00a0Plein de gens le d\u00e9testent au sein du parti\u00a0\u00bb<\/a><\/p>\n<p class=\"ap-StoryElement ap-StoryElement--mb ap-StoryText\">M. Bardella \u00e9tait interrog\u00e9 sur la cha\u00eene LCI pour savoir o\u00f9 il pla\u00e7ait le curseur en mati\u00e8re d&rsquo;autorit\u00e9 et de lutte contre la d\u00e9linquance dans une \u00e9poque o\u00f9 les \u00c9tats-Unis n&rsquo;h\u00e9sitent plus \u00e0 \u00ab\u00a0tuer les narcotraficants\u00a0\u00bb dans des ex\u00e9cutions extrajudiciaires.<\/p>\n<p class=\"ap-StoryElement ap-StoryElement--mb ap-StoryText\">\u00ab\u00a0La France ne renouera pas avec la prosp\u00e9rit\u00e9 si on ne r\u00e9tablit pas l&rsquo;ordre et l&rsquo;autorit\u00e9. (&#8230;) C&rsquo;est la raison pour laquelle moi, je suis pro-police, je suis pro-forces de l&rsquo;ordre, je suis pro-militaire\u00a0\u00bb, a-t-il r\u00e9pondu. \u00ab\u00a0Il y a des crimes les plus graves\u00a0\u00bb qui devraient conduire leurs auteurs en prison \u00ab\u00a0sans possibilit\u00e9 de sortir\u00a0\u00bb, a-t-il \u00e9galement affirm\u00e9.<\/p>\n<p><a href=\"https:\/\/www.lalibre.be\/international\/europe\/2025\/04\/10\/un-risque-de-recidive-caracterisee-nouvelle-friction-entre-le-rn-et-le-parlement-europeen-qui-refuse-de-payer-le-chef-de-cabinet-de-bardella-NXZ5XRJ65NDHLD5J3RPL3WSMCU\/\" target=\"_blank\" rel=\"noopener noreferrer nofollow\" class=\"ap-StoryInterstitialLink ap-StoryElement ap-StoryElement--mb\">\u00ab\u00a0Un risque de r\u00e9cidive caract\u00e9ris\u00e9e\u00a0\u00bb: nouvelle friction entre le RN et le Parlement europ\u00e9en, qui refuse de payer le chef de cabinet de Bardella<\/a><\/p>\n<p class=\"ap-StoryElement ap-StoryElement--mb ap-StoryText\">\u00ab\u00a0Nous supprimerons les remises automatiques de peines, nous mettrons en oeuvre des peines planchers, nous expulserons les d\u00e9linquants et criminels \u00e9trangers\u00a0\u00bb, a-t-il \u00e9num\u00e9r\u00e9, se disant \u00e9galement favorable \u00e0 un \u00ab\u00a0choc d&rsquo;autorit\u00e9 dans la soci\u00e9t\u00e9\u00a0\u00bb et au r\u00e9tablissement du service militaire obligatoire.<\/p>\n<p class=\"ap-StoryElement ap-StoryElement--mb ap-StoryText\">Le Rassemblement national (RN) est le premier parti en nombre de si\u00e8ges \u00e0 l&rsquo;Assembl\u00e9e nationale, la chambre basse du Parlement fran\u00e7ais.<\/p>\n","protected":false},"excerpt":{"rendered":"\u00ab\u00a0Je souhaite faire de la France le pays le plus r\u00e9pressif d&rsquo;Europe \u00e0 l&rsquo;\u00e9gard de la d\u00e9linquance et&hellip;\n","protected":false},"author":2,"featured_media":507436,"comment_status":"","ping_status":"","sticky":false,"template":"","format":"standard","meta":{"footnotes":""},"categories":[1586],"tags":[11,1777,674,1011,27,12,3848,1072,25,656],"class_list":{"0":"post-507435","1":"post","2":"type-post","3":"status-publish","4":"format-standard","5":"has-post-thumbnail","7":"category-europe","8":"tag-actualites","9":"tag-eu","10":"tag-europe","11":"tag-fr","12":"tag-france","13":"tag-news","14":"tag-partis","15":"tag-police","16":"tag-republique-francaise","17":"tag-securite"},"share_on_mastodon":{"url":"https:\/\/pubeurope.com\/@fr\/115481979311931214","error":""},"_links":{"self":[{"href":"https:\/\/www.europesays.com\/fr\/wp-json\/wp\/v2\/posts\/507435","targetHints":{"allow":["GET"]}}],"collection":[{"href":"https:\/\/www.europesays.com\/fr\/wp-json\/wp\/v2\/posts"}],"about":[{"href":"https:\/\/www.europesays.com\/fr\/wp-json\/wp\/v2\/types\/post"}],"author":[{"embeddable":true,"href":"https:\/\/www.europesays.com\/fr\/wp-json\/wp\/v2\/users\/2"}],"replies":[{"embeddable":true,"href":"https:\/\/www.europesays.com\/fr\/wp-json\/wp\/v2\/comments?post=507435"}],"version-history":[{"count":0,"href":"https:\/\/www.europesays.com\/fr\/wp-json\/wp\/v2\/posts\/507435\/revisions"}],"wp:featuredmedia":[{"embeddable":true,"href":"https:\/\/www.europesays.com\/fr\/wp-json\/wp\/v2\/media\/507436"}],"wp:attachment":[{"href":"https:\/\/www.europesays.com\/fr\/wp-json\/wp\/v2\/media?parent=507435"}],"wp:term":[{"taxonomy":"category","embeddable":true,"href":"https:\/\/www.europesays.com\/fr\/wp-json\/wp\/v2\/categories?post=507435"},{"taxonomy":"post_tag","embeddable":true,"href":"https:\/\/www.europesays.com\/fr\/wp-json\/wp\/v2\/tags?post=507435"}],"curies":[{"name":"wp","href":"https:\/\/api.w.org\/{rel}","templated":true}]}}