{"id":507442,"date":"2025-11-02T20:29:52","date_gmt":"2025-11-02T20:29:52","guid":{"rendered":"https:\/\/www.europesays.com\/fr\/507442\/"},"modified":"2025-11-02T20:29:52","modified_gmt":"2025-11-02T20:29:52","slug":"jordan-bardella-president-du-rn-veut-faire-de-la-france-le-pays-le-plus-repressif-deurope","status":"publish","type":"post","link":"https:\/\/www.europesays.com\/fr\/507442\/","title":{"rendered":"Jordan Bardella, pr\u00e9sident du RN, veut faire de la France \u00ab\u00a0le pays le plus r\u00e9pressif d&rsquo;Europe\u00a0\u00bb"},"content":{"rendered":"<p>\u00ab\u00a0Je souhaite faire de la France le pays le plus r\u00e9pressif d&rsquo;Europe \u00e0 l&rsquo;\u00e9gard de la d\u00e9linquance et de la criminalit\u00e9 qui (&#8230;) pourrit la vie de nos compatriotes\u00a0\u00bb, a dit M. <a href=\"https:\/\/www.laprovence.com\/article\/faits-divers-justice\/8003647863780914\/plainte-deposee-par-une-association-anticorruption-contre-jordan-bardella-notamment-pour-escroquerie\" target=\"_blank\" rel=\"nofollow noopener\">Bardella<\/a>, proche de <a href=\"https:\/\/www.laprovence.com\/article\/politique\/7933521880368414\/crise-politique-je-censurerai-tous-les-gouvernements-jusqua-obtenir-la-dissolution-previent-marine-le-pen\" target=\"_blank\" rel=\"nofollow noopener\">Marine Le Pen<\/a> auquel on pr\u00eate des ambitions pr\u00e9sidentielles.<\/p>\n<p>Marine Le Pen, candidate naturelle du RN pour la pr\u00e9sidentielle de 2027, est actuellement in\u00e9ligible apr\u00e8s une condamnation pour d\u00e9tournement de fonds publics, dont elle a fait appel. Si elle ne pouvait se pr\u00e9senter, Jordan Bardella serait selon toute probabilit\u00e9 le candidat du parti.\u00a0<\/p>\n<p>M. Bardella \u00e9tait interrog\u00e9 sur la cha\u00eene LCI pour savoir o\u00f9 il pla\u00e7ait le curseur en mati\u00e8re d&rsquo;autorit\u00e9 et de lutte contre la d\u00e9linquance dans une \u00e9poque o\u00f9 les \u00c9tats-Unis n&rsquo;h\u00e9sitent plus \u00e0 \u00ab\u00a0tuer les <a href=\"https:\/\/www.laprovence.com\/article\/faits-divers-justice\/15063463032953\/narcotrafic-a-marseille-apres-le-podcast-cartel-nord-le-livre-disponible-en-librairie-ce-jeudi\" target=\"_blank\" rel=\"nofollow noopener\">narcotraficants<\/a>\u00a0\u00bb dans des ex\u00e9cutions extrajudiciaires.<\/p>\n<p>\u00ab\u00a0La France ne renouera pas avec la prosp\u00e9rit\u00e9 si on ne r\u00e9tablit pas l&rsquo;ordre et l&rsquo;autorit\u00e9. (&#8230;) C&rsquo;est la raison pour laquelle moi, je suis pro-police, je suis pro-forces de l&rsquo;ordre, je suis pro-militaire\u00a0\u00bb, a-t-il r\u00e9pondu.<\/p>\n<p>\u00ab\u00a0Il y a des crimes les plus graves\u00a0\u00bb qui devraient conduire leurs auteurs en prison \u00ab\u00a0sans possibilit\u00e9 de sortir\u00a0\u00bb, a-t-il \u00e9galement affirm\u00e9.<\/p>\n<p>\u00ab\u00a0Nous supprimerons les remises automatiques de peines, nous mettrons en \u0153uvre des peines planchers, nous expulserons les d\u00e9linquants et criminels \u00e9trangers\u00a0\u00bb, a-t-il \u00e9num\u00e9r\u00e9, se disant \u00e9galement favorable \u00e0 un \u00ab\u00a0choc d&rsquo;autorit\u00e9 dans la soci\u00e9t\u00e9\u00a0\u00bb et au r\u00e9tablissement du service militaire obligatoire.<\/p>\n<p>Le <a href=\"https:\/\/www.laprovence.com\/article\/elections\/35056839980759\/municipales-2026-dans-le-pays-d-aix-le-rn-tracte-dans-les-boites-aux-lettres-pour-composer-ses-listes\" target=\"_blank\" rel=\"nofollow noopener\">Rassemblement national <\/a>(RN) est le premier parti en nombre de si\u00e8ges \u00e0 l&rsquo;Assembl\u00e9e nationale, la chambre basse du Parlement fran\u00e7ais.<\/p>\n","protected":false},"excerpt":{"rendered":"\u00ab\u00a0Je souhaite faire de la France le pays le plus r\u00e9pressif d&rsquo;Europe \u00e0 l&rsquo;\u00e9gard de la d\u00e9linquance et&hellip;\n","protected":false},"author":2,"featured_media":507443,"comment_status":"","ping_status":"","sticky":false,"template":"","format":"standard","meta":{"footnotes":""},"categories":[4],"tags":[17,11,3130,4560,1011,27,29154,12,316,4919,25,2848,9870],"class_list":{"0":"post-507442","1":"post","2":"type-post","3":"status-publish","4":"format-standard","5":"has-post-thumbnail","7":"category-france","8":"tag-17","9":"tag-actualites","10":"tag-bardella","11":"tag-faire","12":"tag-fr","13":"tag-france","14":"tag-jordan","15":"tag-news","16":"tag-politique","17":"tag-president","18":"tag-republique-francaise","19":"tag-rn","20":"tag-veut"},"share_on_mastodon":{"url":"https:\/\/pubeurope.com\/@fr\/115482002936743442","error":""},"_links":{"self":[{"href":"https:\/\/www.europesays.com\/fr\/wp-json\/wp\/v2\/posts\/507442","targetHints":{"allow":["GET"]}}],"collection":[{"href":"https:\/\/www.europesays.com\/fr\/wp-json\/wp\/v2\/posts"}],"about":[{"href":"https:\/\/www.europesays.com\/fr\/wp-json\/wp\/v2\/types\/post"}],"author":[{"embeddable":true,"href":"https:\/\/www.europesays.com\/fr\/wp-json\/wp\/v2\/users\/2"}],"replies":[{"embeddable":true,"href":"https:\/\/www.europesays.com\/fr\/wp-json\/wp\/v2\/comments?post=507442"}],"version-history":[{"count":0,"href":"https:\/\/www.europesays.com\/fr\/wp-json\/wp\/v2\/posts\/507442\/revisions"}],"wp:featuredmedia":[{"embeddable":true,"href":"https:\/\/www.europesays.com\/fr\/wp-json\/wp\/v2\/media\/507443"}],"wp:attachment":[{"href":"https:\/\/www.europesays.com\/fr\/wp-json\/wp\/v2\/media?parent=507442"}],"wp:term":[{"taxonomy":"category","embeddable":true,"href":"https:\/\/www.europesays.com\/fr\/wp-json\/wp\/v2\/categories?post=507442"},{"taxonomy":"post_tag","embeddable":true,"href":"https:\/\/www.europesays.com\/fr\/wp-json\/wp\/v2\/tags?post=507442"}],"curies":[{"name":"wp","href":"https:\/\/api.w.org\/{rel}","templated":true}]}}