{"id":507449,"date":"2025-11-02T20:37:14","date_gmt":"2025-11-02T20:37:14","guid":{"rendered":"https:\/\/www.europesays.com\/fr\/507449\/"},"modified":"2025-11-02T20:37:14","modified_gmt":"2025-11-02T20:37:14","slug":"la-place-de-numero-1-mondial-ne-depend-pas-de-moi-souffle-sinner","status":"publish","type":"post","link":"https:\/\/www.europesays.com\/fr\/507449\/","title":{"rendered":"\u00abLa place de num\u00e9ro 1 mondial ne d\u00e9pend pas de moi\u00bb, souffle Sinner"},"content":{"rendered":"<p>\n    Gr\u00e2ce \u00e0 son premier sacre dans le Masters 1000 parisien, l\u2019Italien reprend la premi\u00e8re place \u00e0 son rival. Peut-\u00eatre pour pas longtemps.<\/p>\n<p class=\"fig-paragraph\"><a href=\"http:\/\/www.lefigaro.fr\/sports\/tennis\/rolex-paris-masters-jannik-sinner-triomphe-pour-la-premiere-fois-20251102\" data-fig-type=\"NewsFlash\" data-gtm-custom-categorie=\"navigation\" data-gtm-custom-action=\"crossclick\" data-gtm-custom-label=\"Contextuel\" data-gtm-event=\"customEventSPE\" data-fig-domain=\"LEFIGARO\" rel=\"nofollow noopener\" target=\"_blank\">L\u2019Italien de 24 ans,<\/a>\u00a0le sait. la mission s\u2019annonce compliqu\u00e9e pour terminer l\u2019ann\u00e9e au sommet du classement. Vainqueur des Finales ATP en 2024, il aura davantage de points \u00e0 d\u00e9fendre au Masters de Turin qu\u2019Alcaraz, \u00e9limin\u00e9 d\u00e8s son entr\u00e9e en lice \u00e0 Paris\u00a0: \u00abCela ne d\u00e9pend pas que de moi, a-t-il confirm\u00e9. Mais, bien s\u00fbr, je suis heureux de \u00e7a. Je savais qu\u2019il y avait une possibilit\u00e9 pour que \u00e7a se produise. Mais, comme je l\u2019avais dit avant la finale, comme je le dis avant chaque tournoi, j\u2019essaie de performer du mieux possible sur le court. Alors, arrivera ce qui arrivera. \u00c0 Turin, ce sera pareil. Je vais me concentrer sur ce que j\u2019ai \u00e0 faire et tenter de le faire le mieux possible. Et si je ne suis plus num\u00e9ro 1 \u00e0 la fin des Finales, c\u2019est comme \u00e7a. L\u2019objectif, cette semaine, \u00e9tait d\u2019avancer jour apr\u00e8s jour, d\u2019optimiser mon potentiel et j\u2019y suis parvenu. Maintenant, je vais prendre quelques jours de repos car j\u2019en ai vraiment besoin, je dois recharger les batteries pour \u00eatre aussi pr\u00eat que possible pour Turin o\u00f9 j\u2019esp\u00e8re faire une grande semaine de tennis.\u00a0\u00bb<\/p>\n<blockquote class=\"fig-quote&#10;    \">\n<p class=\"fig-quote__text\">Cette semaine, j\u2019ai l\u2019impression que j\u2019en ai appris un peu plus sur mon corps.<\/p>\n<p>            Jannik Sinner\n    <\/p><\/blockquote>\n<p class=\"fig-paragraph\">Sacr\u00e9 pour la premi\u00e8re fois dans\u00a0<a href=\"http:\/\/www.lefigaro.fr\/sports\/tennis\/rolex-paris-masters-une-premiere-reussie-mais-aussi-de-la-nostalgie-20251102\" data-fig-type=\"NewsFlash\" data-gtm-custom-categorie=\"navigation\" data-gtm-custom-action=\"crossclick\" data-gtm-custom-label=\"Contextuel\" data-gtm-event=\"customEventSPE\" data-fig-domain=\"LEFIGARO\" rel=\"nofollow noopener\" target=\"_blank\">le Masters 1000 parisien,<\/a>\u00a0Sinner, g\u00ean\u00e9 par des probl\u00e8mes physiques, n\u2019a toutefois conc\u00e9d\u00e9 aucun set de la semaine. Pas un long fleuve tranquille \u00e0 l\u2019en croire. \u00abChaque titre est particulier \u00e0 sa fa\u00e7on, tout d\u00e9pend des circonstances. Parfois, vous vous sentez bien durant toute la semaine. Parfois, vous \u00eates plus \u00e0 la lutte, physiquement ou mentalement. Ici, c\u2019\u00e9tait compliqu\u00e9, m\u00eame en dehors du court, et je suis satisfait de la fa\u00e7on dont j\u2019ai tout g\u00e9r\u00e9. Ce n\u2019\u00e9tait pas facile, mais on voit jour apr\u00e8s jour, en faisant ce qui semble mieux \u00e0 l\u2019instant T. J\u2019\u00e9tais concentr\u00e9 sur le fait de produire du bon tennis. Je suis tr\u00e8s content de la finale. Apr\u00e8s avoir gagn\u00e9 \u00e0 Vienne, je n\u2019ai pas eu beaucoup de temps pour me pr\u00e9parer et je suis vraiment tr\u00e8s heureux. Cette semaine, j\u2019ai l\u2019impression que j\u2019en ai appris un peu plus sur mon corps. Chaque jour est diff\u00e9rent. Parfois, m\u00eame si le score ne l\u2019indiquait pas, j\u2019ai vraiment d\u00fb me pousser pour gagner. On lutte toujours sur le court. Et puis arrive le moment o\u00f9 on se sent mieux que la veille. Je pense que c\u2019est la le\u00e7on \u00e0 retenir de cette semaine.\u00bb<\/p>\n","protected":false},"excerpt":{"rendered":"Gr\u00e2ce \u00e0 son premier sacre dans le Masters 1000 parisien, l\u2019Italien reprend la premi\u00e8re place \u00e0 son rival.&hellip;\n","protected":false},"author":2,"featured_media":507450,"comment_status":"","ping_status":"","sticky":false,"template":"","format":"standard","meta":{"footnotes":""},"categories":[1415],"tags":[7779,1011,27,20859,60,1467],"class_list":{"0":"post-507449","1":"post","2":"type-post","3":"status-publish","4":"format-standard","5":"has-post-thumbnail","7":"category-tennis","8":"tag-carlos-alcaraz","9":"tag-fr","10":"tag-france","11":"tag-jannik-sinner","12":"tag-sports","13":"tag-tennis"},"share_on_mastodon":{"url":"https:\/\/pubeurope.com\/@fr\/115482030454959270","error":""},"_links":{"self":[{"href":"https:\/\/www.europesays.com\/fr\/wp-json\/wp\/v2\/posts\/507449","targetHints":{"allow":["GET"]}}],"collection":[{"href":"https:\/\/www.europesays.com\/fr\/wp-json\/wp\/v2\/posts"}],"about":[{"href":"https:\/\/www.europesays.com\/fr\/wp-json\/wp\/v2\/types\/post"}],"author":[{"embeddable":true,"href":"https:\/\/www.europesays.com\/fr\/wp-json\/wp\/v2\/users\/2"}],"replies":[{"embeddable":true,"href":"https:\/\/www.europesays.com\/fr\/wp-json\/wp\/v2\/comments?post=507449"}],"version-history":[{"count":0,"href":"https:\/\/www.europesays.com\/fr\/wp-json\/wp\/v2\/posts\/507449\/revisions"}],"wp:featuredmedia":[{"embeddable":true,"href":"https:\/\/www.europesays.com\/fr\/wp-json\/wp\/v2\/media\/507450"}],"wp:attachment":[{"href":"https:\/\/www.europesays.com\/fr\/wp-json\/wp\/v2\/media?parent=507449"}],"wp:term":[{"taxonomy":"category","embeddable":true,"href":"https:\/\/www.europesays.com\/fr\/wp-json\/wp\/v2\/categories?post=507449"},{"taxonomy":"post_tag","embeddable":true,"href":"https:\/\/www.europesays.com\/fr\/wp-json\/wp\/v2\/tags?post=507449"}],"curies":[{"name":"wp","href":"https:\/\/api.w.org\/{rel}","templated":true}]}}