{"id":507451,"date":"2025-11-02T20:41:11","date_gmt":"2025-11-02T20:41:11","guid":{"rendered":"https:\/\/www.europesays.com\/fr\/507451\/"},"modified":"2025-11-02T20:41:11","modified_gmt":"2025-11-02T20:41:11","slug":"une-neuvieme-recrue-pour-color-code-actualite","status":"publish","type":"post","link":"https:\/\/www.europesays.com\/fr\/507451\/","title":{"rendered":"Une neuvi\u00e8me recrue pour Color Code &#8211; Actualit\u00e9"},"content":{"rendered":"<p style=\"text-align: justify;\">La nouvelle \u00e9quipe Continentale belge Color Code compte\u00a0<strong><a href=\"https:\/\/www.directvelo.com\/equipe\/11172\/color-code-cycling-team\" target=\"_blank\" rel=\"noopener\">une neuvi\u00e8me recrue<\/a><\/strong> pour la saison 2026. Il s\u2019agit du Belge L\u00e9o Schyns qui \u00e9tait en 2025 Junior 2e ann\u00e9e.<\/p>\n<p>Le soci\u00e9taire du VC Ardennes a termin\u00e9 cette ann\u00e9e 3e \u00e0 Ingelmunster et\u00a0\u00e0 Eeklo, 6e des Vermarc Cycling Project junioren 3-daagse, 6e de la Cantonale et du Championnat FCWB ou encore 8e \u00e0 Rekkem. Lors de la Philippe Gilbert Junior, il a remport\u00e9 le classement des sprints.<\/p>\n<p>Retrouvez tous les transferts de Conti\u00a0<strong><a href=\"https:\/\/www.directvelo.com\/mutations\/2026#pro-conti\" target=\"_blank\" rel=\"noopener\">en cliquant ici<\/a><\/strong>.<\/p>\n","protected":false},"excerpt":{"rendered":"La nouvelle \u00e9quipe Continentale belge Color Code compte\u00a0une neuvi\u00e8me recrue pour la saison 2026. Il s\u2019agit du Belge&hellip;\n","protected":false},"author":2,"featured_media":507452,"comment_status":"","ping_status":"","sticky":false,"template":"","format":"standard","meta":{"footnotes":""},"categories":[1411],"tags":[834,828,836,829,837,827,83,826,824,823,1154,207,814,817,815,816,822,821,832,211,839,1011,27,820,818,819,835,831,830,833,838,60,212,208,825],"class_list":{"0":"post-507451","1":"post","2":"type-post","3":"status-publish","4":"format-standard","5":"has-post-thumbnail","7":"category-cyclisme","8":"tag-attaque","9":"tag-belgique","10":"tag-braquet","11":"tag-bretagne","12":"tag-chute","13":"tag-competition","14":"tag-coupe-de-france","15":"tag-coureur","16":"tag-course-cyclisme","17":"tag-course-cycliste","18":"tag-cycling","19":"tag-cyclisme","20":"tag-direct","21":"tag-direct-velo","22":"tag-directvelo","23":"tag-directvelo-com","24":"tag-epreuve","25":"tag-epreuve-cycliste","26":"tag-federation-francaise-de-cyclisme","27":"tag-ffc","28":"tag-flandres","29":"tag-fr","30":"tag-france","31":"tag-live","32":"tag-live-course","33":"tag-live-epreuve","34":"tag-peloton","35":"tag-radio-peloton","36":"tag-radio-tour","37":"tag-ravitaillement","38":"tag-relance","39":"tag-sports","40":"tag-uci","41":"tag-velo","42":"tag-velos"},"share_on_mastodon":{"url":"https:\/\/pubeurope.com\/@fr\/115482046291593166","error":""},"_links":{"self":[{"href":"https:\/\/www.europesays.com\/fr\/wp-json\/wp\/v2\/posts\/507451","targetHints":{"allow":["GET"]}}],"collection":[{"href":"https:\/\/www.europesays.com\/fr\/wp-json\/wp\/v2\/posts"}],"about":[{"href":"https:\/\/www.europesays.com\/fr\/wp-json\/wp\/v2\/types\/post"}],"author":[{"embeddable":true,"href":"https:\/\/www.europesays.com\/fr\/wp-json\/wp\/v2\/users\/2"}],"replies":[{"embeddable":true,"href":"https:\/\/www.europesays.com\/fr\/wp-json\/wp\/v2\/comments?post=507451"}],"version-history":[{"count":0,"href":"https:\/\/www.europesays.com\/fr\/wp-json\/wp\/v2\/posts\/507451\/revisions"}],"wp:featuredmedia":[{"embeddable":true,"href":"https:\/\/www.europesays.com\/fr\/wp-json\/wp\/v2\/media\/507452"}],"wp:attachment":[{"href":"https:\/\/www.europesays.com\/fr\/wp-json\/wp\/v2\/media?parent=507451"}],"wp:term":[{"taxonomy":"category","embeddable":true,"href":"https:\/\/www.europesays.com\/fr\/wp-json\/wp\/v2\/categories?post=507451"},{"taxonomy":"post_tag","embeddable":true,"href":"https:\/\/www.europesays.com\/fr\/wp-json\/wp\/v2\/tags?post=507451"}],"curies":[{"name":"wp","href":"https:\/\/api.w.org\/{rel}","templated":true}]}}