{"id":507469,"date":"2025-11-02T20:51:12","date_gmt":"2025-11-02T20:51:12","guid":{"rendered":"https:\/\/www.europesays.com\/fr\/507469\/"},"modified":"2025-11-02T20:51:12","modified_gmt":"2025-11-02T20:51:12","slug":"manu-payet-jai-toujours-cru-que-pourquoi-il-a-longtemps-pense-quil-etait-infertile","status":"publish","type":"post","link":"https:\/\/www.europesays.com\/fr\/507469\/","title":{"rendered":"Manu Payet : \u00a0\u00bb J\u2019ai toujours cru que\u2026\u00a0\u00bb, pourquoi il a longtemps pens\u00e9 qu\u2019il \u00e9tait infertile"},"content":{"rendered":"<p>Ce samedi 1er novembre, <strong>Manu Payet<\/strong> \u00e9tait invit\u00e9<br \/>\nsur le plateau de Quelle \u00e9poque sur France 2. L\u2019humoriste<br \/>\ny a \u00e9voqu\u00e9 un sujet particuli\u00e8rement <strong>intime<\/strong>. Sa<br \/>\ncrainte d\u2019\u00eatre <strong>infertile<\/strong>. Une peur qui l\u2019a<br \/>\nlongtemps hant\u00e9 et li\u00e9e \u00e0 une <strong>op\u00e9ration subie dans son<br \/>\nenfance.<\/strong> Face \u00e0 <strong>L\u00e9a Salam\u00e9<\/strong>, l\u2019artiste de<br \/>\n49 ans a confi\u00e9 avoir toujours eu le <strong>doute de ne jamais<br \/>\npouvoir avoir d\u2019enfant<\/strong>. Un sujet qu\u2019il aborde d\u00e9sormais<br \/>\navec <strong>humour et \u00e9motion<\/strong> dans son nouveau<br \/>\none-man-show.<\/p>\n<p>Originaire de La R\u00e9union, <a href=\"https:\/\/www.closermag.fr\/people\/vous-allez-tres-loin-manu-payet-cash-sur-son-operation-des-testicules-face-a-yann-barthes-1674671\" target=\"_blank\" rel=\"noopener\"><br \/>\nManu Payet a r\u00e9v\u00e9l\u00e9 avoir \u00e9t\u00e9 op\u00e9r\u00e9 au niveau de ses parties<br \/>\ng\u00e9nitales<\/a> alors qu\u2019il n\u2019avait <strong>que 6 ans<\/strong> juste<br \/>\navant de partir vivre \u00e0 Paris. Si sur le moment, il n\u2019avait<br \/>\n<strong>pas pleinement conscience<\/strong> de ce que cette<br \/>\nintervention pouvait impliquer, elle a profond\u00e9ment<br \/>\n<strong>marqu\u00e9<\/strong> sa vie d\u2019homme. Ce souvenir m\u00e9dical a<br \/>\nlongtemps nourri en lui une <strong>peur<\/strong> visc\u00e9rale. Celle<br \/>\nde <strong>ne jamais conna\u00eetre la paternit\u00e9.<\/strong><\/p>\n<p>De la peur \u00e0 la sc\u00e8ne : un sujet devenu source<br \/>\nd\u2019inspiration<\/p>\n<p>Dans son spectacle Emmanuel 2, <a href=\"https:\/\/www.closermag.fr\/people\/manu-payet-l-acteur-revient-avec-humour-sur-sa-lourde-operation-des-testicules-1680201\" target=\"_blank\" rel=\"noopener\"><br \/>\nManu Payet \u00e9voque l\u2019op\u00e9ration de ses testicules<\/a>. Il a choisi de<br \/>\n<strong>transformer cette peur intime en une mati\u00e8re comique et<br \/>\nhumaine<\/strong>. \u2018\u2018J\u2019ai dit la v\u00e9rit\u00e9, <strong>depuis<br \/>\nl\u2019op\u00e9ration de mes six ans jusqu\u2019\u00e0 tout ce<br \/>\ndoute-l\u00e0<\/strong>.\u2019\u2019 raconte-t-il. L\u2019humoriste \u00e9voque aussi<br \/>\navec autod\u00e9rision les <strong>examens m\u00e9dicaux<\/strong> auxquels il<br \/>\na d\u00fb se soumettre.<\/p>\n<p>\u2018\u2018Je raconte le <strong>spermogramme<\/strong>, qui est un<br \/>\nmoment vraiment <strong>g\u00e9nial<\/strong>.\u2019\u2019 a-t-il l\u00e2ch\u00e9 avec<br \/>\nhumour. Aujourd\u2019hui, p\u00e8re combl\u00e9, Manu Payet c\u00e9l\u00e8bre cette<br \/>\n<strong>paternit\u00e9 qu\u2019il a longtemps crue impossible<\/strong>. Il<br \/>\ns\u2019en inspire pour livrer un spectacle <strong>sinc\u00e8re, dr\u00f4le et<br \/>\ntouchant.<\/strong><\/p>\n<p>\u201cJ\u2019ai toujours redout\u00e9 que la femme<br \/>\nque j\u2019allais aimer parte\u201d :\u00a0Manu Payet avait peur d&rsquo;\u00eatre<br \/>\ninfertile<\/p>\n<p>Face \u00e0 L\u00e9a Salam\u00e9, Manu Payet est revenu sur cette<br \/>\n<strong>angoisse<\/strong> persistante. \u2018\u2018J\u2019ai longtemps<br \/>\n<strong>dout\u00e9 du fait de pouvoir avoir un enfant<\/strong>.\u2019\u2019<br \/>\na-t-il reconnu. \u2018\u2018 Et j\u2019ai toujours cru que j\u2019allais<br \/>\n<strong>annoncer<\/strong> un jour \u00e0 <strong>quelqu\u2019un que<br \/>\nj\u2019aimais<\/strong> que je <strong>ne pouvais pas avoir<br \/>\nd\u2019enfant<\/strong>.\u2019\u2019 L\u2019humoriste a expliqu\u00e9 avoir m\u00eame imagin\u00e9<br \/>\nla <strong>phrase<\/strong> qu\u2019il aurait d\u00fb prononcer \u00e0 celle qui<br \/>\npartagerait sa vie.<\/p>\n<p>\u2018\u2018J\u2019ai toujours <strong>redout\u00e9<\/strong> que la femme que<br \/>\n<strong>j\u2019allais aimer<\/strong> un jour <strong>parte<\/strong><br \/>\nparce que <strong>je ne pouvais pas lui faire un<br \/>\nenfant.<\/strong>\u2019\u2019 a-t-il confi\u00e9 avec \u00e9motion. Finalement, le<br \/>\n<strong>destin<\/strong> lui a souri. Gr\u00e2ce \u00e0 une <strong>op\u00e9ration<br \/>\nr\u00e9paratrice,<\/strong> il a pu devenir p\u00e8re en <strong>janvier<br \/>\n2017<\/strong> d\u2019une petite <a href=\"https:\/\/www.closermag.fr\/people\/elle-ma-dit-un-truc-qui-ma-fendu-le-coeur-manu-payet-se-livre-comme-rarement-sur-sa-petite-fille-de-6-ans-3259674\" target=\"_blank\" rel=\"noopener\"><br \/>\nfille Jonie, fruit de son amour avec Pauline<\/a>, son \u00e9pouse depuis<br \/>\nplus de <strong>10 ans<\/strong>. Un v\u00e9ritable \u201c<strong>happy<br \/>\nend<\/strong>\u201d que l\u2019artiste \u00e9voque avec tendresse et humour<br \/>\nsur sc\u00e8ne.<\/p>\n","protected":false},"excerpt":{"rendered":"Ce samedi 1er novembre, Manu Payet \u00e9tait invit\u00e9 sur le plateau de Quelle \u00e9poque sur France 2. L\u2019humoriste&hellip;\n","protected":false},"author":2,"featured_media":507470,"comment_status":"","ping_status":"","sticky":false,"template":"","format":"standard","meta":{"footnotes":""},"categories":[8],"tags":[58,59,1011,27,3806,58723],"class_list":{"0":"post-507469","1":"post","2":"type-post","3":"status-publish","4":"format-standard","5":"has-post-thumbnail","7":"category-divertissement","8":"tag-divertissement","9":"tag-entertainment","10":"tag-fr","11":"tag-france","12":"tag-lea-salame","13":"tag-manu-payet"},"share_on_mastodon":{"url":"https:\/\/pubeurope.com\/@fr\/115482085691149754","error":""},"_links":{"self":[{"href":"https:\/\/www.europesays.com\/fr\/wp-json\/wp\/v2\/posts\/507469","targetHints":{"allow":["GET"]}}],"collection":[{"href":"https:\/\/www.europesays.com\/fr\/wp-json\/wp\/v2\/posts"}],"about":[{"href":"https:\/\/www.europesays.com\/fr\/wp-json\/wp\/v2\/types\/post"}],"author":[{"embeddable":true,"href":"https:\/\/www.europesays.com\/fr\/wp-json\/wp\/v2\/users\/2"}],"replies":[{"embeddable":true,"href":"https:\/\/www.europesays.com\/fr\/wp-json\/wp\/v2\/comments?post=507469"}],"version-history":[{"count":0,"href":"https:\/\/www.europesays.com\/fr\/wp-json\/wp\/v2\/posts\/507469\/revisions"}],"wp:featuredmedia":[{"embeddable":true,"href":"https:\/\/www.europesays.com\/fr\/wp-json\/wp\/v2\/media\/507470"}],"wp:attachment":[{"href":"https:\/\/www.europesays.com\/fr\/wp-json\/wp\/v2\/media?parent=507469"}],"wp:term":[{"taxonomy":"category","embeddable":true,"href":"https:\/\/www.europesays.com\/fr\/wp-json\/wp\/v2\/categories?post=507469"},{"taxonomy":"post_tag","embeddable":true,"href":"https:\/\/www.europesays.com\/fr\/wp-json\/wp\/v2\/tags?post=507469"}],"curies":[{"name":"wp","href":"https:\/\/api.w.org\/{rel}","templated":true}]}}