{"id":50747,"date":"2025-04-25T03:15:19","date_gmt":"2025-04-25T03:15:19","guid":{"rendered":"https:\/\/www.europesays.com\/fr\/50747\/"},"modified":"2025-04-25T03:15:19","modified_gmt":"2025-04-25T03:15:19","slug":"la-vaccination-contre-les-meningites-de-nouveau-elargie-apres-une-flambee-des-cas","status":"publish","type":"post","link":"https:\/\/www.europesays.com\/fr\/50747\/","title":{"rendered":"La vaccination contre les m\u00e9ningites de nouveau \u00e9largie apr\u00e8s une flamb\u00e9e des cas"},"content":{"rendered":"<p>Un nombre de cas qui atteint un niveau sans pr\u00e9c\u00e9dent depuis 2010. Face \u00e0 la hausse <a href=\"https:\/\/lemans.maville.com\/actu\/actudet_-meningite-les-symptomes-qui-doivent-alerter-_52734-6714008_actu.Htm\" target=\"_self\" rel=\"noopener\">infections graves \u00e0 m\u00e9ningocoques<\/a>, le ministre de la Sant\u00e9, <a href=\"https:\/\/rennes.maville.com\/actu\/actudet_-le-ministre-de-la-sante-veut-declarer-la-guerre-a-la-desinformation-medicale-_54135-6770899_actu.Htm\" target=\"_self\" rel=\"noopener\">Yannick Neuder<\/a>, a d\u00e9cid\u00e9 d\u2019une <strong>\u00ab\u00a0intensification de la strat\u00e9gie vaccinale pour mieux prot\u00e9ger les populations les plus expos\u00e9es aux m\u00e9ningites\u00a0\u00bb,<\/strong> annonce le minist\u00e8re dans un communiqu\u00e9 publi\u00e9 jeudi 24\u00a0avril et relay\u00e9 par l\u2019AFP.<\/p>\n<p>Ces mesures sont prises alors que les infections \u00e0 m\u00e9ningocoques sont particuli\u00e8rement nombreuses. Ces bact\u00e9ries causent notamment les m\u00e9ningites les plus graves qui, m\u00eame soign\u00e9es, entra\u00eenent une mortalit\u00e9 \u00e9lev\u00e9e et un gros risque de s\u00e9quelles.<\/p>\n<p>Selon les derniers chiffres donn\u00e9s jeudi par Sant\u00e9 publique France, plus de 600\u00a0cas d\u2019infections \u00e0 m\u00e9ningocoques ont d\u00e9j\u00e0 \u00e9t\u00e9 recens\u00e9s depuis le d\u00e9but de l\u2019ann\u00e9e.\u00a0En 2024, ce sont 616\u00a0cas d\u2019infection invasive \u00e0 m\u00e9ningocoque (IIM) qui ont \u00e9t\u00e9 d\u00e9clar\u00e9s (+\u00a010\u00a0% par rapport \u00e0 2023), soit le nombre annuel de cas le plus \u00e9lev\u00e9 depuis 2010.<\/p>\n<p><strong>Lire aussi\u00a0:<\/strong> <a href=\"https:\/\/rennes.maville.com\/actu\/actudet_-rougeole-meningite-fievre-jaune...-l-onu-alerte-sur-la-hausse-de-plusieurs-maladies-evitables-_54135-6778560_actu.Htm\" target=\"_self\" rel=\"noopener\">Rougeole, m\u00e9ningite, fi\u00e8vre jaune\u2026 L\u2019ONU alerte sur la hausse de plusieurs maladies \u00ab\u00a0\u00e9vitables\u00a0\u00bb<\/a><\/p>\n<p>De nouvelles souches particuli\u00e8rement meurtri\u00e8res<\/p>\n<p>La hausse \u00e9tait d\u00e9j\u00e0 sensible depuis plusieurs ann\u00e9es, ce qui avait conduit les autorit\u00e9s sanitaires <a href=\"https:\/\/rennes.maville.com\/actu\/actudet_-flambee-des-meningites-un-nouvel-elargissement-de-la-vaccination-recommande-_52674-6723386_actu.Htm\" target=\"_self\" rel=\"noopener\">\u00e0 \u00e9largir la vaccination<\/a> pour r\u00e9pondre \u00e0 la mont\u00e9e en puissance de nouvelles souches\u00a0: A, Y et W, cette derni\u00e8re \u00e9tant particuli\u00e8rement meurtri\u00e8re.<\/p>\n<p>Elles ont quasiment supplant\u00e9 le m\u00e9ningocoque C, qui \u00e9tait cibl\u00e9 de mani\u00e8re unique par un vaccin. Toutefois, la souche B &#8211; cible d\u2019un autre vaccin &#8211; reste la plus r\u00e9pandue.<\/p>\n<p>Depuis janvier, les b\u00e9b\u00e9s de moins d\u2019un an devaient recevoir un vaccin ciblant A, C, W et Y &#8211; et non plus seulement C. Ce sera d\u00e9sormais obligatoire pour tous les moins de deux ans comme c\u2019est d\u00e9j\u00e0 le cas pour le vaccin B.<\/p>\n<p>Une campagne de rattrapage pour les 15-24 ans<\/p>\n<p>Le minist\u00e8re instaure aussi un rattrapage pour les b\u00e9b\u00e9s n\u2019ayant pas \u00e9t\u00e9 vaccin\u00e9s en temps voulu. Tous les moins de cinq ans concern\u00e9s devront recevoir les vaccins ACWY et B. D\u00e9j\u00e0 recommand\u00e9 chez tous les 11-14 ans, un rappel de ACWY donnera lieu \u00e0 une campagne dans les coll\u00e8ges, coupl\u00e9e \u00e0 celle en vigueur contre le papillomavirus (HPV).<\/p>\n<p>Enfin, une campagne de rattrapage &#8211; B et ACWY &#8211; va viser les 15-24 ans n\u2019\u00e9tant pas \u00e0 jour de leurs vaccins, sur le mod\u00e8le <a href=\"https:\/\/rennes.maville.com\/actu\/actudet_-cas-de-meningite-a-rennes-plus-de-44-000-injections-realisees-en-moins-d-un-mois-_7-6747106_actu.Htm\" target=\"_self\" rel=\"noopener\">de ce qui s\u2019est r\u00e9cemment fait \u00e0 Rennes (Ille-et-Vilaine)<\/a> apr\u00e8s la mort d\u2019une jeune patiente. Le vaccin contre les m\u00e9ningocoques B <a href=\"https:\/\/rennes.maville.com\/actu\/actudet_-meningite-le-vaccin-contre-les-meningocoques-b-devient-remboursable-pour-les-15-24-ans-_52674-6750870_actu.Htm\" target=\"_self\" rel=\"noopener\">est\u00a0devenu remboursable pour les 15-24 ans.<\/a><\/p>\n<p>Ces mesures s\u2019inscrivent largement dans la lign\u00e9e de recommandations r\u00e9centes de la Haute autorit\u00e9 de Sant\u00e9 (HAS). Mais elles vont un peu plus loin. La HAS ne recommandait en effet un rattrapage ACWY que jusqu\u2019\u00e0 trois ans. Et, concernant les 15-24 ans, elle ne recommandait pas forc\u00e9ment d\u2019inclure la souche B dans la campagne de rattrapage.<\/p>\n<p>\u00a0<\/p>\n","protected":false},"excerpt":{"rendered":"Un nombre de cas qui atteint un niveau sans pr\u00e9c\u00e9dent depuis 2010. Face \u00e0 la hausse infections graves&hellip;\n","protected":false},"author":2,"featured_media":50748,"comment_status":"","ping_status":"","sticky":false,"template":"","format":"standard","meta":{"footnotes":""},"categories":[2821],"tags":[1111,11,829,14362,14360,1777,674,14361,1011,27,14359,12,4565,584,25,148],"class_list":{"0":"post-50747","1":"post","2":"type-post","3":"status-publish","4":"format-standard","5":"has-post-thumbnail","7":"category-rennes","8":"tag-actu","9":"tag-actualites","10":"tag-bretagne","11":"tag-cas","12":"tag-elargie","13":"tag-eu","14":"tag-europe","15":"tag-flambee","16":"tag-fr","17":"tag-france","18":"tag-meningites","19":"tag-news","20":"tag-nouveau","21":"tag-rennes","22":"tag-republique-francaise","23":"tag-vaccination"},"share_on_mastodon":{"url":"https:\/\/pubeurope.com\/@fr\/114396431917502328","error":""},"_links":{"self":[{"href":"https:\/\/www.europesays.com\/fr\/wp-json\/wp\/v2\/posts\/50747","targetHints":{"allow":["GET"]}}],"collection":[{"href":"https:\/\/www.europesays.com\/fr\/wp-json\/wp\/v2\/posts"}],"about":[{"href":"https:\/\/www.europesays.com\/fr\/wp-json\/wp\/v2\/types\/post"}],"author":[{"embeddable":true,"href":"https:\/\/www.europesays.com\/fr\/wp-json\/wp\/v2\/users\/2"}],"replies":[{"embeddable":true,"href":"https:\/\/www.europesays.com\/fr\/wp-json\/wp\/v2\/comments?post=50747"}],"version-history":[{"count":0,"href":"https:\/\/www.europesays.com\/fr\/wp-json\/wp\/v2\/posts\/50747\/revisions"}],"wp:featuredmedia":[{"embeddable":true,"href":"https:\/\/www.europesays.com\/fr\/wp-json\/wp\/v2\/media\/50748"}],"wp:attachment":[{"href":"https:\/\/www.europesays.com\/fr\/wp-json\/wp\/v2\/media?parent=50747"}],"wp:term":[{"taxonomy":"category","embeddable":true,"href":"https:\/\/www.europesays.com\/fr\/wp-json\/wp\/v2\/categories?post=50747"},{"taxonomy":"post_tag","embeddable":true,"href":"https:\/\/www.europesays.com\/fr\/wp-json\/wp\/v2\/tags?post=50747"}],"curies":[{"name":"wp","href":"https:\/\/api.w.org\/{rel}","templated":true}]}}