{"id":507475,"date":"2025-11-02T20:54:09","date_gmt":"2025-11-02T20:54:09","guid":{"rendered":"https:\/\/www.europesays.com\/fr\/507475\/"},"modified":"2025-11-02T20:54:09","modified_gmt":"2025-11-02T20:54:09","slug":"israel-annonce-avoir-recu-les-depouilles-de-trois-otages-rendus-par-le-hamas","status":"publish","type":"post","link":"https:\/\/www.europesays.com\/fr\/507475\/","title":{"rendered":"Isra\u00ebl annonce avoir re\u00e7u les d\u00e9pouilles de trois otages rendus par le Hamas"},"content":{"rendered":"<p>\n    La branche militaire du Hamas avait annonc\u00e9 que \u00ables corps de trois soldats isra\u00e9liens captur\u00e9s, retrouv\u00e9s plus t\u00f4t dans la journ\u00e9e sur le trac\u00e9 de l\u2019un des tunnels du sud de la bande de Gaza\u00bb seraient remis \u00e0 19 heures.<\/p>\n<p class=\"fig-paragraph\">Isra\u00ebl a annonc\u00e9 dimanche soir avoir re\u00e7u les d\u00e9pouilles de trois otages qui lui ont \u00e9t\u00e9 remises par la Croix-Rouge, dans le cadre de l\u2019accord de cessez-le-feu entre Isra\u00ebl et le Hamas qui pr\u00e9voit des \u00e9changes de d\u00e9pouilles. Malgr\u00e9 plusieurs moments de tension,\u00a0<a href=\"http:\/\/www.lefigaro.fr\/international\/a-gaza-le-fragile-cessez-le-feu-reprend-apres-une-nuit-de-bombardements-israeliens-20251029\" target=\"_blank\" data-fig-type=\"Article\" rel=\"noopener nofollow\" data-gtm-custom-categorie=\"navigation\" data-gtm-custom-action=\"crossclick\" data-gtm-custom-label=\"Contextuel\" data-gtm-event=\"customEventSPE\" data-fig-domain=\"LEFIGARO\">une tr\u00eave fragile tient \u00e0 Gaza depuis le 10 octobre<\/a>, dans le cadre d\u2019un accord n\u00e9goci\u00e9 par les \u00c9tats-Unis, visant au retour de tous les otages enlev\u00e9s en Isra\u00ebl, vivants ou morts.<\/p>\n<p class=\"fig-paragraph\">Depuis le d\u00e9but de la tr\u00eave, le Hamas a lib\u00e9r\u00e9 20 otages survivants et a commenc\u00e9 \u00e0 restituer les d\u00e9pouilles de ceux qui ont \u00e9t\u00e9 tu\u00e9s. Sur 28 corps concern\u00e9s, 17 ont \u00e9t\u00e9 rendus avant dimanche soir dont 15 Isra\u00e9liens, un Tha\u00eflandais et un N\u00e9palais. Les trois nouveaux corps rendus dimanche soir doivent encore \u00eatre identifi\u00e9s par l\u2019Institut national de m\u00e9decine l\u00e9gale.<\/p>\n<p>                                    <a class=\"fig-a11y-skip a11y-hidden\" href=\"#fig-a11y-skip-main-inarticle\"><br \/>\n        Passer la publicit\u00e9<br \/>\n    <\/a><\/p>\n<p class=\"fig-paragraph\">Les Brigades Ezzedine al-Qassam avaient affirm\u00e9 plus t\u00f4t que \u00ables corps de trois soldats isra\u00e9liens captur\u00e9s, retrouv\u00e9s dans la journ\u00e9e sur le trac\u00e9 de l\u2019un des tunnels du sud de la bande de Gaza\u00bb seront remis dans le cadre de l\u2019accord d\u2019\u00e9change de \u00abprisonniers\u00bb.<\/p>\n<p>Onze corps d\u2019otages restants<\/p>\n<p class=\"fig-paragraph\">Isra\u00ebl a accus\u00e9 le Hamas de ralentir le processus de restitution des corps, tandis que l\u2019organisation islamiste affirme que la lenteur s\u2019explique par le fait que de nombreuses d\u00e9pouilles sont enfouies sous les d\u00e9combres de Gaza. Le Hamas a \u00e0 plusieurs reprises appel\u00e9 les m\u00e9diateurs et la Croix-Rouge \u00e0 lui fournir le mat\u00e9riel et le personnel n\u00e9cessaires pour retrouver les corps. Le porte-parole du Hamas, Hazem Qassem, a d\u00e9clar\u00e9 dimanche que la remise des restes de trois otages dimanche montrait que son organisation \u00abfaisait tout son possible pour rendre les corps aussi rapidement que possible\u00bb.<\/p>\n<p class=\"fig-paragraph\">De son c\u00f4t\u00e9, le Forum des familles d\u2019otages a appel\u00e9 dimanche le premier ministre isra\u00e9lien Benyamin Netanyahou \u00e0 redoubler d\u2019efforts pour rapatrier les d\u00e9pouilles des captifs encore port\u00e9s disparus. En plus des 17 corps d\u2019otages rendus, le Hamas a \u00e9galement remis des restes partiels d\u2019un otage dont le corps avait d\u00e9j\u00e0 \u00e9t\u00e9 r\u00e9cup\u00e9r\u00e9 l\u2019an dernier par l\u2019arm\u00e9e isra\u00e9lienne. Cet incident a suscit\u00e9 l\u2019indignation en Isra\u00ebl, qui a accus\u00e9 le Hamas d\u2019avoir viol\u00e9 l\u2019accord de cessez-le-feu en restituant seulement des restes partiels au lieu du corps complet de cet otage. \u00abNous appelons au retour des 11 otages d\u00e9c\u00e9d\u00e9s qui n\u2019ont toujours pas \u00e9t\u00e9 ramen\u00e9s sur la terre d\u2019Isra\u00ebl\u00bb, a d\u00e9clar\u00e9 lors de fun\u00e9railles Inbal Bachar, la tante de Sahar Baruch, dont les restes ont \u00e9t\u00e9 remis plus t\u00f4t cette semaine \u00e0 Isra\u00ebl.<\/p>\n<p class=\"fig-paragraph\">\u00c0 Gaza, les Palestiniens esp\u00e8rent qu\u2019un retrait militaire isra\u00e9lien suivra la tr\u00eave et mettra fin \u00e0 leur calvaire. \u00abNous voulons que la deuxi\u00e8me phase de l\u2019accord commence afin que nous puissions rentrer chez nous\u00bb, a d\u00e9clar\u00e9 Na\u00eff al-Sulaibi, un habitant de Jabalia, dans le nord de Gaza. La mise en \u0153uvre de la deuxi\u00e8me phase du plan de cessez-le-feu du pr\u00e9sident am\u00e9ricain Donald Trump n\u2019a pas encore \u00e9t\u00e9 approuv\u00e9e, notamment en ce qui concerne le d\u00e9sarmement du Hamas, l\u2019\u00e9tablissement d\u2019une autorit\u00e9 transitoire et le d\u00e9ploiement d\u2019une force internationale de stabilisation \u00e0 Gaza.<\/p>\n","protected":false},"excerpt":{"rendered":"La branche militaire du Hamas avait annonc\u00e9 que \u00ables corps de trois soldats isra\u00e9liens captur\u00e9s, retrouv\u00e9s plus t\u00f4t&hellip;\n","protected":false},"author":2,"featured_media":507476,"comment_status":"","ping_status":"","sticky":false,"template":"","format":"standard","meta":{"footnotes":""},"categories":[5],"tags":[11,1011,27,665,14,12,19141,28],"class_list":{"0":"post-507475","1":"post","2":"type-post","3":"status-publish","4":"format-standard","5":"has-post-thumbnail","7":"category-international","8":"tag-actualites","9":"tag-fr","10":"tag-france","11":"tag-gaza","12":"tag-international","13":"tag-news","14":"tag-otages","15":"tag-world"},"share_on_mastodon":{"url":"https:\/\/pubeurope.com\/@fr\/115482097324888713","error":""},"_links":{"self":[{"href":"https:\/\/www.europesays.com\/fr\/wp-json\/wp\/v2\/posts\/507475","targetHints":{"allow":["GET"]}}],"collection":[{"href":"https:\/\/www.europesays.com\/fr\/wp-json\/wp\/v2\/posts"}],"about":[{"href":"https:\/\/www.europesays.com\/fr\/wp-json\/wp\/v2\/types\/post"}],"author":[{"embeddable":true,"href":"https:\/\/www.europesays.com\/fr\/wp-json\/wp\/v2\/users\/2"}],"replies":[{"embeddable":true,"href":"https:\/\/www.europesays.com\/fr\/wp-json\/wp\/v2\/comments?post=507475"}],"version-history":[{"count":0,"href":"https:\/\/www.europesays.com\/fr\/wp-json\/wp\/v2\/posts\/507475\/revisions"}],"wp:featuredmedia":[{"embeddable":true,"href":"https:\/\/www.europesays.com\/fr\/wp-json\/wp\/v2\/media\/507476"}],"wp:attachment":[{"href":"https:\/\/www.europesays.com\/fr\/wp-json\/wp\/v2\/media?parent=507475"}],"wp:term":[{"taxonomy":"category","embeddable":true,"href":"https:\/\/www.europesays.com\/fr\/wp-json\/wp\/v2\/categories?post=507475"},{"taxonomy":"post_tag","embeddable":true,"href":"https:\/\/www.europesays.com\/fr\/wp-json\/wp\/v2\/tags?post=507475"}],"curies":[{"name":"wp","href":"https:\/\/api.w.org\/{rel}","templated":true}]}}