{"id":507477,"date":"2025-11-02T20:55:11","date_gmt":"2025-11-02T20:55:11","guid":{"rendered":"https:\/\/www.europesays.com\/fr\/507477\/"},"modified":"2025-11-02T20:55:11","modified_gmt":"2025-11-02T20:55:11","slug":"jordan-bardella-classe-ses-adversaires-politiques","status":"publish","type":"post","link":"https:\/\/www.europesays.com\/fr\/507477\/","title":{"rendered":"Jordan Bardella classe ses adversaires politiques"},"content":{"rendered":"<p>\n    Le pr\u00e9sident du Rassemblement national a \u00e9t\u00e9 invit\u00e9 sur LCI \u00e0 donner les grandes qualit\u00e9s de ses adversaires politiques, mais aussi les noms des personnages c\u00e9l\u00e8bres qui \u00abont fait la France\u00bb et l\u2019ont \u00abinspir\u00e9\u00bb.<\/p>\n<p class=\"fig-paragraph\">Sur LCI ce dimanche 2 novembre au soir, le journaliste Darius Rochebin a propos\u00e9 un \u00abexercice pratique\u00bb \u00e0 son invit\u00e9,\u00a0<a href=\"http:\/\/www.lefigaro.fr\/politique\/guillaume-tabard-la-bonne-semaine-de-jordan-bardella-20251102\" target=\"_blank\" data-fig-type=\"Article\" rel=\"noopener nofollow\" data-gtm-custom-categorie=\"navigation\" data-gtm-custom-action=\"crossclick\" data-gtm-custom-label=\"Contextuel\" data-gtm-event=\"customEventSPE\" data-fig-domain=\"LEFIGARO\">le pr\u00e9sident du Rassemblement national Jordan Bardella<\/a>\u00a0: donner les grandes qualit\u00e9s de ses adversaires politiques. Ainsi, l\u2019opposant le plus \u00abintelligent\u00bb du patron du RN est\u00a0<a href=\"http:\/\/www.lefigaro.fr\/vox\/politique\/francois-xavier-bellamy-si-j-etais-depute-a-l-assemblee-nationale-je-voterais-pour-la-censure-du-gouvernement-20251014\" target=\"_blank\" data-fig-type=\"Article\" rel=\"noopener nofollow\" data-gtm-custom-categorie=\"navigation\" data-gtm-custom-action=\"crossclick\" data-gtm-custom-label=\"Contextuel\" data-gtm-event=\"customEventSPE\" data-fig-domain=\"LEFIGARO\">Fran\u00e7ois-Xavier Bellamy<\/a>, eurod\u00e9put\u00e9 issu des R\u00e9publicains. \u00abLe plus \u00e9loquent\u00bb\u00a0? \u00ab<a href=\"http:\/\/www.lefigaro.fr\/politique\/presidentielle-bataille-culturelle-les-ambitions-intactes-de-jean-luc-melenchon-20251016\" target=\"_blank\" data-fig-type=\"Article\" rel=\"noopener nofollow\" data-gtm-custom-categorie=\"navigation\" data-gtm-custom-action=\"crossclick\" data-gtm-custom-label=\"Contextuel\" data-gtm-event=\"customEventSPE\" data-fig-domain=\"LEFIGARO\">M\u00e9lenchon<\/a> \u00bb, r\u00e9pond-il sans h\u00e9sitation. \u00abVous voyez, je sais reconna\u00eetre des qualit\u00e9s \u00e0 mes adversaires, ajoute-t-il en souriant. Je combattrai jusqu\u2019\u00e0 mon dernier souffle les id\u00e9es de La France insoumise, mais M\u00e9lenchon a des qualit\u00e9s oratoires, et il s\u2019en sert pour r\u00e9\u00e9crire un peu \u00e0 sa sauce l\u2019Histoire de France\u00bb.<\/p>\n<p class=\"fig-paragraph\">Le \u00abplus habile\u00bb des adversaires politiques de Jordan Bardella se nomme\u00a0<a href=\"http:\/\/www.lefigaro.fr\/actualite-france\/apres-la-plainte-contre-gerald-darmanin-la-guerre-de-communication-est-engagee-dans-la-magistrature-20251031\" target=\"_blank\" data-fig-type=\"Article\" rel=\"noopener nofollow\" data-gtm-custom-categorie=\"navigation\" data-gtm-custom-action=\"crossclick\" data-gtm-custom-label=\"Contextuel\" data-gtm-event=\"customEventSPE\" data-fig-domain=\"LEFIGARO\">G\u00e9rald Darmanin<\/a>, ministre de la Justice des gouvernements Bayrou et Lecornu. \u00abIl a r\u00e9ussi \u00e0 survivre \u00e0 l\u2019int\u00e9gralit\u00e9 des gouvernements depuis 2017, je ne sais pas comment il fait\u00bb, ironise le chef du RN. \u00ab\u00c7a doit demander une habilit\u00e9 et une souplesse intellectuelle que je crois ne pas avoir\u00bb. Quant au \u00abplus sympathique\u00bb, Jordan Bardella h\u00e9site longuement. \u00abJoker\u00bb, tente-t-il, puis \u00abJacques Chirac\u00bb. Devant l\u2019insistance de Darius Rochebin, il finit par citer l\u2019ancien premier ministre\u00a0<a href=\"http:\/\/www.lefigaro.fr\/politique\/guillaume-tabard-edouard-philippe-vs-emmanuel-macron-une-faute-ou-une-chance-20251017\" target=\"_blank\" data-fig-type=\"Article\" rel=\"noopener nofollow\" data-gtm-custom-categorie=\"navigation\" data-gtm-custom-action=\"crossclick\" data-gtm-custom-label=\"Contextuel\" data-gtm-event=\"customEventSPE\" data-fig-domain=\"LEFIGARO\">Edouard Philippe<\/a>, l\u2019un des adversaires principaux du RN lors de la prochaine pr\u00e9sidentielle. \u00abIl n\u2019est pas humainement d\u00e9sagr\u00e9able\u00bb.<\/p>\n<p>                                    <a class=\"fig-a11y-skip a11y-hidden\" href=\"#fig-a11y-skip-main-inarticle\"><br \/>\n        Passer la publicit\u00e9<br \/>\n    <\/a><\/p>\n<p class=\"fig-paragraph\">Le pr\u00e9sident du parti \u00e0 la flamme a aussi \u00e9t\u00e9 invit\u00e9 \u00e0 citer les personnages c\u00e9l\u00e8bres qui \u00abont fait la France\u00bb et qui \u00abl\u2019inspirent\u00bb. \u00abLa France est riche de grands personnages\u00bb, a soulign\u00e9 Jordan Bardella, nommant le g\u00e9n\u00e9ral de Gaulle \u00abpour la grandeur\u00bb, mais aussi Richelieu \u00abpour le sens de l\u2019\u00c9tat\u00bb et Napol\u00e9on, \u00abpour la volont\u00e9, l\u2019\u00e9nergie, et surtout l\u2019h\u00e9ritage qu\u2019il nous l\u00e8gue\u00bb. \u00c0 titre plus personnel, il avoue avoir \u00abbeaucoup d\u2019admiration et de fascination pour Chateaubriand, compte tenu du fait qu\u2019il a sans doute produit le plus grand chef-d\u2019\u0153uvre de la litt\u00e9rature fran\u00e7aise avec Les m\u00e9moires d\u2019outre-tombe\u00bb.<\/p>\n","protected":false},"excerpt":{"rendered":"Le pr\u00e9sident du Rassemblement national a \u00e9t\u00e9 invit\u00e9 sur LCI \u00e0 donner les grandes qualit\u00e9s de ses adversaires&hellip;\n","protected":false},"author":2,"featured_media":507478,"comment_status":"","ping_status":"","sticky":false,"template":"","format":"standard","meta":{"footnotes":""},"categories":[4],"tags":[11,1011,27,1077,12,25],"class_list":{"0":"post-507477","1":"post","2":"type-post","3":"status-publish","4":"format-standard","5":"has-post-thumbnail","7":"category-france","8":"tag-actualites","9":"tag-fr","10":"tag-france","11":"tag-jordan-bardella","12":"tag-news","13":"tag-republique-francaise"},"share_on_mastodon":{"url":"https:\/\/pubeurope.com\/@fr\/115482101305725190","error":""},"_links":{"self":[{"href":"https:\/\/www.europesays.com\/fr\/wp-json\/wp\/v2\/posts\/507477","targetHints":{"allow":["GET"]}}],"collection":[{"href":"https:\/\/www.europesays.com\/fr\/wp-json\/wp\/v2\/posts"}],"about":[{"href":"https:\/\/www.europesays.com\/fr\/wp-json\/wp\/v2\/types\/post"}],"author":[{"embeddable":true,"href":"https:\/\/www.europesays.com\/fr\/wp-json\/wp\/v2\/users\/2"}],"replies":[{"embeddable":true,"href":"https:\/\/www.europesays.com\/fr\/wp-json\/wp\/v2\/comments?post=507477"}],"version-history":[{"count":0,"href":"https:\/\/www.europesays.com\/fr\/wp-json\/wp\/v2\/posts\/507477\/revisions"}],"wp:featuredmedia":[{"embeddable":true,"href":"https:\/\/www.europesays.com\/fr\/wp-json\/wp\/v2\/media\/507478"}],"wp:attachment":[{"href":"https:\/\/www.europesays.com\/fr\/wp-json\/wp\/v2\/media?parent=507477"}],"wp:term":[{"taxonomy":"category","embeddable":true,"href":"https:\/\/www.europesays.com\/fr\/wp-json\/wp\/v2\/categories?post=507477"},{"taxonomy":"post_tag","embeddable":true,"href":"https:\/\/www.europesays.com\/fr\/wp-json\/wp\/v2\/tags?post=507477"}],"curies":[{"name":"wp","href":"https:\/\/api.w.org\/{rel}","templated":true}]}}