{"id":507492,"date":"2025-11-02T21:04:19","date_gmt":"2025-11-02T21:04:19","guid":{"rendered":"https:\/\/www.europesays.com\/fr\/507492\/"},"modified":"2025-11-02T21:04:19","modified_gmt":"2025-11-02T21:04:19","slug":"les-pompiers-et-la-police-avenue-de-toulouse-la-circulation-perturbee","status":"publish","type":"post","link":"https:\/\/www.europesays.com\/fr\/507492\/","title":{"rendered":"les pompiers et la police avenue de Toulouse, la circulation perturb\u00e9e"},"content":{"rendered":"<p>            Par<br \/>\n        <strong><br \/>\n            <a href=\"https:\/\/actu.fr\/auteur\/jm-aubert\" title=\"Consulter tous les articles de Jean-Marc Aubert\" rel=\"nofollow noopener\" target=\"_blank\">Jean-Marc Aubert<\/a><br \/>\n        <\/strong><\/p>\n<p>        Publi\u00e9 le<\/p>\n<p>            2 nov. 2025 \u00e0 20h22<br \/>\n        ; mis \u00e0 jour le 2 nov. 2025 \u00e0 20h26    <\/p>\n<p>Une agitation qui ne passe pas inaper\u00e7u : ce dimanche 2 novembre 2025, \u00e0 19h15, d\u2019importants moyens de <strong>pompiers<\/strong> et de<strong> policiers<\/strong> ont investi l\u2019avenue de Toulouse, \u00e0 <strong>Montpellier<\/strong>, o\u00f9 la circulation est perturb\u00e9e. Un d\u00e9but d\u2019incendie est signal\u00e9.<\/p>\n<p>    <a href=\"https:\/\/www.google.com\/maps\/embed?pb=!1m18!1m12!1m3!1d8005.110833913698!2d3.8559319138816144!3d43.591899459848854!2m3!1f0!2f0!3f0!3m2!1i1024!2i768!4f13.1!3m3!1m2!1s0x12b6ae4b90cba133%3A0xad45de9baff1f40e!2sAv.%20de%20Toulouse%2C%2034070%20Montpellier!5e0!3m2!1sfr!2sfr!4v1762111193065!5m2!1sfr!2sfr\" title=\"Ouvrie le lien\" rel=\"nofollow noopener\" target=\"_blank\">Cliquez ici pour visualiser le contenu<\/a><\/p>\n<p class=\" wall-content\">Que s\u2019est-il pass\u00e9 sur l\u2019avenue de Toulouse, eau niveau du parc Montcalm ? Des v\u00e9hicules du Sdis 34 et des patrouilles de police -nationale et municipale- \u00e9taient engag\u00e9s depuis 19h15, pour un d\u00e9but d\u2019incendie qui n\u2019aurait finalement pas provoqu\u00e9 de gros d\u00e9g\u00e2ts. Un d\u00e9gagement de fum\u00e9e \u00e9tait visible par les riverains et les t\u00e9moins.<\/p>\n<p class=\" wall-content\">Au milieu des gyrophares des engins de pompiers et des voitures de police, un bus \u00e9tait immobilis\u00e9, avec une des roues d\u00e9truites et qui \u00e9taient remplac\u00e9es par le conducteur, tandis que les usagers attendaient sur le trottoir. Munis de torches, pompiers et policiers effectuaient des reconnaissances dans une habitation mitoyenne, avec notamment l\u2019appui \u00e9galement d\u2019une <strong>grande \u00e9chelle pivotante automatique<\/strong> et un fourgon pompe-tonne.<\/p>\n<p class=\" wall-content\">Une circulation altern\u00e9e a \u00e9t\u00e9 mise en place, avec des plots lumineux pour r\u00e9guler le trafic routier. La situation devrait redevez normale rapidement.<\/p>\n<p class=\" wall-content\">Personnalisez votre actualit\u00e9 en ajoutant vos villes et m\u00e9dias en favori avec <a href=\"https:\/\/moncompte.actu.fr\" title=\"D\u00e9couvez Mon Actu\" rel=\"nofollow noopener\" data-trk=\"{&quot;cta&quot;:{&quot;action&quot;:&quot;https:\\\/\\\/moncompte.actu.fr&quot;,&quot;category&quot;:&quot;mon compte&quot;,&quot;from&quot;:&quot;article footer&quot;,&quot;name&quot;:&quot;Mon actu&quot;,&quot;type&quot;:&quot;cta&quot;}}\" target=\"_blank\">Mon Actu<\/a>.<\/p>\n","protected":false},"excerpt":{"rendered":"Par Jean-Marc Aubert Publi\u00e9 le 2 nov. 2025 \u00e0 20h22 ; mis \u00e0 jour le 2 nov. 2025&hellip;\n","protected":false},"author":2,"featured_media":507493,"comment_status":"","ping_status":"","sticky":false,"template":"","format":"standard","meta":{"footnotes":""},"categories":[9599],"tags":[1111,11,1777,674,118,1011,27,2208,12,2680,1072,1311,25],"class_list":{"0":"post-507492","1":"post","2":"type-post","3":"status-publish","4":"format-standard","5":"has-post-thumbnail","7":"category-montpellier","8":"tag-actu","9":"tag-actualites","10":"tag-eu","11":"tag-europe","12":"tag-faits-divers","13":"tag-fr","14":"tag-france","15":"tag-montpellier","16":"tag-news","17":"tag-occitanie","18":"tag-police","19":"tag-pompiers","20":"tag-republique-francaise"},"share_on_mastodon":{"url":"https:\/\/pubeurope.com\/@fr\/115482136726448905","error":""},"_links":{"self":[{"href":"https:\/\/www.europesays.com\/fr\/wp-json\/wp\/v2\/posts\/507492","targetHints":{"allow":["GET"]}}],"collection":[{"href":"https:\/\/www.europesays.com\/fr\/wp-json\/wp\/v2\/posts"}],"about":[{"href":"https:\/\/www.europesays.com\/fr\/wp-json\/wp\/v2\/types\/post"}],"author":[{"embeddable":true,"href":"https:\/\/www.europesays.com\/fr\/wp-json\/wp\/v2\/users\/2"}],"replies":[{"embeddable":true,"href":"https:\/\/www.europesays.com\/fr\/wp-json\/wp\/v2\/comments?post=507492"}],"version-history":[{"count":0,"href":"https:\/\/www.europesays.com\/fr\/wp-json\/wp\/v2\/posts\/507492\/revisions"}],"wp:featuredmedia":[{"embeddable":true,"href":"https:\/\/www.europesays.com\/fr\/wp-json\/wp\/v2\/media\/507493"}],"wp:attachment":[{"href":"https:\/\/www.europesays.com\/fr\/wp-json\/wp\/v2\/media?parent=507492"}],"wp:term":[{"taxonomy":"category","embeddable":true,"href":"https:\/\/www.europesays.com\/fr\/wp-json\/wp\/v2\/categories?post=507492"},{"taxonomy":"post_tag","embeddable":true,"href":"https:\/\/www.europesays.com\/fr\/wp-json\/wp\/v2\/tags?post=507492"}],"curies":[{"name":"wp","href":"https:\/\/api.w.org\/{rel}","templated":true}]}}