{"id":507500,"date":"2025-11-02T21:11:10","date_gmt":"2025-11-02T21:11:10","guid":{"rendered":"https:\/\/www.europesays.com\/fr\/507500\/"},"modified":"2025-11-02T21:11:10","modified_gmt":"2025-11-02T21:11:10","slug":"un-bebe-enleve-par-son-pere","status":"publish","type":"post","link":"https:\/\/www.europesays.com\/fr\/507500\/","title":{"rendered":"un b\u00e9b\u00e9 enlev\u00e9 par son p\u00e8re"},"content":{"rendered":"<p itemprop=\"description\"><strong>Ce dimanche apr\u00e8s-midi, la police grenobloise a \u00e9t\u00e9 appel\u00e9e \u00e0 l&rsquo;aide par une femme.<\/strong><\/p>\n<p>Cette ressortissante \u00e9trang\u00e8re dont la nationalit\u00e9 n&rsquo;a pas filtr\u00e9, install\u00e9e \u00e0 Grenoble depuis quelques semaines, a expliqu\u00e9 que son mari venait d&rsquo;enlever le gar\u00e7on \u00e2g\u00e9 de quelques mois.<\/p>\n<p>Selon le Dauphin\u00e9 Lib\u00e9r\u00e9, les faits seraient survenus dans un contexte de s\u00e9paration imminente pour le couple.<\/p>\n<p>Le dispositif Alerte Enl\u00e8vement n&rsquo;a pas \u00e9t\u00e9 d\u00e9clench\u00e9, car les autorit\u00e9s estiment que le p\u00e8re n&rsquo;a pas l&rsquo;intention de faire du mal au b\u00e9b\u00e9. Par ailleurs, les policiers sont dans l&rsquo;attente d&rsquo;un retour de leurs homologues du pays du couple pour savoir s&rsquo;il dispose ou non de l&rsquo;autorit\u00e9 parentale.<\/p>\n<p>Le gar\u00e7on et son p\u00e8re restent toutefois activement recherch\u00e9s, notamment sur les grands axes pouvant mener aux fronti\u00e8res.\u00a0<\/p>\n","protected":false},"excerpt":{"rendered":"Ce dimanche apr\u00e8s-midi, la police grenobloise a \u00e9t\u00e9 appel\u00e9e \u00e0 l&rsquo;aide par une femme. Cette ressortissante \u00e9trang\u00e8re dont&hellip;\n","protected":false},"author":2,"featured_media":507501,"comment_status":"","ping_status":"","sticky":false,"template":"","format":"standard","meta":{"footnotes":""},"categories":[9566],"tags":[1111,11,7733,8279,2430,7736,650,7734,2889,2263,1777,674,1011,27,2731,8280,6417,1114,108,4662,12,3725,1825,25,7737],"class_list":{"0":"post-507500","1":"post","2":"type-post","3":"status-publish","4":"format-standard","5":"has-post-thumbnail","7":"category-grenoble","8":"tag-actu","9":"tag-actualites","10":"tag-alpes","11":"tag-alpes1","12":"tag-auvergne-rhone-alpes","13":"tag-cds","14":"tag-cinema","15":"tag-ecoute","16":"tag-emission","17":"tag-equipe","18":"tag-eu","19":"tag-europe","20":"tag-fr","21":"tag-france","22":"tag-grenoble","23":"tag-haute","24":"tag-information","25":"tag-infos","26":"tag-isere","27":"tag-journal","28":"tag-news","29":"tag-podcast","30":"tag-radio","31":"tag-republique-francaise","32":"tag-winamp"},"share_on_mastodon":{"url":"https:\/\/pubeurope.com\/@fr\/115482164128312447","error":""},"_links":{"self":[{"href":"https:\/\/www.europesays.com\/fr\/wp-json\/wp\/v2\/posts\/507500","targetHints":{"allow":["GET"]}}],"collection":[{"href":"https:\/\/www.europesays.com\/fr\/wp-json\/wp\/v2\/posts"}],"about":[{"href":"https:\/\/www.europesays.com\/fr\/wp-json\/wp\/v2\/types\/post"}],"author":[{"embeddable":true,"href":"https:\/\/www.europesays.com\/fr\/wp-json\/wp\/v2\/users\/2"}],"replies":[{"embeddable":true,"href":"https:\/\/www.europesays.com\/fr\/wp-json\/wp\/v2\/comments?post=507500"}],"version-history":[{"count":0,"href":"https:\/\/www.europesays.com\/fr\/wp-json\/wp\/v2\/posts\/507500\/revisions"}],"wp:featuredmedia":[{"embeddable":true,"href":"https:\/\/www.europesays.com\/fr\/wp-json\/wp\/v2\/media\/507501"}],"wp:attachment":[{"href":"https:\/\/www.europesays.com\/fr\/wp-json\/wp\/v2\/media?parent=507500"}],"wp:term":[{"taxonomy":"category","embeddable":true,"href":"https:\/\/www.europesays.com\/fr\/wp-json\/wp\/v2\/categories?post=507500"},{"taxonomy":"post_tag","embeddable":true,"href":"https:\/\/www.europesays.com\/fr\/wp-json\/wp\/v2\/tags?post=507500"}],"curies":[{"name":"wp","href":"https:\/\/api.w.org\/{rel}","templated":true}]}}