{"id":507502,"date":"2025-11-02T21:13:13","date_gmt":"2025-11-02T21:13:13","guid":{"rendered":"https:\/\/www.europesays.com\/fr\/507502\/"},"modified":"2025-11-02T21:13:13","modified_gmt":"2025-11-02T21:13:13","slug":"ligue-1-cauchemar-au-roazhon-park-pour-le-racing-corrige-par-rennes-4-1","status":"publish","type":"post","link":"https:\/\/www.europesays.com\/fr\/507502\/","title":{"rendered":"Ligue 1. Cauchemar au Roazhon Park pour le Racing, corrig\u00e9 par Rennes (4-1)"},"content":{"rendered":"<p>Il n\u2019y a pas la mer \u00e0 Rennes, juste la Vilaine qui traverse la capitale bretonne, mais le Racing a r\u00e9ussi \u00e0 s\u2019y noyer comme en plein oc\u00e9an. Les hommes de <a href=\"https:\/\/www.dna.fr\/p\/liam-rosenior\" target=\"_blank\" rel=\"noopener\">Liam Rosenior<\/a> ont v\u00e9cu un naufrage ce dimanche apr\u00e8s-midi sur la pelouse du Roazhon.<\/p>\n<p>Apr\u00e8s une entame de match pourtant int\u00e9ressante, o\u00f9 Samuel Amo-Ameyaw n\u2019est pas loin de trouver le chemin des filets de <a href=\"https:\/\/www.dna.fr\/p\/brice-samba\" target=\"_blank\" rel=\"noopener\">Brice Samba<\/a> (8e ), ils ont perdu pied d\u00e9fensivement au fil des minutes. Et il a suffi pour cela que le Stade rennais ouvre le score sur sa premi\u00e8re occasion une minute plus tard.<\/p>\n<p>Les Strasbourgeois ont l\u2019une ou l\u2019autre circonstance att\u00e9nuante, dont le forfait de derni\u00e8re minute de <a href=\"https:\/\/www.dna.fr\/p\/mamadou-sarr-footballeur-francais\" target=\"_blank\" rel=\"noopener\">Mamadou Sarr<\/a>. Fi\u00e9vreux, le vice-capitaine a d\u00fb renoncer alors qu\u2019il avait pourtant sembl\u00e9 bien dans ses pompes la veille en conf\u00e9rence d\u2019avant-match.<\/p>\n<p>\u00ab\u00a0Rennes a \u00e9t\u00e9 meilleur que nous et plus clinique dans les deux surfaces\u00a0\u00bb<\/p>\n<p>Touch\u00e9 samedi en fin d\u2019entra\u00eenement, Andrew Omobamidele n\u2019a pas fait le d\u00e9placement \u00e0 Rennes, pas plus qu\u2019<a href=\"https:\/\/www.dna.fr\/p\/ismael-doukoure\" target=\"_blank\" rel=\"noopener\">Isma\u00ebl Doukour\u00e9<\/a> qui purgeait le&#8230;<\/p>\n","protected":false},"excerpt":{"rendered":"Il n\u2019y a pas la mer \u00e0 Rennes, juste la Vilaine qui traverse la capitale bretonne, mais le&hellip;\n","protected":false},"author":2,"featured_media":507503,"comment_status":"","ping_status":"","sticky":false,"template":"","format":"standard","meta":{"footnotes":""},"categories":[2821],"tags":[1111,11,829,2880,1777,674,107,63,1011,27,12,41281,584,25,517,640,2879],"class_list":{"0":"post-507502","1":"post","2":"type-post","3":"status-publish","4":"format-standard","5":"has-post-thumbnail","7":"category-rennes","8":"tag-actu","9":"tag-actualites","10":"tag-bretagne","11":"tag-edition-strasbourg","12":"tag-eu","13":"tag-europe","14":"tag-fil-info","15":"tag-football","16":"tag-fr","17":"tag-france","18":"tag-news","19":"tag-racing-club-strasbourg-masculin","20":"tag-rennes","21":"tag-republique-francaise","22":"tag-sport","23":"tag-strasbourg","24":"tag-strasbourg-ville"},"share_on_mastodon":{"url":"https:\/\/pubeurope.com\/@fr\/115482172632189342","error":""},"_links":{"self":[{"href":"https:\/\/www.europesays.com\/fr\/wp-json\/wp\/v2\/posts\/507502","targetHints":{"allow":["GET"]}}],"collection":[{"href":"https:\/\/www.europesays.com\/fr\/wp-json\/wp\/v2\/posts"}],"about":[{"href":"https:\/\/www.europesays.com\/fr\/wp-json\/wp\/v2\/types\/post"}],"author":[{"embeddable":true,"href":"https:\/\/www.europesays.com\/fr\/wp-json\/wp\/v2\/users\/2"}],"replies":[{"embeddable":true,"href":"https:\/\/www.europesays.com\/fr\/wp-json\/wp\/v2\/comments?post=507502"}],"version-history":[{"count":0,"href":"https:\/\/www.europesays.com\/fr\/wp-json\/wp\/v2\/posts\/507502\/revisions"}],"wp:featuredmedia":[{"embeddable":true,"href":"https:\/\/www.europesays.com\/fr\/wp-json\/wp\/v2\/media\/507503"}],"wp:attachment":[{"href":"https:\/\/www.europesays.com\/fr\/wp-json\/wp\/v2\/media?parent=507502"}],"wp:term":[{"taxonomy":"category","embeddable":true,"href":"https:\/\/www.europesays.com\/fr\/wp-json\/wp\/v2\/categories?post=507502"},{"taxonomy":"post_tag","embeddable":true,"href":"https:\/\/www.europesays.com\/fr\/wp-json\/wp\/v2\/tags?post=507502"}],"curies":[{"name":"wp","href":"https:\/\/api.w.org\/{rel}","templated":true}]}}