{"id":507504,"date":"2025-11-02T21:14:47","date_gmt":"2025-11-02T21:14:47","guid":{"rendered":"https:\/\/www.europesays.com\/fr\/507504\/"},"modified":"2025-11-02T21:14:47","modified_gmt":"2025-11-02T21:14:47","slug":"on-a-pose-la-question-a-5-etudiantes-strasbourgeoises","status":"publish","type":"post","link":"https:\/\/www.europesays.com\/fr\/507504\/","title":{"rendered":"on a pos\u00e9 la question \u00e0 5 \u00e9tudiant(e)s strasbourgeois(es)"},"content":{"rendered":"<p><strong>L\u2019automne est bien install\u00e9 et le grand sapin du march\u00e9 de No\u00ebl tr\u00f4ne d\u00e9j\u00e0 sur la place Kl\u00e9ber. Pas de doute, la rentr\u00e9e universitaire est d\u00e9j\u00e0 loin. Pourtant, c\u2019est toute l\u2019ann\u00e9e que les \u00e9tudiant(e)s doivent jongler entre pression des \u00e9tudes, jobs alimentaires et petits plaisirs du quotidien. \u00c0 Strasbourg, on en a rencontr\u00e9 cinq et on leur a pos\u00e9 une question simple : \u00ab Comment \u00e7a va ? \u00bb<\/strong><\/p>\n<p>\u00ab En vrai, il y a des jours sans, et des jours avec. <strong>Parfois, je remets toute ma vie en question, et le lendemain je sais qu\u2019il faut pers\u00e9v\u00e9rer.<\/strong> \u00bb\u00a0En ce mois d\u2019octobre, <strong>\u00c9lise*, 20 ans,<\/strong> r\u00e9pond directement \u00e0 la question du jour : \u00ab Comment \u00e7a va ? \u00bb <\/p>\n<p>Actuellement en licence de droit, elle habite Strasbourg depuis 2024. \u00ab J\u2019aime beaucoup cette ville, j\u2019ai mes amies, mes habitudes, et heureusement\u2026 \u00bb<\/p>\n<p>    <img width=\"800\" height=\"534\" src=\"https:\/\/www.europesays.com\/fr\/wp-content\/uploads\/2025\/11\/dsc-5476-2-800x534.jpg\" class=\"attachment-image-size-L size-image-size-L\" alt=\"manifestation retraite d\u00e9mocratie universit\u00e9 \u00e9tudiant\" decoding=\"async\" loading=\"lazy\"  \/>         \u00a9 Mathilde Cybulski \/ Pokaa <\/p>\n<p>Il faut dire que sa rentr\u00e9e n\u2019a pas \u00e9t\u00e9 de tout repos. D\u00e9m\u00e9nagement, premier job \u00e9tudiant\u2026 Elle a d\u00fb s\u2019adapter \u00e0 un nouveau quotidien. \u00ab Je suis pass\u00e9e d\u2019un 35 m2 \u00e0 un 26 m2, car financi\u00e8rement \u00e7a devenait compliqu\u00e9. <strong>J\u2019ai aussi commenc\u00e9 un petit boulot, parce que mes \u00e9conomies et la bourse du Crous ne suffisent plus \u00e0 remplir le frigo, payer le loyer.<\/strong> \u00bb\u00a0<\/p>\n<p>Des choix qui ont aussi un objectif : profiter de la vie \u00e9tudiante au maximum. \u00ab Ce qui est bien, c\u2019est qu\u2019<strong>il y a des \u00e9v\u00e9nements gratuits ou \u00e0 prix libre pour les \u00e9tudiants<\/strong>, donc on ne reste pas chez soi h24 et on arrive \u00e0 <strong>oublier un peu l\u2019anxi\u00e9t\u00e9 des \u00e9tudes<\/strong>. \u00bb<\/p>\n<p>                <img width=\"750\" height=\"500\" src=\"https:\/\/www.europesays.com\/fr\/wp-content\/uploads\/2025\/11\/molodoi-strasbourg-paye-ton-noel-2019-pelpass-martin-lelievre-118.jpg\" class=\"attachment-gallery size-gallery\" alt=\"Molodoi Strasbourg Paye Ton No\u00ebl 2019 Pelpass @ Martin Lelievre (118)\" data-full-url=\"https:\/\/www.europesays.com\/fr\/wp-content\/uploads\/2025\/11\/molodoi-strasbourg-paye-ton-noel-2019-pelpass-martin-lelievre-118.jpg\" decoding=\"async\" loading=\"lazy\"  \/>            <\/p>\n<p>                <img width=\"667\" height=\"500\" src=\"https:\/\/www.europesays.com\/fr\/wp-content\/uploads\/2025\/11\/img-9422-667x500.jpg\" class=\"attachment-gallery size-gallery\" alt=\"cath\u00e9drale quai des Bateliers\" data-full-url=\"https:\/\/pokaa.fr\/wp-content\/uploads\/2025\/06\/27\/img-9422.jpg\" decoding=\"async\" loading=\"lazy\"  \/>            <\/p>\n<p>                    1. \u00a9 Martin Lelievre \/ Pokaa ; 2. \u00a9 Anthony Jilli \/ Pokaa<\/p>\n<p>Une \u00ab rentr\u00e9e stressante \u00bb pour beaucoup<\/p>\n<p>Sur le campus universitaire d\u2019Esplanade, les notions d\u2019anxi\u00e9t\u00e9, de stress, et m\u00eame de \u00ab peur \u00bb reviennent souvent dans les r\u00e9ponses obtenues. \u00c0 l\u2019image de <strong>Yianis*, 19 ans<\/strong> : \u00ab Le moral \u00e7a va au d\u00e9but du mois, mais vers la fin il y a cette<strong> peur de ne pas pouvoir manger \u00e0 ma faim qui existe. <\/strong>\u00bb<\/p>\n<p>S\u2019il est d\u00e9j\u00e0 aid\u00e9 par deux associations \u00e9tudiantes, cette situation <strong>\u00ab p\u00e8se sur le moral \u00bb<\/strong>. \u00ab Je ne veux pas \u00eatre pris en photo pour l\u2019article car j\u2019ai honte, et je ne veux pas que ma famille s\u2019inqui\u00e8te. <strong>Ce n\u2019est pas normal de ne pas pouvoir vivre correctement alors que je travaille dur<\/strong>. \u00bb<\/p>\n<p>    <img width=\"800\" height=\"600\" src=\"https:\/\/www.europesays.com\/fr\/wp-content\/uploads\/2025\/09\/274871616_542174173726911_2504330022769085637_n-scaled.jpg\" class=\"attachment-image-size-L size-image-size-L\" alt=\"facult\u00e9 \u00e9tudiants universit\u00e9\" decoding=\"async\" loading=\"lazy\"  \/>         \u00a9 Coraline Lafon \/ Pokaa <\/p>\n<p>Avant de rejoindre son prochain cours, il rajoute : \u00ab Heureusement qu\u2019on peut compter les uns sur les autres, car <strong>nous sommes nombreux dans cette situation<\/strong>. \u00bb<\/p>\n<p>Pour preuve, comme chaque ann\u00e9e, l\u2019AFGES (Association f\u00e9d\u00e9rative g\u00e9n\u00e9rale des \u00e9tudiants de Strasbourg) a publi\u00e9 d\u00e9but septembre sa traditionnelle enqu\u00eate sur le co\u00fbt de la rentr\u00e9e \u00e9tudiante \u00e0 Strasbourg. Sans grande surprise, <strong>presque tous les postes de d\u00e9penses ont augment\u00e9<\/strong>, du loyer \u00e0 l\u2019alimentation, sans oublier les frais li\u00e9s aux \u00e9tudes, gardant en pr\u00e9carit\u00e9 constante les \u00e9tudiant(e)s.<\/p>\n<p>                <a href=\"https:\/\/pokaa.fr\/2025\/09\/08\/jusqua-321687e-a-strasbourg-faire-sa-rentree-a-luniversite-coute-de-plus-en-plus-cher\/\" rel=\"nofollow noopener\" target=\"_blank\"><br \/>\n                    <img width=\"450\" height=\"270\" src=\"https:\/\/www.europesays.com\/fr\/wp-content\/uploads\/2025\/09\/1757635342_320_ok-450x270.png\" class=\"attachment-card-horizontal--same-subject size-card-horizontal--same-subject wp-post-image\" alt=\"\" decoding=\"async\" loading=\"lazy\"\/>                <\/a><\/p>\n<p>Mais le stress ne vient pas uniquement de l\u2019aspect financier. Actuellement en M1 Architecture d\u2019int\u00e9rieur et design d\u2019objet, <strong>Karl, 22 ans,<\/strong> a rencontr\u00e9 un autre probl\u00e8me. \u00c9tudiant \u00e0 l\u2019Institut sup\u00e9rieur des arts appliqu\u00e9s (LISAA) de Strasbourg, <strong>il ne trouve pas d\u2019alternance. Et il n\u2019est clairement pas le seul dans cette situation.\u00a0<\/strong><\/p>\n<p>\u00ab \u00c0 cause de \u00e7a, <b>j\u2019ai v\u00e9cu une rentr\u00e9e stressante et psychologiquement c\u2019est dur<\/b>. C\u2019est difficile de se projeter professionnellement et personnellement dans le quotidien sans \u00e7a\u2026 \u00bb Bien que non obligatoire, sans alternance, c\u2019est \u00e0 lui de payer ses frais de scolarit\u00e9, soit \u00ab 9 500 \u20ac cette ann\u00e9e pour la tarification \u00e9tudiante \u00bb.<\/p>\n<p>    <img width=\"800\" height=\"533\" src=\"https:\/\/www.europesays.com\/fr\/wp-content\/uploads\/2025\/11\/img-3538-800x533.jpg\" class=\"attachment-image-size-L size-image-size-L\" alt=\"Karl\" decoding=\"async\" loading=\"lazy\"  \/>         Karl. \u00a9 Anthony Jilli \/ Pokaa <\/p>\n<p>                <img width=\"281\" height=\"500\" src=\"https:\/\/www.europesays.com\/fr\/wp-content\/uploads\/2025\/11\/inch7-281x500.png\" class=\"attachment-gallery size-gallery\" alt=\"Karl\" data-full-url=\"https:\/\/pokaa.fr\/wp-content\/uploads\/2025\/10\/29\/inch7.png\" decoding=\"async\" loading=\"lazy\"  \/>            <\/p>\n<p>                <img width=\"1000\" height=\"500\" src=\"https:\/\/www.europesays.com\/fr\/wp-content\/uploads\/2025\/11\/ch3-1000x500.png\" class=\"attachment-gallery size-gallery\" alt=\"Karl\" data-full-url=\"https:\/\/pokaa.fr\/wp-content\/uploads\/2025\/10\/29\/ch3.png\" decoding=\"async\" loading=\"lazy\"  \/>            <\/p>\n<p>                <img width=\"888\" height=\"500\" src=\"https:\/\/www.europesays.com\/fr\/wp-content\/uploads\/2025\/11\/rendublender11-enhanced-888x500.png\" class=\"attachment-gallery size-gallery\" alt=\"Karl\" data-full-url=\"https:\/\/pokaa.fr\/wp-content\/uploads\/2025\/10\/29\/rendublender11-enhanced.png\" decoding=\"async\" loading=\"lazy\"  \/>            <\/p>\n<p>                    Quelques projets de Karl. \u00a9\u00a0Karl C. \/ Documents remis<\/p>\n<p>Vivre avec ses \u00e9conomies, et parfois gr\u00e2ce \u00e0 un pr\u00eat bancaire<\/p>\n<p>Pour payer cette somme, Karl a utilis\u00e9 son pr\u00eat bancaire : \u00ab L\u2019ann\u00e9e derni\u00e8re, <strong>j\u2019ai obtenu un pr\u00eat de 30 000 \u20ac pour payer la suite de mes \u00e9tudes<\/strong>. Au d\u00e9part, \u00e7a devait juste \u00eatre une aide si besoin, et au final je suis oblig\u00e9 de compter dessus. \u00bb\u00a0<\/p>\n<p>Et pour vivre, payer son loyer, manger, <strong>il doit compter sur ses \u00e9conomies et ses parents :<\/strong>\u00a0\u00ab En licence, j\u2019ai travaill\u00e9 en alternance entre Annecy et Gen\u00e8ve, <strong>j\u2019ai donc mis de l\u2019argent de c\u00f4t\u00e9<\/strong> car je gagnais bien ma vie. Cet \u00e9t\u00e9, <strong>j\u2019ai aussi boss\u00e9 \u00e0 la clinique du Diaconat-Fonderie \u00e0 Mulhouse<\/strong>. Concernant les courses, mes parents vivent \u00e0 la campagne, j\u2019ai donc parfois des l\u00e9gumes du jardin et je fais mes achats pr\u00e8s de chez eux pour payer moins cher qu\u2019\u00e0 Strasbourg. \u00bb\u00a0<\/p>\n<p>                <img width=\"375\" height=\"500\" src=\"https:\/\/www.europesays.com\/fr\/wp-content\/uploads\/2025\/11\/img-3718-375x500.jpeg\" class=\"attachment-gallery size-gallery\" alt=\"Karl\" data-full-url=\"https:\/\/pokaa.fr\/wp-content\/uploads\/2025\/10\/29\/img-3718.jpeg\" decoding=\"async\" loading=\"lazy\"  \/>            <\/p>\n<p>                <img width=\"375\" height=\"500\" src=\"https:\/\/www.europesays.com\/fr\/wp-content\/uploads\/2025\/11\/img-3653-375x500.jpeg\" class=\"attachment-gallery size-gallery\" alt=\"Karl\" data-full-url=\"https:\/\/pokaa.fr\/wp-content\/uploads\/2025\/10\/29\/img-3653.jpeg\" decoding=\"async\" loading=\"lazy\"  \/>            <\/p>\n<p>                    \u00a9\u00a0Karl C. \/ Documents remis<\/p>\n<p>Karl pointe d\u2019autres probl\u00e8mes qui sont, selon lui, illogiques : \u00ab <strong>Pour faire certains m\u00e9tiers, il faut parfois passer par des \u00e9coles priv\u00e9es.<\/strong> \u00c7a ne veut pas dire que nos parents sont riches. Pourtant, je n\u2019ai pas le droit \u00e0 la bourse du Crous et \u00e0 d\u2019autres avantages qui en d\u00e9coulent et qui pourraient \u00eatre pr\u00e9cieux. \u00bb<\/p>\n<p>Pour autant, celui qui veut devenir architecte d\u2019int\u00e9rieur reste optimiste ! \u00ab Il y a de la remise en question, mais <strong>ce m\u00e9tier je veux le faire depuis mes 9 ans<\/strong>, donc je veux y arriver. \u00bb S\u2019il ne trouve pas d\u2019alternance, il compte faire des concours de design, pour gagner des prix et surtout de la visibilit\u00e9, et faire des stages. D\u2019ailleurs, si jamais vous cherchez un alternant motiv\u00e9 dans ce domaine,<a href=\"https:\/\/taplink.cc\/karlcatelin\" target=\"_blank\" rel=\"noopener nofollow\"> vous pouvez cliquer ici<\/a>.<\/p>\n<p>    <img width=\"800\" height=\"450\" src=\"https:\/\/www.europesays.com\/fr\/wp-content\/uploads\/2025\/11\/d2-800x450.png\" class=\"attachment-image-size-L size-image-size-L\" alt=\"Karl\" decoding=\"async\" loading=\"lazy\"  \/>         Un autre projet de Karl. \u00a9\u00a0Karl C. \/ Document remis <\/p>\n<p>Motiv\u00e9, c\u2019est aussi un mot qui d\u00e9finit bien <strong>Emilio, 28 ans,<\/strong> originaire de Mexico. \u00c9tudiant international, il est arriv\u00e9 \u00e0 Strasbourg il y a un peu plus de deux mois avec ses \u00e9conomies. Son objectif ? Perfectionner son fran\u00e7ais \u00e0 la facult\u00e9 des langues, au sein du p\u00f4le FLE.<\/p>\n<p>\u00ab Le moral \u00e7a va super car<strong> \u00e9tudier en France \u00e9tait mon r\u00eave<\/strong>. Strasbourg est une ville tr\u00e8s jolie, les gens sont super cool. J\u2019aime beaucoup les colombages, et<strong> j\u2019adore la tarte flamb\u00e9e<\/strong> \u00bb, explique-t-il avec un grand sourire.<\/p>\n<p>    <img width=\"800\" height=\"533\" src=\"https:\/\/www.europesays.com\/fr\/wp-content\/uploads\/2025\/11\/img-3534-800x533.jpg\" class=\"attachment-image-size-L size-image-size-L\" alt=\"Emilio\" decoding=\"async\" loading=\"lazy\"  \/>         \u00a9 Anthony Jilli \/ Pokaa <\/p>\n<p>                <img width=\"319\" height=\"500\" src=\"https:\/\/www.europesays.com\/fr\/wp-content\/uploads\/2025\/11\/au-joyeux-pecheur-tartes-flambees-feu-de-bois-2img-4422-319x500.jpeg\" class=\"attachment-gallery size-gallery\" alt=\"Au Joyeux p\u00eacheur tartes flamb\u00e9es feu de bois 2IMG_4422\" data-full-url=\"https:\/\/pokaa.fr\/wp-content\/uploads\/2025\/10\/27\/au-joyeux-pecheur-tartes-flambees-feu-de-bois-2img-4422.jpeg\" decoding=\"async\" loading=\"lazy\"  \/>            <\/p>\n<p>                <img width=\"745\" height=\"500\" src=\"https:\/\/www.europesays.com\/fr\/wp-content\/uploads\/2025\/11\/46888f4b-3fee-4d25-bb8b-ec3b73c78543-745x500.jpeg\" class=\"attachment-gallery size-gallery\" alt=\"Petite France\" data-full-url=\"https:\/\/pokaa.fr\/wp-content\/uploads\/2025\/09\/16\/46888f4b-3fee-4d25-bb8b-ec3b73c78543.jpeg\" decoding=\"async\" loading=\"lazy\"  \/>            <\/p>\n<p>                    1. \u00a9 Bastien Pietronave \/ Pokaa ; 2. \u00a9 Anthony Jilli \/ Pokaa<\/p>\n<p>Concernant sa rentr\u00e9e, le constat n\u2019est pas tr\u00e8s diff\u00e9rent : \u00ab C\u2019\u00e9tait un peu stressant, surtout l\u2019administratif, mais ce n\u2019\u00e9tait pas chaotique, et <strong>les premiers cours se sont tr\u00e8s bien pass\u00e9s.<\/strong> \u00bb\u00a0<\/p>\n<p>Il faut dire qu\u2019il n\u2019a pas vraiment v\u00e9cu \u00ab un choc culturel \u00bb, bien que la vie au Mexique soit tr\u00e8s diff\u00e9rente. Non seulement il est pass\u00e9 par un lyc\u00e9e franco-mexicain, mais en plus sa m\u00e8re a aussi fait des \u00e9tudes en France, \u00ab <strong>j\u2019ai donc grandi avec Doroth\u00e9e et Aznavour<\/strong> \u00bb.\u00a0Ce qui explique aussi son bon niveau en fran\u00e7ais.<\/p>\n<\/p>\n<p><strong>Financi\u00e8rement parlant, Emilio a \u00e9t\u00e9 pr\u00e9voyant.<\/strong> Il est venu avec 10 000 \u20ac, gr\u00e2ce \u00e0 de l\u2019argent mis de c\u00f4t\u00e9 pendant 5 ans en travaillant. \u00ab J\u2019ai choisi Strasbourg car la vie co\u00fbte moins cher qu\u2019\u00e0 Paris, et je veux aussi apprendre l\u2019allemand, donc \u00eatre \u00e0 la fronti\u00e8re c\u2019est super. \u00bb<\/p>\n<p>Mais <strong>pour \u00e9tudier \u00e0 la fac, il a quand m\u00eame d\u00fb d\u00e9bourser 3700 \u20ac<\/strong>. Un montant qui l\u2019oblige \u00e0 respecter un certain budget : \u00ab Je fais attention quand je fais mes courses, quand je sors avec mes amis. Mais j\u2019ai quand m\u00eame achet\u00e9 un v\u00e9lo ! \u00bb Trouver un job \u00e9tudiant est aussi dans ses plans.<\/p>\n<p>    <img width=\"800\" height=\"533\" src=\"https:\/\/www.europesays.com\/fr\/wp-content\/uploads\/2025\/11\/piste-cyclable-place-du-corbeau-2-800x533.jpg\" class=\"attachment-image-size-L size-image-size-L\" alt=\"V\u00e9los  Piste cyclable place du Corbeau 2\" decoding=\"async\" loading=\"lazy\"  \/>         \u00a9 David Lev\u00eaque \/ Pokaa <\/p>\n<p>Le job \u00e9tudiant est sur toutes les l\u00e8vres<\/p>\n<p>\u00c0 l\u2019instar d\u2019Emilio et d\u2019\u00c9lise*, <strong>de nombreux\/ses \u00e9tudiant(e)s doivent trouver un job alimentaire<\/strong> pour vivre correctement. <a href=\"https:\/\/www.letudiant.fr\/jobsstages\/pourquou-40-des-etudiants-ont-un-emploi-a-cote-de-leurs-etudes.html\" target=\"_blank\" rel=\"noopener nofollow\">Selon l\u2019Observatoire national de la vie \u00e9tudiante,<\/a> en 2022, 40% travaillaient en parall\u00e8le de leurs \u00e9tudes. C\u2019est aussi le cas de <strong>Lise, 21 ans, <\/strong>actuellement en troisi\u00e8me ann\u00e9e de licence Arts du spectacle, parcours m\u00e9diation culturelle.<\/p>\n<p>\u00ab Apr\u00e8s mes \u00e9tudes,<strong> mon m\u00e9tier consistera \u00e0 cr\u00e9er du lien<\/strong> entre les publics et les structures culturelles (mus\u00e9es, th\u00e9\u00e2tres, cin\u00e9mas) \u00bb,\u00a0pr\u00e9cise celle qui est arriv\u00e9e \u00e0 Strasbourg en 2022.<\/p>\n<p>                <a href=\"https:\/\/pokaa.fr\/2024\/10\/10\/trouver-un-job-etudiant-a-strasbourg-voici-18-bons-plans-pour-se-faire-de-largent\/\" rel=\"nofollow noopener\" target=\"_blank\"><br \/>\n                    <img width=\"450\" height=\"270\" src=\"https:\/\/www.europesays.com\/fr\/wp-content\/uploads\/2025\/11\/d2-450x270.png\" class=\"attachment-card-horizontal--same-subject size-card-horizontal--same-subject wp-post-image\" alt=\"\" decoding=\"async\" loading=\"lazy\"\/>                <\/a><\/p>\n<p>    <img width=\"800\" height=\"535\" src=\"https:\/\/www.europesays.com\/fr\/wp-content\/uploads\/2025\/11\/dsc02561-800x535.jpg\" class=\"attachment-image-size-L size-image-size-L\" alt=\"Lise\" decoding=\"async\" loading=\"lazy\"  \/>         \u00a9 Anthony Jilli \/ Pokaa <\/p>\n<p>Elle poursuit : \u00ab Pour le moment,<strong> \u00e7a va bien,<\/strong> c\u2019est cool de retrouver la fac, mais surtout de revoir les amies, car elles comptent beaucoup pour moi. \u00bb N\u00e9e en Alsace, Lise a surtout v\u00e9cu en Bretagne et dans le sud de la France, dont en Corse. Elle a m\u00eame \u00e9t\u00e9 r\u00e9serviste dans l\u2019arm\u00e9e de l\u2019Air pendant deux \u00e9t\u00e9s, avant son d\u00e9m\u00e9nagement dans la capitale alsacienne.<strong> \u00ab J\u2019ai d\u00e9j\u00e0 eu 1000 vies selon mes proches \u00bb<\/strong>, pr\u00e9cise-t-elle en riant.<\/p>\n<p>De l\u2019exp\u00e9rience qui permet \u00e0 la jeune femme de toujours faire face aux impr\u00e9vus, dont le dernier en date : <strong>la disparition de sa bourse au m\u00e9rite,<\/strong> soit 100 \u20ac chaque mois. \u00ab Je ne savais pas que sa dur\u00e9e maximale \u00e9tait de trois ans, et en parall\u00e8le, ma bourse du Crous a aussi baiss\u00e9 pour atteindre 382 \u20ac par mois. \u00bb<\/p>\n<p>    <img width=\"800\" height=\"600\" src=\"https:\/\/www.europesays.com\/fr\/wp-content\/uploads\/2025\/07\/330435627-556845999726383-6240259257625656292-n-800x600.jpeg\" class=\"attachment-image-size-L size-image-size-L\" alt=\"crous \u00e9tudiant\" decoding=\"async\" loading=\"lazy\"  \/>         \u00a9 Coraline Lafon \/ Pokaa <\/p>\n<p>Pour s\u2019en sortir financi\u00e8rement, et notamment payer son loyer de 500 \u20ac, elle est vacataire \u00e0 l\u2019Universit\u00e9 de Strasbourg et \u00ab quasiment tous les week-ends,<strong> je bosse dans un resto pour avoir \u00e0 la fin du mois 500\/600 \u20ac en plus<\/strong> \u00bb. <\/p>\n<p>Une situation pas simple, qui demande de l\u2019organisation. \u00ab Par exemple, dans mon cursus on nous encourage \u00e0 faire des stages. Pendant mes vacances, <strong>je dois donc choisir entre le job alimentaire et faire un stage.<\/strong> \u00c7a a donc forc\u00e9ment des cons\u00e9quences sur mes \u00e9tudes et <strong>\u00e7a cr\u00e9e des in\u00e9galit\u00e9s entre \u00e9tudiants.<\/strong> \u00bb<\/p>\n<p>    <img width=\"450\" height=\"600\" src=\"https:\/\/www.europesays.com\/fr\/wp-content\/uploads\/2025\/11\/restaurant-fusion-thailandais-la-fanthaisie-img-4149-450x600.jpeg\" class=\"attachment-image-size-M size-image-size-M\" alt=\"restaurant fusion thailandais la fanthaisie IMG_4149\" decoding=\"async\" loading=\"lazy\"  \/>         \u00a9 Bastien Pietronave \/ Pokaa <\/p>\n<p>\u00ab\u00a0Je sais que ma situation n\u2019est pas la pire\u00a0\u00bb<\/p>\n<p>Lise fait aussi de son mieux pour <strong>mettre de l\u2019argent de c\u00f4t\u00e9<\/strong> avec plusieurs objectifs, comme profiter de la vie culturelle strasbourgeoise, payer son permis de conduire et aller voir sa famille dans le sud. Sur le premier point, elle rajoute : \u00ab Mes \u00e9tudes font que je dois aller voir de nombreux spectacles dans l\u2019ann\u00e9e. J\u2019adore \u00e7a mais c\u2019est aussi un budget. Heureusement qu\u2019il y a la Carte Culture. \u00bb<\/p>\n<p><strong>Et son grand projet, c\u2019est de rejoindre son petit ami qui vit en Andalousie.<\/strong> Elle souhaite d\u2019abord trouver un job alimentaire sur place pour am\u00e9liorer son espagnol pendant un an, avant de faire une \u00e9quivalence universitaire.<\/p>\n<p>    <img width=\"800\" height=\"600\" src=\"https:\/\/www.europesays.com\/fr\/wp-content\/uploads\/2025\/11\/277909076_550639143037354_4227795156278982098_n.jpg\" class=\"attachment-image-size-L size-image-size-L\" alt=\"universit\u00e9 \u00e9tudiant exposition art\" decoding=\"async\" loading=\"lazy\"  \/>         \u00a9 Coraline Lafon \/ Pokaa <\/p>\n<p>Elle expose \u00e9galement : \u00ab Je sais que ma situation n\u2019est pas la pire. <strong>Je ne me prive pas trop mais c\u2019est aussi parce que j\u2019ai des petits jobs<\/strong> et que mes parents peuvent m\u2019aider. \u00bb\u00a0Avant de conclure : <strong>\u00ab Si certains \u00e9tudiants qui lisent cet article se sentent seuls, il ne faut pas h\u00e9siter \u00e0 se tourner vers des associations. \u00bb\u00a0<\/strong><\/p>\n<p>\u00c7a tombe bien,<strong> voici une petite liste d\u2019associations et de structures qui viennent en aide aux \u00e9tudiant(e)s<\/strong> \u00e0 Strasbourg :<\/p>\n<p><strong>Et pour les personnes concern\u00e9es, on vous souhaite une belle ann\u00e9e universitaire et on vous envoie beaucoup de courage !\u00a0<\/strong><\/p>\n<p>                <a href=\"https:\/\/pokaa.fr\/2025\/08\/31\/pres-de-15000-guides-a-strasbourg-pokaa-sort-son-3e-papier-destine-aux-etudiantes\/\" rel=\"nofollow noopener\" target=\"_blank\"><br \/>\n                    <img width=\"450\" height=\"270\" src=\"https:\/\/www.europesays.com\/fr\/wp-content\/uploads\/2025\/09\/packshotetudiant3-33-450x270.png\" class=\"attachment-card-horizontal--same-subject size-card-horizontal--same-subject wp-post-image\" alt=\"\" decoding=\"async\" loading=\"lazy\"  \/>                <\/a><\/p>\n<p style=\"text-align: right;\">*Les pr\u00e9noms ont \u00e9t\u00e9 modifi\u00e9s\u00a0<\/p>\n","protected":false},"excerpt":{"rendered":"L\u2019automne est bien install\u00e9 et le grand sapin du march\u00e9 de No\u00ebl tr\u00f4ne d\u00e9j\u00e0 sur la place Kl\u00e9ber.&hellip;\n","protected":false},"author":2,"featured_media":507505,"comment_status":"","ping_status":"","sticky":false,"template":"","format":"standard","meta":{"footnotes":""},"categories":[2820],"tags":[1111,11,6379,1777,674,1011,27,775,12,10181,25,640,30161],"class_list":{"0":"post-507504","1":"post","2":"type-post","3":"status-publish","4":"format-standard","5":"has-post-thumbnail","7":"category-strasbourg","8":"tag-actu","9":"tag-actualites","10":"tag-etudiants","11":"tag-eu","12":"tag-europe","13":"tag-fr","14":"tag-france","15":"tag-grand-est","16":"tag-news","17":"tag-precarite","18":"tag-republique-francaise","19":"tag-strasbourg","20":"tag-universite-de-strasbourg"},"share_on_mastodon":{"url":"https:\/\/pubeurope.com\/@fr\/115482182165628921","error":""},"_links":{"self":[{"href":"https:\/\/www.europesays.com\/fr\/wp-json\/wp\/v2\/posts\/507504","targetHints":{"allow":["GET"]}}],"collection":[{"href":"https:\/\/www.europesays.com\/fr\/wp-json\/wp\/v2\/posts"}],"about":[{"href":"https:\/\/www.europesays.com\/fr\/wp-json\/wp\/v2\/types\/post"}],"author":[{"embeddable":true,"href":"https:\/\/www.europesays.com\/fr\/wp-json\/wp\/v2\/users\/2"}],"replies":[{"embeddable":true,"href":"https:\/\/www.europesays.com\/fr\/wp-json\/wp\/v2\/comments?post=507504"}],"version-history":[{"count":0,"href":"https:\/\/www.europesays.com\/fr\/wp-json\/wp\/v2\/posts\/507504\/revisions"}],"wp:featuredmedia":[{"embeddable":true,"href":"https:\/\/www.europesays.com\/fr\/wp-json\/wp\/v2\/media\/507505"}],"wp:attachment":[{"href":"https:\/\/www.europesays.com\/fr\/wp-json\/wp\/v2\/media?parent=507504"}],"wp:term":[{"taxonomy":"category","embeddable":true,"href":"https:\/\/www.europesays.com\/fr\/wp-json\/wp\/v2\/categories?post=507504"},{"taxonomy":"post_tag","embeddable":true,"href":"https:\/\/www.europesays.com\/fr\/wp-json\/wp\/v2\/tags?post=507504"}],"curies":[{"name":"wp","href":"https:\/\/api.w.org\/{rel}","templated":true}]}}