{"id":507506,"date":"2025-11-02T21:16:14","date_gmt":"2025-11-02T21:16:14","guid":{"rendered":"https:\/\/www.europesays.com\/fr\/507506\/"},"modified":"2025-11-02T21:16:14","modified_gmt":"2025-11-02T21:16:14","slug":"strasbourg-na-pas-tremble-contre-colmar","status":"publish","type":"post","link":"https:\/\/www.europesays.com\/fr\/507506\/","title":{"rendered":"Strasbourg n\u2019a pas trembl\u00e9 contre Colmar"},"content":{"rendered":"<p>Apr\u00e8s des d\u00e9faites sur sa pelouse contre Pontarlier, Genlis et Grand Dole, le SAR ne pouvait pas se manquer face \u00e0 son voisin colmarien. Il a pris ce derby alsacien par le bon bout en montrant de la ma\u00eetrise dans le jeu mais aussi un \u00e9tat d\u2019esprit de guerriers voulu par le staff.<\/p>\n<p>\u00ab\u00a0La victoire est au bout et c\u2019est le plus important, lance le coach Ludovic Mercier. On a vraiment vu de bonnes choses, surtout quand on est capable d\u2019encha\u00eener, et de l\u2019envie.\u00a0\u00bb<\/p>\n<p>Longtemps, Strasbourg a \u00e9t\u00e9&#8230;<\/p>\n","protected":false},"excerpt":{"rendered":"Apr\u00e8s des d\u00e9faites sur sa pelouse contre Pontarlier, Genlis et Grand Dole, le SAR ne pouvait pas se&hellip;\n","protected":false},"author":2,"featured_media":507507,"comment_status":"","ping_status":"","sticky":false,"template":"","format":"standard","meta":{"footnotes":""},"categories":[2820],"tags":[1111,11,2649,2880,1777,674,1011,27,775,12,25,479,517,640,2879],"class_list":{"0":"post-507506","1":"post","2":"type-post","3":"status-publish","4":"format-standard","5":"has-post-thumbnail","7":"category-strasbourg","8":"tag-actu","9":"tag-actualites","10":"tag-bas-rhin","11":"tag-edition-strasbourg","12":"tag-eu","13":"tag-europe","14":"tag-fr","15":"tag-france","16":"tag-grand-est","17":"tag-news","18":"tag-republique-francaise","19":"tag-rugby","20":"tag-sport","21":"tag-strasbourg","22":"tag-strasbourg-ville"},"share_on_mastodon":{"url":"https:\/\/pubeurope.com\/@fr\/115482183803968581","error":""},"_links":{"self":[{"href":"https:\/\/www.europesays.com\/fr\/wp-json\/wp\/v2\/posts\/507506","targetHints":{"allow":["GET"]}}],"collection":[{"href":"https:\/\/www.europesays.com\/fr\/wp-json\/wp\/v2\/posts"}],"about":[{"href":"https:\/\/www.europesays.com\/fr\/wp-json\/wp\/v2\/types\/post"}],"author":[{"embeddable":true,"href":"https:\/\/www.europesays.com\/fr\/wp-json\/wp\/v2\/users\/2"}],"replies":[{"embeddable":true,"href":"https:\/\/www.europesays.com\/fr\/wp-json\/wp\/v2\/comments?post=507506"}],"version-history":[{"count":0,"href":"https:\/\/www.europesays.com\/fr\/wp-json\/wp\/v2\/posts\/507506\/revisions"}],"wp:featuredmedia":[{"embeddable":true,"href":"https:\/\/www.europesays.com\/fr\/wp-json\/wp\/v2\/media\/507507"}],"wp:attachment":[{"href":"https:\/\/www.europesays.com\/fr\/wp-json\/wp\/v2\/media?parent=507506"}],"wp:term":[{"taxonomy":"category","embeddable":true,"href":"https:\/\/www.europesays.com\/fr\/wp-json\/wp\/v2\/categories?post=507506"},{"taxonomy":"post_tag","embeddable":true,"href":"https:\/\/www.europesays.com\/fr\/wp-json\/wp\/v2\/tags?post=507506"}],"curies":[{"name":"wp","href":"https:\/\/api.w.org\/{rel}","templated":true}]}}