{"id":507510,"date":"2025-11-02T21:19:34","date_gmt":"2025-11-02T21:19:34","guid":{"rendered":"https:\/\/www.europesays.com\/fr\/507510\/"},"modified":"2025-11-02T21:19:34","modified_gmt":"2025-11-02T21:19:34","slug":"une-cheffe-dentreprise-de-nantes-a-lhonneur-ce-soir-dans-lemission-capital","status":"publish","type":"post","link":"https:\/\/www.europesays.com\/fr\/507510\/","title":{"rendered":"Une cheffe d\u2019entreprise de Nantes \u00e0 l\u2019honneur ce soir dans l\u2019\u00e9mission \u00ab\u00a0Capital\u00a0\u00bb"},"content":{"rendered":"<p><strong>\u00ab\u00a0Prolonger la dur\u00e9e de vie d\u2019un produit, \u00e7a a du sens sur le plan \u00e9cologique et \u00e9conomique.\u00a0\u00bb<\/strong> Ce sont les mots de <a href=\"https:\/\/nantes.maville.com\/actu\/actudet_--prolonger-la-duree-de-vie-ils-reparent-le-petit-electromenager-a-nantes-_52716-6772080_actu.Htm\" target=\"_self\" rel=\"noopener\">St\u00e9phanie Ferreira, cheffe d\u2019entreprise, qui a cr\u00e9\u00e9 \u00e0 Nantes l\u2019entreprise de r\u00e9emploi Reficio, qui signifie \u00ab\u00a0r\u00e9parer\u00a0\u00bb en latin.<\/a>\u00a0Ouest-France \u00e9tait all\u00e9 \u00e0 sa rencontre en avril dernier.<\/p>\n<p><strong>Lire aussi.<\/strong>\u00a0<a href=\"https:\/\/rennes.maville.com\/actu\/actudet_--j-en-dors-plus-la-nuit-prive-de-collecte-le-reseau-envie-menace-en-loire-atlantique-_52674-6775413_actu.Htm\" target=\"_self\" rel=\"noopener\">\u00ab\u00a0J\u2019en dors plus la nuit\u00a0\u00bb\u00a0: priv\u00e9 de collecte, le r\u00e9seau Envie menac\u00e9 en Loire-Atlantique<\/a><\/p>\n<p>Elle et son \u00e9quipe r\u00e9parent, pour des clients particuliers, les appareils de petit \u00e9lectrom\u00e9nager\u00a0: machines \u00e0 caf\u00e9, aspirateurs balais, robots de cuisine, lisseuses \u00e0 cheveux,\u00a0etc. Ils sont ensuite revendus 30\u00a0% moins cher que le neuf, notamment dans la boutique atelier, situ\u00e9e dans la zone Nantes-est.<\/p>\n<p>Dimanche 2\u00a0novembre, l\u2019\u00e9mission Capital sur M6\u00a0lui consacre un portrait. \u00c0 voir \u00e0 21\u00a0h\u00a010.<\/p>\n<p>\u00a0<\/p>\n","protected":false},"excerpt":{"rendered":"\u00ab\u00a0Prolonger la dur\u00e9e de vie d\u2019un produit, \u00e7a a du sens sur le plan \u00e9cologique et \u00e9conomique.\u00a0\u00bb Ce&hellip;\n","protected":false},"author":2,"featured_media":507511,"comment_status":"","ping_status":"","sticky":false,"template":"","format":"standard","meta":{"footnotes":""},"categories":[2818],"tags":[1111,11,17362,17207,2889,257,1777,674,1011,27,14472,766,12,2636,25,3467],"class_list":{"0":"post-507510","1":"post","2":"type-post","3":"status-publish","4":"format-standard","5":"has-post-thumbnail","7":"category-nantes","8":"tag-actu","9":"tag-actualites","10":"tag-capital","11":"tag-cheffe","12":"tag-emission","13":"tag-entreprise","14":"tag-eu","15":"tag-europe","16":"tag-fr","17":"tag-france","18":"tag-honneur","19":"tag-nantes","20":"tag-news","21":"tag-pays-de-la-loire","22":"tag-republique-francaise","23":"tag-soir"},"share_on_mastodon":{"url":"https:\/\/pubeurope.com\/@fr\/115482195795418906","error":""},"_links":{"self":[{"href":"https:\/\/www.europesays.com\/fr\/wp-json\/wp\/v2\/posts\/507510","targetHints":{"allow":["GET"]}}],"collection":[{"href":"https:\/\/www.europesays.com\/fr\/wp-json\/wp\/v2\/posts"}],"about":[{"href":"https:\/\/www.europesays.com\/fr\/wp-json\/wp\/v2\/types\/post"}],"author":[{"embeddable":true,"href":"https:\/\/www.europesays.com\/fr\/wp-json\/wp\/v2\/users\/2"}],"replies":[{"embeddable":true,"href":"https:\/\/www.europesays.com\/fr\/wp-json\/wp\/v2\/comments?post=507510"}],"version-history":[{"count":0,"href":"https:\/\/www.europesays.com\/fr\/wp-json\/wp\/v2\/posts\/507510\/revisions"}],"wp:featuredmedia":[{"embeddable":true,"href":"https:\/\/www.europesays.com\/fr\/wp-json\/wp\/v2\/media\/507511"}],"wp:attachment":[{"href":"https:\/\/www.europesays.com\/fr\/wp-json\/wp\/v2\/media?parent=507510"}],"wp:term":[{"taxonomy":"category","embeddable":true,"href":"https:\/\/www.europesays.com\/fr\/wp-json\/wp\/v2\/categories?post=507510"},{"taxonomy":"post_tag","embeddable":true,"href":"https:\/\/www.europesays.com\/fr\/wp-json\/wp\/v2\/tags?post=507510"}],"curies":[{"name":"wp","href":"https:\/\/api.w.org\/{rel}","templated":true}]}}